{"id":122016,"date":"2025-08-28T11:41:47","date_gmt":"2025-08-28T11:41:47","guid":{"rendered":"https:\/\/rdnews.al\/?p=122016"},"modified":"2025-08-28T11:41:47","modified_gmt":"2025-08-28T11:41:47","slug":"dite-e-madhe-ne-histori-berisha-personi-qe-loboi-per-non-graten-time-subjekt-i-rico-ai-qe-e-firmosi-non-grata-ne-vendin-e-tij","status":"publish","type":"post","link":"https:\/\/rdnews.al\/index.php\/2025\/08\/28\/dite-e-madhe-ne-histori-berisha-personi-qe-loboi-per-non-graten-time-subjekt-i-rico-ai-qe-e-firmosi-non-grata-ne-vendin-e-tij\/","title":{"rendered":"Dit\u00eb e madhe n\u00eb histori\/ Berisha: Personi q\u00eb loboi p\u00ebr \u201cnon grat\u00ebn\u201d time subjekt i RICO, ai q\u00eb e firmosi, \u201cnon grata\u201d n\u00eb vendin e tij!"},"content":{"rendered":"<p>Kryetari i PD, Sali Berisha, n\u00eb nj\u00eb deklarat\u00eb p\u00ebr mediat, ka komentuar zhvillimet m\u00eb t\u00eb fundit n\u00eb SHBA, duke i cil\u00ebsuar ato si nj\u00eb &#8220;dit\u00eb t\u00eb madhe n\u00eb histori&#8221;.<\/p>\n<p>Berisha tha se, personi q\u00eb loboi p\u00ebr \u201cnon grat\u00ebn\u201d time subjekt i RICO, ai q\u00eb e firmosi, \u201cnon grata\u201d n\u00eb vendin e tij!<\/p>\n<p>\u201cTani, dit\u00eb e madhe n\u00eb histori. Personi q\u00eb loboi p\u00ebr \u2018non grat\u00ebn\u2019 time subjekt i RICO-s. Si t\u00eb duket ty. Ja shife. Nj\u00eb.<\/p>\n<p>Dy, personi q\u00eb firmosi nuk hyn dot n\u00eb asnj\u00eb nd\u00ebrtes\u00eb federative t\u00eb vendit t\u00eb tij. \u2018Non grata\u2019 n\u00eb \u00e7do nd\u00ebrtes\u00eb. Si nj\u00eb mashtrues i madh publik dhe nuk dihet se si do shkoj\u00eb se ka b\u00ebr\u00eb nj\u00eb mashtrim t\u00eb tmerrsh\u00ebm t\u00eb kombit t\u00eb tij.<\/p>\n<p>Ka arritur t\u00eb mbledh\u00eb firmat e 51 personaliteteve m\u00eb t\u00eb larta t\u00eb siguris\u00eb s\u00eb SHBA-s\u00eb, duke u betuar si mashtrues ordiner, se Hunter Biden nuk ka patur n\u00eb jet\u00ebn e tij n\u00eb dor\u00eb laptop dhe laptopin e kan\u00eb hedhur rus\u00ebt. E kupton.<\/p>\n<p>Si t\u00eb duken ty k\u00ebto zhvillime, me thuaj pak. K\u00ebto p\u00ebr mua jan\u00eb zhvillime t\u00eb jasht\u00ebzakonshme, jo vet\u00ebm personale, por p\u00ebr mbar\u00eb SHBA-t\u00eb, partner\u00ebt e tyre dhe mbar\u00eb bot\u00ebn\u201d, tha Berisha.<\/p>\n","protected":false},"excerpt":{"rendered":"<p>Kryetari i PD, Sali Berisha, n\u00eb nj\u00eb deklarat\u00eb p\u00ebr mediat, ka komentuar zhvillimet m\u00eb t\u00eb fundit n\u00eb SHBA, duke i cil\u00ebsuar ato si nj\u00eb &#8220;dit\u00eb t\u00eb madhe n\u00eb histori&#8221;. Berisha tha se, personi q\u00eb loboi p\u00ebr \u201cnon grat\u00ebn\u201d time subjekt i RICO, ai q\u00eb e firmosi, \u201cnon grata\u201d n\u00eb vendin e tij! \u201cTani, dit\u00eb e &hellip;<\/p>\n","protected":false},"author":4,"featured_media":122008,"comment_status":"closed","ping_status":"closed","sticky":false,"template":"","format":"standard","meta":{"footnotes":""},"categories":[37],"tags":[],"class_list":["post-122016","post","type-post","status-publish","format-standard","has-post-thumbnail","","category-politike"],"_links":{"self":[{"href":"https:\/\/rdnews.al\/index.php\/wp-json\/wp\/v2\/posts\/122016","targetHints":{"allow":["GET"]}}],"collection":[{"href":"https:\/\/rdnews.al\/index.php\/wp-json\/wp\/v2\/posts"}],"about":[{"href":"https:\/\/rdnews.al\/index.php\/wp-json\/wp\/v2\/types\/post"}],"author":[{"embeddable":true,"href":"https:\/\/rdnews.al\/index.php\/wp-json\/wp\/v2\/users\/4"}],"replies":[{"embeddable":true,"href":"https:\/\/rdnews.al\/index.php\/wp-json\/wp\/v2\/comments?post=122016"}],"version-history":[{"count":1,"href":"https:\/\/rdnews.al\/index.php\/wp-json\/wp\/v2\/posts\/122016\/revisions"}],"predecessor-version":[{"id":122017,"href":"https:\/\/rdnews.al\/index.php\/wp-json\/wp\/v2\/posts\/122016\/revisions\/122017"}],"wp:featuredmedia":[{"embeddable":true,"href":"https:\/\/rdnews.al\/index.php\/wp-json\/wp\/v2\/media\/122008"}],"wp:attachment":[{"href":"https:\/\/rdnews.al\/index.php\/wp-json\/wp\/v2\/media?parent=122016"}],"wp:term":[{"taxonomy":"category","embeddable":true,"href":"https:\/\/rdnews.al\/index.php\/wp-json\/wp\/v2\/categories?post=122016"},{"taxonomy":"post_tag","embeddable":true,"href":"https:\/\/rdnews.al\/index.php\/wp-json\/wp\/v2\/tags?post=122016"}],"curies":[{"name":"wp","href":"https:\/\/api.w.org\/{rel}","templated":true}]}}