{"id":122068,"date":"2025-08-28T19:04:32","date_gmt":"2025-08-28T19:04:32","guid":{"rendered":"https:\/\/rdnews.al\/?p=122068"},"modified":"2025-08-28T19:04:32","modified_gmt":"2025-08-28T19:04:32","slug":"vritet-me-arme-nje-qytetar-ne-shkoder","status":"publish","type":"post","link":"https:\/\/rdnews.al\/index.php\/2025\/08\/28\/vritet-me-arme-nje-qytetar-ne-shkoder\/","title":{"rendered":"Vritet me arm\u00eb nj\u00eb qytetar n\u00eb Shkod\u00ebr"},"content":{"rendered":"<p>Nj\u00eb 61-vje\u00e7ar me iniciale \u00ebsht\u00eb ekzekutuar mbr\u00ebmjen e k\u00ebsaj t\u00eb enjteje n\u00eb fshatin Abat, n\u00eb zon\u00ebn e Dukagjinit, n\u00eb Shkod\u00ebr.<\/p>\n<p>\u201cRreth or\u00ebs 20:00, n\u00eb fshatin Abat, Shal\u00eb, shtetasi N. M., n\u00eb rrethana ende t\u00eb paqarta, dyshohet se ka vrar\u00eb me arm\u00eb zjarri shtetasin P. P., 61 vje\u00e7\u201d, njofton policia.<\/p>\n<p>Sh\u00ebrbimet e Policis\u00eb jan\u00eb nisur menj\u00ebher\u00eb p\u00ebr n\u00eb fshatin Abat, p\u00ebr t\u00eb b\u00ebr\u00eb t\u00eb mundur kapjen e autorit.<\/p>\n<p>Nd\u00ebrkoh\u00eb, \u00ebsht\u00eb ngritur nj\u00eb grup i posa\u00e7\u00ebm hetimor, p\u00ebr sqarimin e rrethanave dhe dokumentimin ligjor t\u00eb ngjarjes.<\/p>\n","protected":false},"excerpt":{"rendered":"<p>Nj\u00eb 61-vje\u00e7ar me iniciale \u00ebsht\u00eb ekzekutuar mbr\u00ebmjen e k\u00ebsaj t\u00eb enjteje n\u00eb fshatin Abat, n\u00eb zon\u00ebn e Dukagjinit, n\u00eb Shkod\u00ebr. \u201cRreth or\u00ebs 20:00, n\u00eb fshatin Abat, Shal\u00eb, shtetasi N. M., n\u00eb rrethana ende t\u00eb paqarta, dyshohet se ka vrar\u00eb me arm\u00eb zjarri shtetasin P. P., 61 vje\u00e7\u201d, njofton policia. Sh\u00ebrbimet e Policis\u00eb jan\u00eb nisur menj\u00ebher\u00eb &hellip;<\/p>\n","protected":false},"author":4,"featured_media":94267,"comment_status":"closed","ping_status":"closed","sticky":false,"template":"","format":"standard","meta":{"footnotes":""},"categories":[37],"tags":[],"class_list":["post-122068","post","type-post","status-publish","format-standard","has-post-thumbnail","","category-politike"],"_links":{"self":[{"href":"https:\/\/rdnews.al\/index.php\/wp-json\/wp\/v2\/posts\/122068","targetHints":{"allow":["GET"]}}],"collection":[{"href":"https:\/\/rdnews.al\/index.php\/wp-json\/wp\/v2\/posts"}],"about":[{"href":"https:\/\/rdnews.al\/index.php\/wp-json\/wp\/v2\/types\/post"}],"author":[{"embeddable":true,"href":"https:\/\/rdnews.al\/index.php\/wp-json\/wp\/v2\/users\/4"}],"replies":[{"embeddable":true,"href":"https:\/\/rdnews.al\/index.php\/wp-json\/wp\/v2\/comments?post=122068"}],"version-history":[{"count":1,"href":"https:\/\/rdnews.al\/index.php\/wp-json\/wp\/v2\/posts\/122068\/revisions"}],"predecessor-version":[{"id":122069,"href":"https:\/\/rdnews.al\/index.php\/wp-json\/wp\/v2\/posts\/122068\/revisions\/122069"}],"wp:featuredmedia":[{"embeddable":true,"href":"https:\/\/rdnews.al\/index.php\/wp-json\/wp\/v2\/media\/94267"}],"wp:attachment":[{"href":"https:\/\/rdnews.al\/index.php\/wp-json\/wp\/v2\/media?parent=122068"}],"wp:term":[{"taxonomy":"category","embeddable":true,"href":"https:\/\/rdnews.al\/index.php\/wp-json\/wp\/v2\/categories?post=122068"},{"taxonomy":"post_tag","embeddable":true,"href":"https:\/\/rdnews.al\/index.php\/wp-json\/wp\/v2\/tags?post=122068"}],"curies":[{"name":"wp","href":"https:\/\/api.w.org\/{rel}","templated":true}]}}