{"id":122086,"date":"2025-08-29T08:57:39","date_gmt":"2025-08-29T08:57:39","guid":{"rendered":"https:\/\/rdnews.al\/?p=122086"},"modified":"2025-08-29T08:59:11","modified_gmt":"2025-08-29T08:59:11","slug":"termet-peci-minister-i-financave-financat-shqiptare-jane-tashme-te-sigurta","status":"publish","type":"post","link":"https:\/\/rdnews.al\/index.php\/2025\/08\/29\/termet-peci-minister-i-financave-financat-shqiptare-jane-tashme-te-sigurta\/","title":{"rendered":"T\u00ebrmet Pe\u00e7i Minist\u00ebr i Financave! Financat shqiptare tashm\u00eb jan\u00eb t\u00eb sigurta&#8230;"},"content":{"rendered":"<p><strong>Nga\u00a0Boldnews.al<\/strong><\/p>\n<p>Financat shqiptare jan\u00eb tashm\u00eb t\u00eb sigurta, fjal\u00ebt jo dhe aq.<\/p>\n<p>Me riformatimin e kabinetit qeveritar t\u00eb paralajm\u00ebruar nga Rama m\u00eb 11 shtator duket se askush sdo ndihet i habitur kur T\u00ebrmet Pe\u00e7i t\u00eb b\u00ebhet Minist\u00ebr i Financave. Shqip\u00ebria, m\u00eb n\u00eb fund, i ka dh\u00ebn\u00eb vetes at\u00eb q\u00eb meriton: nj\u00eb administrator t\u00eb fondeve publike q\u00eb nuk arrin t\u00eb administroj\u00eb as fjal\u00ebt n\u00eb nj\u00eb fjali.<\/p>\n<p>Termet Pe\u00e7i nuk \u00ebsht\u00eb nj\u00eb p\u00ebrjashtim n\u00eb sistemin politik t\u00eb Shqip\u00ebris\u00eb moderne ai \u00ebsht\u00eb prova e gjall\u00eb se ai sistem punon sakt\u00ebsisht si\u00e7 \u00ebsht\u00eb nd\u00ebrtuar: jo p\u00ebr t\u00eb vler\u00ebsuar dijen, por p\u00ebr t\u00eb shp\u00ebrblyer bindjen. Dhe T\u00ebrmeti me p\u00ebrul\u00ebsin\u00eb e nj\u00eb kadeti t\u00eb zellsh\u00ebm t\u00eb propagand\u00ebs, ka treguar se \u00ebsht\u00eb mjesht\u00ebr n\u00eb k\u00ebt\u00eb fush\u00eb.<\/p>\n<p><strong>P\u00ebrballje apo p\u00ebrpallje? Ja ku fillon reforma fiskale<\/strong><\/p>\n<p>N\u00eb nj\u00eb intervist\u00eb publike, T\u00ebrmet p\u00ebrdori fjal\u00ebn \u201cp\u00ebrpallim sfidat\u201d nj\u00eb fjali q\u00eb n\u00eb \u00e7do vend tjet\u00ebr do t\u00eb mbyllte nj\u00eb karrier\u00eb, por n\u00eb Shqip\u00ebrin e Edi Ram\u00ebs t\u00eb \u00e7el der\u00ebn e nj\u00eb ministrie.<\/p>\n<p>N\u00eb vend q\u00eb t\u00eb ndjej\u00eb turp, ai u kthye n\u00eb nj\u00eb yll mediatik. Sepse n\u00eb Shqip\u00ebri, kur nuk ke \u00e7\u2019tregosh, b\u00ebn zhurm\u00eb. Dhe kur nuk di t\u00eb flas\u00ebsh, brohorit.<\/p>\n<p><strong>Ekonomia me temena: Fjalor i ri p\u00ebr fonde publike<\/strong><\/p>\n<p>Shqip\u00ebria, n\u00ebn qeverisjen Rama, ka par\u00eb shum\u00eb skandale, por pak sa p\u00ebr t\u00eb \u00e7uditur m\u00eb. E megjithat\u00eb, T\u00ebrmet arrin t\u00eb sjell\u00eb nj\u00eb lloj freskie: ai nuk e fsheh var\u00ebsin\u00eb nga shefi, p\u00ebrkundrazi, e kremton at\u00eb. N\u00eb nj\u00eb takim publik e quajti Kryeministrin \u201cKomandant Rama\u201d, nj\u00eb titull q\u00eb i shkon m\u00eb shum\u00eb nj\u00eb kapoje partie sesa nj\u00eb lideri modern.<\/p>\n<p>E si mund t\u00eb mos ishte ai kandidati ideal p\u00ebr Ministrin\u00eb e Financave? A nuk \u00ebsht\u00eb m\u00eb me r\u00ebnd\u00ebsi q\u00eb fondet t\u00eb shkojn\u00eb n\u00eb drejtimin e duhur politik, sesa drejt zhvillimit ekonomik? A nuk \u00ebsht\u00eb m\u00eb e vlefshme propaganda sesa p\u00ebrllogaritja?<\/p>\n<p><strong>Gabimet si merit\u00eb: Kur injoranca nuk t\u00eb ndal, por t\u00eb avancon<\/strong><\/p>\n<p>N\u00eb \u00e7do fjalim publik, T\u00ebrmeti ja del t\u00eb shkaktoj t\u00ebrmet me gafat n\u00eb diskurin e tij.\u00a0 Jo nj\u00eb her\u00eb, por shpesh. Dhe \u00e7do her\u00eb, partia ia kthen nj\u00eb duartrokitje. Sepse n\u00eb k\u00ebt\u00eb regjim, si\u00e7 do t\u00eb thoshte Faik Konica vet\u00eb:\u00a0 \u201cN\u00eb Shqip\u00ebri, lavd\u00ebrohet \u00e7do gomar q\u00eb mbart nj\u00eb flamur n\u00eb kurriz.\u201d<\/p>\n<p>Pe\u00e7i ka menaxhuar projekte bashkiake q\u00eb jan\u00eb kthyer n\u00eb dosje klientelizmi: tendera pa gar\u00eb, troje publike t\u00eb dh\u00ebna p\u00ebr miq, rikonstruksione pa efekt real. Po \u00e7\u2019r\u00ebnd\u00ebsi ka? Ai e di k\u00eb t\u00eb fal\u00ebnderoj\u00eb, k\u00eb t\u2019i p\u00ebrkulet, dhe kujt t\u2019i p\u00ebrkushtohet. Dhe ky \u00ebsht\u00eb thelbi i nj\u00eb karriere t\u00eb suksesshme sot.<\/p>\n<p><strong>Financa pa ekonomi \u2013 por me besnik\u00ebri<\/strong><\/p>\n<p>Dikur, burrat e shtetit flisnin p\u00ebr interes komb\u00ebtar. Sot, burrat e partis\u00eb flasin p\u00ebr interes personal. T\u00ebrmeti\u00a0 \u00ebsht\u00eb produkti m\u00eb i rafinuar i k\u00ebsaj shkolle t\u00eb re politike, ku t\u00eb punosh p\u00ebr publikun \u00ebsht\u00eb humbje kohe, por t\u00eb sh\u00ebrbesh pushtetit \u00ebsht\u00eb investimi m\u00eb i sigurt.<\/p>\n<p>N\u00eb nj\u00eb vend normal, ministrat zgjidhen nga ekspertiza. N\u00eb Shqip\u00ebri, zgjidhen nga aft\u00ebsia p\u00ebr t\u00eb heshtur, p\u00ebr t\u00eb tundur kok\u00ebn dhe p\u00ebr t\u00eb lavd\u00ebruar shefin. Prandaj T\u00ebrmeti\u00a0 \u00ebsht\u00eb kandidat ideal: ai nuk ka asnj\u00eb ide p\u00ebr ekonomin\u00eb, por e di p\u00ebrmend\u00ebsh fjal\u00ebt e Kryeministrit.<\/p>\n<p>Termet Pe\u00e7i nuk \u00ebsht\u00eb rreziku. Ai \u00ebsht\u00eb pasqyra.<\/p>\n<p>Fare mir\u00eb Rama mund t\u00eb bashkoj\u00eb Financat me Ekonomin\u00ea dhe t\u00eb fus T\u00ebrmetin aty, jo vet\u00ebm kaq mund ta b\u00ebj dhe minist\u00ebr t\u00eb Jasht\u00ebm t\u00eb gajasi diplomat\u00ebt e huaj. N\u00eb fund t\u00eb fundit T\u00ebrmeti \u00ebsht\u00eb m\u00eb pak karagjoz se Rama dhe me siguri n\u00eb t\u00eb nj\u00ebjt\u00ebn ekspertiz\u00eb me shefin e tij Komandantin e Lavdish\u00ebm.<\/p>\n","protected":false},"excerpt":{"rendered":"<p>Nga\u00a0Boldnews.al Financat shqiptare jan\u00eb tashm\u00eb t\u00eb sigurta, fjal\u00ebt jo dhe aq. Me riformatimin e kabinetit qeveritar t\u00eb paralajm\u00ebruar nga Rama m\u00eb 11 shtator duket se askush sdo ndihet i habitur kur T\u00ebrmet Pe\u00e7i t\u00eb b\u00ebhet Minist\u00ebr i Financave. Shqip\u00ebria, m\u00eb n\u00eb fund, i ka dh\u00ebn\u00eb vetes at\u00eb q\u00eb meriton: nj\u00eb administrator t\u00eb fondeve publike q\u00eb &hellip;<\/p>\n","protected":false},"author":4,"featured_media":122087,"comment_status":"closed","ping_status":"closed","sticky":false,"template":"","format":"standard","meta":{"footnotes":""},"categories":[37],"tags":[],"class_list":["post-122086","post","type-post","status-publish","format-standard","has-post-thumbnail","","category-politike"],"_links":{"self":[{"href":"https:\/\/rdnews.al\/index.php\/wp-json\/wp\/v2\/posts\/122086","targetHints":{"allow":["GET"]}}],"collection":[{"href":"https:\/\/rdnews.al\/index.php\/wp-json\/wp\/v2\/posts"}],"about":[{"href":"https:\/\/rdnews.al\/index.php\/wp-json\/wp\/v2\/types\/post"}],"author":[{"embeddable":true,"href":"https:\/\/rdnews.al\/index.php\/wp-json\/wp\/v2\/users\/4"}],"replies":[{"embeddable":true,"href":"https:\/\/rdnews.al\/index.php\/wp-json\/wp\/v2\/comments?post=122086"}],"version-history":[{"count":2,"href":"https:\/\/rdnews.al\/index.php\/wp-json\/wp\/v2\/posts\/122086\/revisions"}],"predecessor-version":[{"id":122089,"href":"https:\/\/rdnews.al\/index.php\/wp-json\/wp\/v2\/posts\/122086\/revisions\/122089"}],"wp:featuredmedia":[{"embeddable":true,"href":"https:\/\/rdnews.al\/index.php\/wp-json\/wp\/v2\/media\/122087"}],"wp:attachment":[{"href":"https:\/\/rdnews.al\/index.php\/wp-json\/wp\/v2\/media?parent=122086"}],"wp:term":[{"taxonomy":"category","embeddable":true,"href":"https:\/\/rdnews.al\/index.php\/wp-json\/wp\/v2\/categories?post=122086"},{"taxonomy":"post_tag","embeddable":true,"href":"https:\/\/rdnews.al\/index.php\/wp-json\/wp\/v2\/tags?post=122086"}],"curies":[{"name":"wp","href":"https:\/\/api.w.org\/{rel}","templated":true}]}}