{"id":122095,"date":"2025-08-29T10:18:45","date_gmt":"2025-08-29T10:18:45","guid":{"rendered":"https:\/\/rdnews.al\/?p=122095"},"modified":"2025-08-29T18:04:05","modified_gmt":"2025-08-29T18:04:05","slug":"e-ngarkuara-me-pune-e-shteteve-te-bashkuara-nuk-takohet-me-ramen","status":"publish","type":"post","link":"https:\/\/rdnews.al\/index.php\/2025\/08\/29\/e-ngarkuara-me-pune-e-shteteve-te-bashkuara-nuk-takohet-me-ramen\/","title":{"rendered":"E Ngarkuara me Pun\u00eb e Shteteve t\u00eb Bashkuara nuk takohet me Ram\u00ebn"},"content":{"rendered":"<div class=\"first-paragraph\">\n<p>E ngarkuara me pun\u00eb e Shteteve t\u00eb Bashkuara t\u00eb Amerik\u00ebs n\u00eb vendin ton\u00eb, Nancy Vanhorn zhvilloi nj\u00eb takim n\u00eb kryeministri, ku q\u00ebndroi p\u00ebrreth 20 minuta.<\/p>\n<\/div>\n<p>Mediat e qeveris\u00eb &#8220;Report&#8221; japin lajmin\u00a0 se Vanhorn nuk \u00ebsht\u00eb takuar me Ram\u00ebn, por \u00ebsht\u00eb takuar me drejtoresh\u00ebn e kabinetit qeveritar, Vali Bizhga.<\/p>\n<p>N\u00ebse \u00ebsht\u00eb i v\u00ebrtet\u00eb lajmi q\u00eb ka dal\u00eb n\u00eb mediat e Ram\u00ebs se e Ngarkurara me Pun\u00eb e Shteteve t\u00eb Bashkuara nuk \u00ebsht\u00eb takuar me Ram\u00ebn at\u00ebhere kjo ngre disa pik\u00ebpyetje.<\/p>\n<p>A ishte Rama q\u00eb refuzoi t\u00eb pres\u00eb n\u00eb takim diplomaten amerikane, apo diplomatja amerikane refuzoi t\u00eb takoj\u00eb at\u00eb dhe ti d\u00ebrgoj\u00eb nj\u00eb mesazh politik me Shefen e Kabinetit?<\/p>\n<p>Kur Nancy Vanhorn mori detyr\u00ebn n\u00eb Tiran\u00eb gjat\u00eb administrat\u00ebs s\u00eb map\u00ebrshme, ajo u prit n\u00eb takim nga Rama, nd\u00ebrsa tani q\u00eb Shtetet e Bashkuara kan\u00eb nj\u00eb administart\u00eb t\u00eb re, Rama nuk e takon diplomaten amerikane!<\/p>\n","protected":false},"excerpt":{"rendered":"<p>E ngarkuara me pun\u00eb e Shteteve t\u00eb Bashkuara t\u00eb Amerik\u00ebs n\u00eb vendin ton\u00eb, Nancy Vanhorn zhvilloi nj\u00eb takim n\u00eb kryeministri, ku q\u00ebndroi p\u00ebrreth 20 minuta. Mediat e qeveris\u00eb &#8220;Report&#8221; japin lajmin\u00a0 se Vanhorn nuk \u00ebsht\u00eb takuar me Ram\u00ebn, por \u00ebsht\u00eb takuar me drejtoresh\u00ebn e kabinetit qeveritar, Vali Bizhga. N\u00ebse \u00ebsht\u00eb i v\u00ebrtet\u00eb lajmi q\u00eb ka &hellip;<\/p>\n","protected":false},"author":3,"featured_media":122096,"comment_status":"closed","ping_status":"closed","sticky":false,"template":"","format":"standard","meta":{"footnotes":""},"categories":[40],"tags":[],"class_list":["post-122095","post","type-post","status-publish","format-standard","has-post-thumbnail","","category-aktualitet"],"_links":{"self":[{"href":"https:\/\/rdnews.al\/index.php\/wp-json\/wp\/v2\/posts\/122095","targetHints":{"allow":["GET"]}}],"collection":[{"href":"https:\/\/rdnews.al\/index.php\/wp-json\/wp\/v2\/posts"}],"about":[{"href":"https:\/\/rdnews.al\/index.php\/wp-json\/wp\/v2\/types\/post"}],"author":[{"embeddable":true,"href":"https:\/\/rdnews.al\/index.php\/wp-json\/wp\/v2\/users\/3"}],"replies":[{"embeddable":true,"href":"https:\/\/rdnews.al\/index.php\/wp-json\/wp\/v2\/comments?post=122095"}],"version-history":[{"count":4,"href":"https:\/\/rdnews.al\/index.php\/wp-json\/wp\/v2\/posts\/122095\/revisions"}],"predecessor-version":[{"id":122106,"href":"https:\/\/rdnews.al\/index.php\/wp-json\/wp\/v2\/posts\/122095\/revisions\/122106"}],"wp:featuredmedia":[{"embeddable":true,"href":"https:\/\/rdnews.al\/index.php\/wp-json\/wp\/v2\/media\/122096"}],"wp:attachment":[{"href":"https:\/\/rdnews.al\/index.php\/wp-json\/wp\/v2\/media?parent=122095"}],"wp:term":[{"taxonomy":"category","embeddable":true,"href":"https:\/\/rdnews.al\/index.php\/wp-json\/wp\/v2\/categories?post=122095"},{"taxonomy":"post_tag","embeddable":true,"href":"https:\/\/rdnews.al\/index.php\/wp-json\/wp\/v2\/tags?post=122095"}],"curies":[{"name":"wp","href":"https:\/\/api.w.org\/{rel}","templated":true}]}}