{"id":122098,"date":"2025-08-29T10:21:09","date_gmt":"2025-08-29T10:21:09","guid":{"rendered":"https:\/\/rdnews.al\/?p=122098"},"modified":"2025-08-29T10:21:09","modified_gmt":"2025-08-29T10:21:09","slug":"fenerbahce-shkarkon-jose-mourinhon","status":"publish","type":"post","link":"https:\/\/rdnews.al\/index.php\/2025\/08\/29\/fenerbahce-shkarkon-jose-mourinhon\/","title":{"rendered":"Fenerbahce shkarkon Jose Mourinhon"},"content":{"rendered":"<p><strong>Fenerbahce ka njoftuar zyrtarisht se \u00ebsht\u00eb ndar\u00eb nga trajneri Jose Mourinho pas nj\u00eb sezoni n\u00eb t\u00eb cilin klubi turk p\u00ebrfundoi i dyti n\u00eb Superlig\u00eb e Turqis\u00eb, duke mbetur larg titullit t\u00eb lig\u00ebs.<\/strong><\/p>\n<p>Mandati i Mourinhos filloi me premtime, por u eklipsua nga konfliktet e brendshme, mosmarr\u00ebveshjet publike dhe nj\u00eb eliminim i parakohsh\u00ebm nga raundet kualifikuese t\u00eb Lig\u00ebs s\u00eb Kampion\u00ebve.<\/p>\n<div class=\"teads-inread sm-screen teads-display-format\">\n<div>\n<div id=\"teads0\" class=\"teads-player\">Goditja p\u00ebrfundimtare erdhi pasi Fenerbahce humbi 1-0 n\u00eb total ndaj Benficas n\u00eb faz\u00ebn eliminatore, duke e l\u00ebn\u00eb klubin pa gar\u00ebn elitare evropiane p\u00ebr t\u00eb pestin vit radhazi.<\/div>\n<\/div>\n<\/div>\n<p>Mourinho deklaroi se Fenerbahce ishte mposhtur nga nj\u00eb ekip m\u00eb i fort\u00eb dhe shmangu faj\u00ebsimin e incidenteve individuale, t\u00eb tilla si l\u00ebndimet ose karton\u00ebt e kuq, p\u00ebr humbjen.<\/p>\n<div class=\"twitter-tweet twitter-tweet-rendered\"><iframe id=\"twitter-widget-0\" class=\"\" title=\"X Post\" src=\"https:\/\/platform.twitter.com\/embed\/Tweet.html?creatorScreenName=Telegrafisti&amp;dnt=false&amp;embedId=twitter-widget-0&amp;features=eyJ0ZndfdGltZWxpbmVfbGlzdCI6eyJidWNrZXQiOltdLCJ2ZXJzaW9uIjpudWxsfSwidGZ3X2ZvbGxvd2VyX2NvdW50X3N1bnNldCI6eyJidWNrZXQiOnRydWUsInZlcnNpb24iOm51bGx9LCJ0ZndfdHdlZXRfZWRpdF9iYWNrZW5kIjp7ImJ1Y2tldCI6Im9uIiwidmVyc2lvbiI6bnVsbH0sInRmd19yZWZzcmNfc2Vzc2lvbiI6eyJidWNrZXQiOiJvbiIsInZlcnNpb24iOm51bGx9LCJ0ZndfZm9zbnJfc29mdF9pbnRlcnZlbnRpb25zX2VuYWJsZWQiOnsiYnVja2V0Ijoib24iLCJ2ZXJzaW9uIjpudWxsfSwidGZ3X21peGVkX21lZGlhXzE1ODk3Ijp7ImJ1Y2tldCI6InRyZWF0bWVudCIsInZlcnNpb24iOm51bGx9LCJ0ZndfZXhwZXJpbWVudHNfY29va2llX2V4cGlyYXRpb24iOnsiYnVja2V0IjoxMjA5NjAwLCJ2ZXJzaW9uIjpudWxsfSwidGZ3X3Nob3dfYmlyZHdhdGNoX3Bpdm90c19lbmFibGVkIjp7ImJ1Y2tldCI6Im9uIiwidmVyc2lvbiI6bnVsbH0sInRmd19kdXBsaWNhdGVfc2NyaWJlc190b19zZXR0aW5ncyI6eyJidWNrZXQiOiJvbiIsInZlcnNpb24iOm51bGx9LCJ0ZndfdXNlX3Byb2ZpbGVfaW1hZ2Vfc2hhcGVfZW5hYmxlZCI6eyJidWNrZXQiOiJvbiIsInZlcnNpb24iOm51bGx9LCJ0ZndfdmlkZW9faGxzX2R5bmFtaWNfbWFuaWZlc3RzXzE1MDgyIjp7ImJ1Y2tldCI6InRydWVfYml0cmF0ZSIsInZlcnNpb24iOm51bGx9LCJ0ZndfbGVnYWN5X3RpbWVsaW5lX3N1bnNldCI6eyJidWNrZXQiOnRydWUsInZlcnNpb24iOm51bGx9LCJ0ZndfdHdlZXRfZWRpdF9mcm9udGVuZCI6eyJidWNrZXQiOiJvbiIsInZlcnNpb24iOm51bGx9fQ%3D%3D&amp;frame=false&amp;hideCard=false&amp;hideThread=false&amp;id=1961331437807763785&amp;lang=en&amp;origin=https%3A%2F%2Ftelegrafi.com%2Fzyrtare-fenerbahce-shkarkon-jose-mourinhon%2F&amp;sessionId=42bc886e77a08d89dccac3602cdd8c5417b2e60d&amp;siteScreenName=Telegrafisti&amp;theme=light&amp;widgetsVersion=2615f7e52b7e0%3A1702314776716&amp;width=550px\" frameborder=\"0\" scrolling=\"no\" allowfullscreen=\"allowfullscreen\" data-tweet-id=\"1961331437807763785\" data-mce-fragment=\"1\"><\/iframe><\/div>\n<p>Megjithat\u00eb, drejtuesit e klubit jan\u00eb ngopur tashm\u00eb dhe kan\u00eb njoftuar zyrtarisht shkarkimin e tij.<\/p>\n<p>\u201cJemi ndar\u00eb nga Jose Mourinho, i cili ka sh\u00ebrbyer si trajner i Ekipit ton\u00eb Profesional t\u00eb Futbollit A q\u00eb nga sezoni 2024-2025\u201d.<\/p>\n<p>\u201cE fal\u00ebnderojm\u00eb p\u00ebr p\u00ebrpjekjet e tij p\u00ebr ekipin ton\u00eb dhe i urojm\u00eb suksese n\u00eb karrier\u00ebn e tij t\u00eb ardhshme\u201d, thuhet n\u00eb njoftimin e klubit turk.<\/p>\n","protected":false},"excerpt":{"rendered":"<p>Fenerbahce ka njoftuar zyrtarisht se \u00ebsht\u00eb ndar\u00eb nga trajneri Jose Mourinho pas nj\u00eb sezoni n\u00eb t\u00eb cilin klubi turk p\u00ebrfundoi i dyti n\u00eb Superlig\u00eb e Turqis\u00eb, duke mbetur larg titullit t\u00eb lig\u00ebs. Mandati i Mourinhos filloi me premtime, por u eklipsua nga konfliktet e brendshme, mosmarr\u00ebveshjet publike dhe nj\u00eb eliminim i parakohsh\u00ebm nga raundet kualifikuese &hellip;<\/p>\n","protected":false},"author":4,"featured_media":122099,"comment_status":"closed","ping_status":"closed","sticky":false,"template":"","format":"standard","meta":{"footnotes":""},"categories":[39],"tags":[],"class_list":["post-122098","post","type-post","status-publish","format-standard","has-post-thumbnail","","category-sport"],"_links":{"self":[{"href":"https:\/\/rdnews.al\/index.php\/wp-json\/wp\/v2\/posts\/122098","targetHints":{"allow":["GET"]}}],"collection":[{"href":"https:\/\/rdnews.al\/index.php\/wp-json\/wp\/v2\/posts"}],"about":[{"href":"https:\/\/rdnews.al\/index.php\/wp-json\/wp\/v2\/types\/post"}],"author":[{"embeddable":true,"href":"https:\/\/rdnews.al\/index.php\/wp-json\/wp\/v2\/users\/4"}],"replies":[{"embeddable":true,"href":"https:\/\/rdnews.al\/index.php\/wp-json\/wp\/v2\/comments?post=122098"}],"version-history":[{"count":1,"href":"https:\/\/rdnews.al\/index.php\/wp-json\/wp\/v2\/posts\/122098\/revisions"}],"predecessor-version":[{"id":122100,"href":"https:\/\/rdnews.al\/index.php\/wp-json\/wp\/v2\/posts\/122098\/revisions\/122100"}],"wp:featuredmedia":[{"embeddable":true,"href":"https:\/\/rdnews.al\/index.php\/wp-json\/wp\/v2\/media\/122099"}],"wp:attachment":[{"href":"https:\/\/rdnews.al\/index.php\/wp-json\/wp\/v2\/media?parent=122098"}],"wp:term":[{"taxonomy":"category","embeddable":true,"href":"https:\/\/rdnews.al\/index.php\/wp-json\/wp\/v2\/categories?post=122098"},{"taxonomy":"post_tag","embeddable":true,"href":"https:\/\/rdnews.al\/index.php\/wp-json\/wp\/v2\/tags?post=122098"}],"curies":[{"name":"wp","href":"https:\/\/api.w.org\/{rel}","templated":true}]}}