{"id":122103,"date":"2025-08-29T10:28:24","date_gmt":"2025-08-29T10:28:24","guid":{"rendered":"https:\/\/rdnews.al\/?p=122103"},"modified":"2025-08-29T10:28:24","modified_gmt":"2025-08-29T10:28:24","slug":"nyt-ushtria-izraelite-e-rraskapitur-ushtaret-dezertojne-masivisht","status":"publish","type":"post","link":"https:\/\/rdnews.al\/index.php\/2025\/08\/29\/nyt-ushtria-izraelite-e-rraskapitur-ushtaret-dezertojne-masivisht\/","title":{"rendered":"NYT: Ushtria izraelite e rraskapitur, ushtar\u00ebt dezertojn\u00eb masivisht"},"content":{"rendered":"<p><strong>Pas qindra dit\u00ebsh sh\u00ebrbimi ushtarak rraskapit\u00ebs, numri i rezervist\u00ebve izraelit\u00eb q\u00eb paraqiten p\u00ebr detyr\u00eb \u00ebsht\u00eb ulur, nd\u00ebrsa t\u00eb tjer\u00eb refuzojn\u00eb t\u00eb luftojn\u00eb n\u00eb nj\u00eb luft\u00eb n\u00eb t\u00eb cil\u00ebn m\u00eb nuk besojn\u00eb, raportoi\u00a0<a href=\"https:\/\/www.nytimes.com\/2025\/08\/28\/world\/middleeast\/israels-exhausted-reservists-gaza.html\" target=\"_blank\" rel=\"noopener\">The New York Times<\/a>.<\/strong><\/p>\n<p>Izraeli po p\u00ebrgatitet t\u00eb th\u00ebrras\u00eb dhjet\u00ebra mij\u00ebra rezervist\u00eb p\u00ebr nj\u00eb pushtim t\u00eb Gaz\u00ebs, por zyrtar\u00ebt ushtarak\u00eb pranojn\u00eb se nuk \u00ebsht\u00eb e qart\u00eb se sa prej tyre do t\u2019i p\u00ebrgjigjen thirrjes pas pothuajse dy vitesh lufte.<\/p>\n<p>N\u00eb muajt e fundit, nj\u00eb num\u00ebr gjithnj\u00eb e m\u00eb i madh rezervist\u00ebsh izraelit\u00eb nuk jan\u00eb paraqitur n\u00eb detyr\u00eb. Disa p\u00ebrmendin lodhjen, nevoj\u00ebn p\u00ebr t\u00eb shp\u00ebtuar martesat e tensionuara apo karrierat e rrezikuara, nd\u00ebrsa t\u00eb tjer\u00eb shprehin nj\u00eb zhg\u00ebnjim n\u00eb rritje ndaj luft\u00ebs.<\/p>\n<p>Pak\u00ebnaq\u00ebsia n\u00eb rritje brenda radh\u00ebve t\u00eb ushtris\u00eb rrezikon t\u00eb komplikoj\u00eb planin e kryeministrit izraelit, Benjamin Netanyahu p\u00ebr t\u00eb pushtuar Gaz\u00ebn, n\u00eb p\u00ebrpjekje p\u00ebr t\u00eb \u201cshkat\u00ebrruar vendosm\u00ebrisht\u201d Hamasin, nd\u00ebrkoh\u00eb q\u00eb ushtria ka njoftuar se planifikon t\u00eb th\u00ebrras\u00eb edhe 60 mij\u00eb rezervist\u00eb t\u00eb tjer\u00eb dhe t\u00eb zgjas\u00eb sh\u00ebrbimin p\u00ebr 20 mij\u00eb t\u00eb tjer\u00eb.<\/p>\n<p>P\u00ebrve\u00e7 luft\u00ebs n\u00eb Gaza, ushtria izraelite vazhdon t\u00eb jet\u00eb e angazhuar edhe n\u00eb disa fronte t\u00eb tjera, me ushtar\u00ebt q\u00eb kryejn\u00eb sulme dhe patrullime n\u00eb pjes\u00eb t\u00eb jugut t\u00eb Libanit dhe Siris\u00eb, nd\u00ebrsa nj\u00ebkoh\u00ebsisht intensifikojn\u00eb inkursionet n\u00eb qytete palestineze n\u00eb gjith\u00eb Bregun Per\u00ebndimor.<\/p>\n<p><img loading=\"lazy\" decoding=\"async\" class=\"alignnone size-full wp-image-4360265\" src=\"https:\/\/telegrafi.com\/wp-content\/uploads\/2025\/08\/Screenshot_1-108.jpg\" alt=\"\" width=\"625\" height=\"416\" \/><\/p>\n<p>Mungesa e t\u00eb dh\u00ebnave zyrtare p\u00ebr t\u00ebrheqjen e rezervist\u00ebve nga ushtria izraelite e ka fshehur shkall\u00ebn e v\u00ebrtet\u00eb t\u00eb k\u00ebtij fenomeni. V\u00ebshtir\u00ebsit\u00eb n\u00eb matjen e tij u ilustruan n\u00eb muajin maj gjat\u00eb nj\u00eb d\u00ebshmie t\u00eb nj\u00eb zyrtari t\u00eb lart\u00eb ushtarak para nj\u00eb komisioni parlamentar, ku ai pranoi nj\u00eb r\u00ebnie t\u00eb caktuar n\u00eb num\u00ebr, por k\u00ebmb\u00ebnguli se shumica d\u00ebrrmuese e rezervist\u00ebve ende po i p\u00ebrgjigjen thirrjes p\u00ebr detyr\u00eb.<\/p>\n<p>Kat\u00ebr ushtar\u00eb q\u00eb kan\u00eb folur muajt e fundit p\u00ebr The New York Times than\u00eb se morali n\u00eb nj\u00ebsit\u00eb e tyre mbetet i lart\u00eb dhe se vullneti p\u00ebr t\u00eb luftuar vazhdon t\u00eb jet\u00eb i pranish\u00ebm. Megjithat\u00eb, nj\u00eb duzin\u00eb oficer\u00ebsh dhe ushtar\u00ebsh t\u00eb tjer\u00eb p\u00ebrshkruan nj\u00ebsi t\u00eb rraskapitura dhe t\u00eb dob\u00ebsuara, dhe t\u00eb pakt\u00ebn dy prej tyre pohuan se 40 deri n\u00eb 50 p\u00ebr qind e koleg\u00ebve t\u00eb tyre rezervist\u00eb nuk jan\u00eb kthyer m\u00eb n\u00eb detyr\u00eb.<\/p>\n<p>Nj\u00eb ushtar raportoi se pjes\u00ebmarrja n\u00eb \u00e7et\u00ebn e tij prej 100 vetash kishte r\u00ebn\u00eb gradualisht n\u00eb vet\u00ebm 60 p\u00ebr qind \u2013 nj\u00eb r\u00ebnie q\u00eb ai dhe t\u00eb tjer\u00ebt ia atribuuan tensioneve t\u00eb brendshme n\u00eb rritje p\u00ebr kujdesin ndaj f\u00ebmij\u00ebve, v\u00ebshtir\u00ebsive n\u00eb rritje n\u00eb karrierat civile dhe shqet\u00ebsimeve gjithnj\u00eb e m\u00eb t\u00eb m\u00ebdha p\u00ebr sh\u00ebndetin mendor. Ai vuri re gjithashtu se ushtria izraelite ka nisur t\u00eb ofroj\u00eb stimuj p\u00ebr rezervist\u00ebt, ku nj\u00ebsit\u00eb e tyre dislokohen p\u00ebr shtat\u00eb dit\u00eb, e m\u00eb pas marrin dy jav\u00eb pushim me pages\u00eb.<\/p>\n<p>Nj\u00eb tjet\u00ebr ushtar k\u00ebmb\u00ebsorie tregoi se vet\u00ebm gjysma e skuadr\u00ebs s\u00eb tij u paraqit n\u00eb mobilizimin m\u00eb t\u00eb fundit n\u00eb fund t\u00eb vitit t\u00eb kaluar. Nj\u00eb komandant tjet\u00ebr i nj\u00eb toge rezerviste shtoi se, edhe pse ushtar\u00ebt e tij ende paraqiten n\u00eb detyr\u00eb, ai e di q\u00eb ka oficer\u00eb t\u00eb tjer\u00eb q\u00eb po p\u00ebrballen me norma pjes\u00ebmarrjeje t\u00eb r\u00ebna deri n\u00eb 40 p\u00ebr qind.<strong>\u00a0<\/strong><\/p>\n","protected":false},"excerpt":{"rendered":"<p>Pas qindra dit\u00ebsh sh\u00ebrbimi ushtarak rraskapit\u00ebs, numri i rezervist\u00ebve izraelit\u00eb q\u00eb paraqiten p\u00ebr detyr\u00eb \u00ebsht\u00eb ulur, nd\u00ebrsa t\u00eb tjer\u00eb refuzojn\u00eb t\u00eb luftojn\u00eb n\u00eb nj\u00eb luft\u00eb n\u00eb t\u00eb cil\u00ebn m\u00eb nuk besojn\u00eb, raportoi\u00a0The New York Times. Izraeli po p\u00ebrgatitet t\u00eb th\u00ebrras\u00eb dhjet\u00ebra mij\u00ebra rezervist\u00eb p\u00ebr nj\u00eb pushtim t\u00eb Gaz\u00ebs, por zyrtar\u00ebt ushtarak\u00eb pranojn\u00eb se nuk \u00ebsht\u00eb &hellip;<\/p>\n","protected":false},"author":4,"featured_media":122104,"comment_status":"closed","ping_status":"closed","sticky":false,"template":"","format":"standard","meta":{"footnotes":""},"categories":[38],"tags":[],"class_list":["post-122103","post","type-post","status-publish","format-standard","has-post-thumbnail","","category-bota"],"_links":{"self":[{"href":"https:\/\/rdnews.al\/index.php\/wp-json\/wp\/v2\/posts\/122103","targetHints":{"allow":["GET"]}}],"collection":[{"href":"https:\/\/rdnews.al\/index.php\/wp-json\/wp\/v2\/posts"}],"about":[{"href":"https:\/\/rdnews.al\/index.php\/wp-json\/wp\/v2\/types\/post"}],"author":[{"embeddable":true,"href":"https:\/\/rdnews.al\/index.php\/wp-json\/wp\/v2\/users\/4"}],"replies":[{"embeddable":true,"href":"https:\/\/rdnews.al\/index.php\/wp-json\/wp\/v2\/comments?post=122103"}],"version-history":[{"count":1,"href":"https:\/\/rdnews.al\/index.php\/wp-json\/wp\/v2\/posts\/122103\/revisions"}],"predecessor-version":[{"id":122105,"href":"https:\/\/rdnews.al\/index.php\/wp-json\/wp\/v2\/posts\/122103\/revisions\/122105"}],"wp:featuredmedia":[{"embeddable":true,"href":"https:\/\/rdnews.al\/index.php\/wp-json\/wp\/v2\/media\/122104"}],"wp:attachment":[{"href":"https:\/\/rdnews.al\/index.php\/wp-json\/wp\/v2\/media?parent=122103"}],"wp:term":[{"taxonomy":"category","embeddable":true,"href":"https:\/\/rdnews.al\/index.php\/wp-json\/wp\/v2\/categories?post=122103"},{"taxonomy":"post_tag","embeddable":true,"href":"https:\/\/rdnews.al\/index.php\/wp-json\/wp\/v2\/tags?post=122103"}],"curies":[{"name":"wp","href":"https:\/\/api.w.org\/{rel}","templated":true}]}}