{"id":122157,"date":"2025-08-30T09:50:55","date_gmt":"2025-08-30T09:50:55","guid":{"rendered":"https:\/\/rdnews.al\/?p=122157"},"modified":"2025-08-30T09:50:55","modified_gmt":"2025-08-30T09:50:55","slug":"kush-ia-ka-vene-syrin-kepit-te-rodonit","status":"publish","type":"post","link":"https:\/\/rdnews.al\/index.php\/2025\/08\/30\/kush-ia-ka-vene-syrin-kepit-te-rodonit\/","title":{"rendered":"Kush ia ka v\u00ebn\u00eb syrin Kepit t\u00eb Rodonit?"},"content":{"rendered":"<p>N\u00eb nj\u00eb distanc\u00eb prej 300 metrash, nj\u00eb resort \u00ebsht\u00eb prishur me t\u00eb drejt\u00eb dhe nj\u00eb tjet\u00ebr po ngrihet me leje qeveritare. Gjith\u00e7ka ka ndodhur n\u00eb zon\u00ebn e shum\u00eb preferuar t\u00eb Kepit t\u00eb Rodonit, ku biznesmen\u00eb, politikan\u00eb dhe grupe kriminale ia kan\u00eb v\u00ebn\u00eb syrin prej koh\u00ebsh. Madje, me vendime tep\u00ebr t\u00eb diskutuara edhe nga gjykata apo Kadastra, nj\u00eb sip\u00ebrfaqe e st\u00ebrmadhe pyll shtet\u00ebror i \u00ebsht\u00eb dh\u00ebn\u00eb individ\u00ebve me lidhje shum\u00eb t\u00eb forta.<\/p>\n<p>Aksioni i IKMT-s\u00eb n\u00eb Kepin e Rodonit ka vijuar prej disa dit\u00ebsh, ku fillimisht jan\u00eb prishur nd\u00ebrtesat e \u201cArbeni Resort\u201d, i cili mori leje t\u00eb ve\u00e7ant\u00eb nga ish-kryetari i Bashkis\u00eb s\u00eb Durr\u00ebsit, Vangjush Dako, nd\u00ebrkoh\u00eb q\u00eb m\u00eb 29 gusht u prish me tritol resorti i Ardian Halilit, ish-kreu i IMT-s\u00eb n\u00eb Durr\u00ebs.<\/p>\n<p>Qeveria i ka konsideruar aksionet e prishjeve p\u00ebr t\u00eb ruajtur natyr\u00ebn dhe peizazhin e bukur t\u00eb Kepit t\u00eb Rodonit. Por, jo m\u00eb larg se 300 metra nga resorti i Halilit, vet\u00eb qeveria ka dh\u00ebn\u00eb nj\u00eb sup\u00ebr leje p\u00ebr ngritjen e nj\u00eb tjet\u00ebr resorti. Rreth 40 nd\u00ebrtesa, vila dhe hotele, po nd\u00ebrtohen n\u00eb nj\u00eb zon\u00eb pyjore.<\/p>\n<p><img loading=\"lazy\" decoding=\"async\" class=\"\" src=\"https:\/\/cdnimpuls.com\/voxnews.al\/media3\/-640-0-vendimi-i-kkt-se-i-zbardhur-javet-e-fundit-1756497996.jpeg\" alt=\"Nj\u00eb resort bie me tritol, nj\u00eb tjet\u00ebr ngrihet me leje qeveritare\" width=\"453\" height=\"452\" data-pin-no-hover=\"true\" \/><img loading=\"lazy\" decoding=\"async\" class=\"\" src=\"https:\/\/cdnimpuls.com\/voxnews.al\/media3\/-640-0-resorti-do-te-ngrihet-ne-nje-siperfaqe-prej-36-hektaresh-ku-do-te-ndertohen-rreth-40-godina-1756497999.jpeg\" alt=\"Nj\u00eb resort bie me tritol, nj\u00eb tjet\u00ebr ngrihet me leje qeveritare\" width=\"477\" height=\"211\" data-pin-no-hover=\"true\" \/><\/p>\n<p><em>Faksimile: Vendimi i KKT-s\u00eb i zbardhur jav\u00ebt e fundit<\/em><\/p>\n<p>Sipas dokumenteve q\u00eb disponon redaksia e VoxNews, n\u00eb fund t\u00eb vitit 2024 \u00ebsht\u00eb dh\u00ebn\u00eb \u201cmiratimi me kusht i lejes s\u00eb nd\u00ebrtimit p\u00ebr objektin \u2018kompleks turistik hoteleri, vila dhe apartamente 2, 3 dhe 4 kate mbi tok\u00eb me 1 dhe 2 kate n\u00ebntok\u00eb, me vendndodhje n\u00eb Shetaj, Bashkia Durr\u00ebs\u201d.<\/p>\n<p>N\u00eb k\u00ebt\u00eb vendim, sakt\u00ebsohet se subjekt zhvillues \u00ebsht\u00eb shoq\u00ebria \u201cM\u00cb Plan\u201d sh.p.k, n\u00eb pron\u00ebsi t\u00eb nj\u00eb pensioniste 74 vje\u00e7are. Koh\u00eb m\u00eb par\u00eb, zonja e kishte l\u00ebn\u00eb profesionin e inxhinieres s\u00eb nd\u00ebrtimit, nd\u00ebrkoh\u00eb q\u00eb m\u00eb von\u00eb mori edhe super lejen n\u00eb Shetaj.<\/p>\n<p>Banor\u00ebt e zon\u00ebs, t\u00eb pyetur nga VoxNews, treguan se resorti n\u00eb fjal\u00eb njihet si i \u201caustriak\u00ebve\u201d. Nuk ka t\u00eb dh\u00ebna se kush q\u00ebndron pas pronares, nd\u00ebrkoh\u00eb q\u00eb n\u00eb media vazhdimisht jan\u00eb lakuar emra nga bota e krimit apo edhe e politik\u00ebs p\u00ebr influenca n\u00eb t\u00eb gjith\u00eb Kepin e Rodonit.<\/p>\n<p><img loading=\"lazy\" decoding=\"async\" class=\"\" src=\"https:\/\/cdnimpuls.com\/voxnews.al\/media3\/-640-0-vendimi-i-kkt-se-i-zbardhur-javet-e-fundit-2-1756497997.jpeg\" alt=\"Nj\u00eb resort bie me tritol, nj\u00eb tjet\u00ebr ngrihet me leje qeveritare\" width=\"745\" height=\"391\" data-pin-no-hover=\"true\" \/><\/p>\n<p><em>Faksimile: Resorti do t\u00eb ngrihet n\u00eb nj\u00eb sip\u00ebrfaqe prej 3.6 hektar\u00ebsh, ku do t\u00eb nd\u00ebrtohen rreth 40 godina<\/em><\/p>\n<p>Redaksia jon\u00eb shfletoi dokumentet shoq\u00ebruese, ku rezulton se firma do t\u00eb nd\u00ebrtoj\u00eb rreth 40 godina, vila, bare-restorante dhe hotele. Ato shtrihen n\u00eb nj\u00eb terren t\u00eb pjerr\u00ebt, me pamje nga Deti Adriatik.<\/p>\n<p>Nd\u00ebrkoh\u00eb, sipas fotove t\u00eb projektit, nd\u00ebrtimet do t\u00eb b\u00ebhen ngjitur me nj\u00eb zon\u00eb pyjore, ku ka informacione se edhe ajo po tjet\u00ebrsohet dhe shum\u00eb shpejt do t\u00eb \u201cmbijn\u00eb\u201d t\u00eb tjera vila.<\/p>\n<p><img decoding=\"async\" src=\"https:\/\/r2.cdnimpuls.com\/voxnews.al\/media3\/ne-numrin-1-eshte-resorti-i-ish-kreut-te-imt-se-qe-u-prish-dhe-ne-numrin-2-eshte-trualli-ku-po-ndertohet-resorti-me-leje-qeveritare-1756497998.jpeg\" alt=\"Nj\u00eb resort bie me tritol, nj\u00eb tjet\u00ebr ngrihet me leje qeveritare\" data-pin-no-hover=\"true\" \/><\/p>\n<p><em>N\u00eb numrin \u201c1\u201d \u00ebsht\u00eb resorti i ish-kreut t\u00eb IMT-s\u00eb q\u00eb u prish dhe n\u00eb numrin \u201c2\u201d \u00ebsht\u00eb trualli ku po nd\u00ebrtohet resorti me leje qeveritare<\/em><\/p>\n<p>Aksioni i IKMT-s\u00eb \u00ebsht\u00eb padyshim i vonuar. Madje \u00ebsht\u00eb i drejt\u00eb edhe procedimi i Ardian Halilit, ish-kreut t\u00eb IMT-s\u00eb n\u00eb Bashkin\u00eb e Durr\u00ebsit, i cili duke shfryt\u00ebzuar postin nd\u00ebrtoi disa godina. Ai shfryt\u00ebzoi edhe lidhjet n\u00eb organet ligjzbatuese, pasi bask\u00ebshortja e tij Rebjana Halili ka qen\u00eb prokurore n\u00eb Durr\u00ebs.<\/p>\n<p>Por, n\u00eb k\u00ebto radh\u00eb, redaksia e VoxNews \u00ebsht\u00eb ndalur te paradoksi i gjith\u00eb aksionit. A mos ndoshta k\u00ebto prishje i kan\u00eb hapur rrug\u00ebn resorteve t\u00eb reja? N\u00eb \u00e7do vend q\u00eb ka shkuar IKMT-ja, ka vendime p\u00ebr leje. Nj\u00ebjt\u00eb si n\u00eb Himar\u00eb, Dh\u00ebrmi apo Palas\u00eb. Ashtu si n\u00eb Radhim\u00eb apo edhe Vlor\u00eb. Mbetet p\u00ebr t\u2019u par\u00eb n\u00ebse austriak\u00ebt do t\u00eb marrin Thethin.<\/p>\n<p><img loading=\"lazy\" decoding=\"async\" class=\"\" src=\"https:\/\/r2.cdnimpuls.com\/voxnews.al\/media3\/projekti-i-vilave-dhe-resortit-ne-kepin-e-rodonit-i-cili-ka-filluar-qe-te-ndertohet-1756497995.jpeg\" alt=\"Nj\u00eb resort bie me tritol, nj\u00eb tjet\u00ebr ngrihet me leje qeveritare\" width=\"744\" height=\"451\" data-pin-no-hover=\"true\" \/><\/p>\n<p><img loading=\"lazy\" decoding=\"async\" class=\"\" src=\"https:\/\/r2.cdnimpuls.com\/voxnews.al\/media3\/projekti-i-vilave-dhe-resortit-ne-kepin-e-rodonit-i-cili-ka-filluar-qe-te-ndertohet-2-1756497995.jpeg\" alt=\"Nj\u00eb resort bie me tritol, nj\u00eb tjet\u00ebr ngrihet me leje qeveritare\" width=\"739\" height=\"429\" data-pin-no-hover=\"true\" \/><\/p>\n<p><img loading=\"lazy\" decoding=\"async\" class=\"\" src=\"https:\/\/r2.cdnimpuls.com\/voxnews.al\/media3\/projekti-i-vilave-dhe-resortit-ne-kepin-e-rodonit-i-cili-ka-filluar-qe-te-ndertohet-3-1756497994.jpeg\" alt=\"Nj\u00eb resort bie me tritol, nj\u00eb tjet\u00ebr ngrihet me leje qeveritare\" width=\"735\" height=\"458\" data-pin-no-hover=\"true\" \/><\/p>\n<p><em>N\u00eb foto: Projekti i vilave dhe resortit n\u00eb Kepin e Rodonit, i cili ka filluar q\u00eb t\u00eb nd\u00ebrtohet<\/em><\/p>\n<p>N\u00ebse nj\u00eb resort u shkat\u00ebrrua totalisht me tritol, nj\u00eb tjet\u00ebr po ngrihet me shpejt\u00ebsi n\u00eb nj\u00eb sip\u00ebrfaqe prej 36 mij\u00eb metrash katror\u00eb. Projekti duket gjigant, nisur edhe nga fotot e publikuara. Jan\u00eb nd\u00ebrtime deri n\u00eb 6 kate, 4 mbitok\u00eb dhe 2 n\u00ebntok\u00eb.\/<a href=\"https:\/\/www.voxnews.al\/investigim\/nje-resort-bie-me-tritol-nje-tjeter-ngrihet-me-leje-qeveritare-300-me-i98798?fbclid=IwdGRjcAMe7ZNjbGNrAx7tG2V4dG4DYWVtAjExAAEeoIi7c-yTew8vsCaNG5rQNqRk4qlhdvB26iiiW16vwIx6BseAJIcoRRL9RjU_aem_ZmFrZWR1bW15MTZieXRlcw\" target=\"_blank\" rel=\"noopener\">Voxnews<\/a><\/p>\n","protected":false},"excerpt":{"rendered":"<p>N\u00eb nj\u00eb distanc\u00eb prej 300 metrash, nj\u00eb resort \u00ebsht\u00eb prishur me t\u00eb drejt\u00eb dhe nj\u00eb tjet\u00ebr po ngrihet me leje qeveritare. Gjith\u00e7ka ka ndodhur n\u00eb zon\u00ebn e shum\u00eb preferuar t\u00eb Kepit t\u00eb Rodonit, ku biznesmen\u00eb, politikan\u00eb dhe grupe kriminale ia kan\u00eb v\u00ebn\u00eb syrin prej koh\u00ebsh. Madje, me vendime tep\u00ebr t\u00eb diskutuara edhe nga gjykata apo &hellip;<\/p>\n","protected":false},"author":4,"featured_media":122158,"comment_status":"closed","ping_status":"closed","sticky":false,"template":"","format":"standard","meta":{"footnotes":""},"categories":[37],"tags":[],"class_list":["post-122157","post","type-post","status-publish","format-standard","has-post-thumbnail","","category-politike"],"_links":{"self":[{"href":"https:\/\/rdnews.al\/index.php\/wp-json\/wp\/v2\/posts\/122157","targetHints":{"allow":["GET"]}}],"collection":[{"href":"https:\/\/rdnews.al\/index.php\/wp-json\/wp\/v2\/posts"}],"about":[{"href":"https:\/\/rdnews.al\/index.php\/wp-json\/wp\/v2\/types\/post"}],"author":[{"embeddable":true,"href":"https:\/\/rdnews.al\/index.php\/wp-json\/wp\/v2\/users\/4"}],"replies":[{"embeddable":true,"href":"https:\/\/rdnews.al\/index.php\/wp-json\/wp\/v2\/comments?post=122157"}],"version-history":[{"count":1,"href":"https:\/\/rdnews.al\/index.php\/wp-json\/wp\/v2\/posts\/122157\/revisions"}],"predecessor-version":[{"id":122159,"href":"https:\/\/rdnews.al\/index.php\/wp-json\/wp\/v2\/posts\/122157\/revisions\/122159"}],"wp:featuredmedia":[{"embeddable":true,"href":"https:\/\/rdnews.al\/index.php\/wp-json\/wp\/v2\/media\/122158"}],"wp:attachment":[{"href":"https:\/\/rdnews.al\/index.php\/wp-json\/wp\/v2\/media?parent=122157"}],"wp:term":[{"taxonomy":"category","embeddable":true,"href":"https:\/\/rdnews.al\/index.php\/wp-json\/wp\/v2\/categories?post=122157"},{"taxonomy":"post_tag","embeddable":true,"href":"https:\/\/rdnews.al\/index.php\/wp-json\/wp\/v2\/tags?post=122157"}],"curies":[{"name":"wp","href":"https:\/\/api.w.org\/{rel}","templated":true}]}}