{"id":122194,"date":"2025-08-30T16:33:23","date_gmt":"2025-08-30T16:33:23","guid":{"rendered":"https:\/\/rdnews.al\/?p=122194"},"modified":"2025-08-30T16:33:23","modified_gmt":"2025-08-30T16:33:23","slug":"ekranet-e-paguara-te-rames-bubullijne-nga-tritoli-e-fadromat-ndersa-ndertimi-i-kullave-nuk-ndalet","status":"publish","type":"post","link":"https:\/\/rdnews.al\/index.php\/2025\/08\/30\/ekranet-e-paguara-te-rames-bubullijne-nga-tritoli-e-fadromat-ndersa-ndertimi-i-kullave-nuk-ndalet\/","title":{"rendered":"Ekranet e paguara t\u00eb Ram\u00ebs bubullijn\u00eb nga tritoli e fadromat, nd\u00ebrsa nd\u00ebrtimi i kullave nuk ndalet!"},"content":{"rendered":"<p><strong>Nga Petrit VASILI<\/strong><\/p>\n<p>Lufta e Rames mbi tendat e rrugeve si bombardim i NATOS mbi nje kotec pulash, se kullave ju vjen anes!<br \/>\nPo kullat, qe helmuan ambientin e Tiranes si i behet, a e fillojne dot luften, a i shembin dot?<\/p>\n<p>Ekranet e paguara te Rames bubullijne nga tritolet e fadromat e tij.<\/p>\n<p>\u00c7adra rrugesh, ndonje vile mes maleve kodrave hidhet ne ere me bujurdi aq te madhe sa qe per nje moment duket se ne Tv po trasmetohet beteja e Stalingradit.<\/p>\n<p>Nderkohe qe ndertimi i kullave nuk ndalet.<\/p>\n<p>Nderkohe qe lejet per kulla te reja dhjetra e dhjetra kateshe gjithashtu nuk ndalen.<br \/>\nNderkohe qe shkaterrimi i cdo siperfaqe te gjelber nuk ndalet.<\/p>\n<p>Nderkohe qe per shkak te ketyre kullave trafiku behet gjithnje e me i tmerrshem duke jua nxire jeten qytetareve te Tiranes.<\/p>\n<p>Nderkohe qe kullat Rama as guxon ti zere me goje e jo me ti prishe.<\/p>\n<p>Nderkohe qe femijet dhe te moshuarit ne Tirane s&#8217;kane se ku te rrine se qytetin e ka zaptuar betoni.<\/p>\n<p>Nderkohe qe miliarda para te narkotrafikut dhe krimit lahen pa pushim ne mes te Tiranes.<\/p>\n<p>Ndaj kushdo qesh hidhur kur shikon azganin trimeror Rama, qe sulmon me furi tendat e rrugeve sikur te ishte NATO, qe sulmon nje kotec pulash.<\/p>\n<p>Ndersa perpara kullave Rame trimi rri si qen i rrahur me bisht ne shal\u00eb.<\/p>\n","protected":false},"excerpt":{"rendered":"<p>Nga Petrit VASILI Lufta e Rames mbi tendat e rrugeve si bombardim i NATOS mbi nje kotec pulash, se kullave ju vjen anes! Po kullat, qe helmuan ambientin e Tiranes si i behet, a e fillojne dot luften, a i shembin dot? Ekranet e paguara te Rames bubullijne nga tritolet e fadromat e tij. \u00c7adra &hellip;<\/p>\n","protected":false},"author":4,"featured_media":96677,"comment_status":"closed","ping_status":"closed","sticky":false,"template":"","format":"standard","meta":{"footnotes":""},"categories":[37],"tags":[],"class_list":["post-122194","post","type-post","status-publish","format-standard","has-post-thumbnail","","category-politike"],"_links":{"self":[{"href":"https:\/\/rdnews.al\/index.php\/wp-json\/wp\/v2\/posts\/122194","targetHints":{"allow":["GET"]}}],"collection":[{"href":"https:\/\/rdnews.al\/index.php\/wp-json\/wp\/v2\/posts"}],"about":[{"href":"https:\/\/rdnews.al\/index.php\/wp-json\/wp\/v2\/types\/post"}],"author":[{"embeddable":true,"href":"https:\/\/rdnews.al\/index.php\/wp-json\/wp\/v2\/users\/4"}],"replies":[{"embeddable":true,"href":"https:\/\/rdnews.al\/index.php\/wp-json\/wp\/v2\/comments?post=122194"}],"version-history":[{"count":1,"href":"https:\/\/rdnews.al\/index.php\/wp-json\/wp\/v2\/posts\/122194\/revisions"}],"predecessor-version":[{"id":122195,"href":"https:\/\/rdnews.al\/index.php\/wp-json\/wp\/v2\/posts\/122194\/revisions\/122195"}],"wp:featuredmedia":[{"embeddable":true,"href":"https:\/\/rdnews.al\/index.php\/wp-json\/wp\/v2\/media\/96677"}],"wp:attachment":[{"href":"https:\/\/rdnews.al\/index.php\/wp-json\/wp\/v2\/media?parent=122194"}],"wp:term":[{"taxonomy":"category","embeddable":true,"href":"https:\/\/rdnews.al\/index.php\/wp-json\/wp\/v2\/categories?post=122194"},{"taxonomy":"post_tag","embeddable":true,"href":"https:\/\/rdnews.al\/index.php\/wp-json\/wp\/v2\/tags?post=122194"}],"curies":[{"name":"wp","href":"https:\/\/api.w.org\/{rel}","templated":true}]}}