{"id":122223,"date":"2025-09-01T08:58:23","date_gmt":"2025-09-01T08:58:23","guid":{"rendered":"https:\/\/rdnews.al\/?p=122223"},"modified":"2025-09-01T08:58:38","modified_gmt":"2025-09-01T08:58:38","slug":"berisha-endri-fuga-eshte-arratisur-pse-nuk-guxojne-te-thone-mediat-asnje-fjale","status":"publish","type":"post","link":"https:\/\/rdnews.al\/index.php\/2025\/09\/01\/berisha-endri-fuga-eshte-arratisur-pse-nuk-guxojne-te-thone-mediat-asnje-fjale\/","title":{"rendered":"Berisha: Endri Fuga \u00ebsht\u00eb arratisur! Pse nuk guxojn\u00eb t\u00eb thon\u00eb mediat asnj\u00eb fjal\u00eb?"},"content":{"rendered":"<p>Kryetari i PD, Sali Berisha deklaroi p\u00ebr gazetar\u00ebt\u00a0se, Endri Fuga \u00ebsht\u00eb arratisur! Ai pyeti gazetar\u00ebt pse nuk guxojn\u00eb t\u00eb thon\u00eb mediat asnj\u00eb fjal\u00eb p\u00ebr k\u00ebt\u00eb gj\u00eb?<\/p>\n<p>\u201cDhe n\u00eb at\u00eb deklarat\u00eb, t\u00eb shkruar n\u00eb zyrat e Endri Fug\u00ebs q\u00eb m\u00eb duket se&#8230; a dini gj\u00eb ku \u00ebsht\u00eb Endri Fuga?<\/p>\n<p>M\u00eb thoni pak. Si nuk guxoni t\u00eb thoni nj\u00eb fjal\u00eb p\u00ebr t\u00eb arratisurit?<\/p>\n<p>A e dini se u thirr k\u00ebtu p\u00ebr restorantin e tij dhe ia mbathi.<\/p>\n<p>Ku jan\u00eb mediat, shtroj pyetjen un\u00eb?<\/p>\n<p>Pra, shkrim i porositur nga Endri Fuga.<\/p>\n<p>M\u00eb 4 mars pra deklarata q\u00eb m\u00eb anatemonin mua me t\u00eb gjitha epitetet. KLGJ me nj\u00eb pasion t\u00eb madh shum\u00eb\u201d, tha Berisha.<\/p>\n","protected":false},"excerpt":{"rendered":"<p>Kryetari i PD, Sali Berisha deklaroi p\u00ebr gazetar\u00ebt\u00a0se, Endri Fuga \u00ebsht\u00eb arratisur! Ai pyeti gazetar\u00ebt pse nuk guxojn\u00eb t\u00eb thon\u00eb mediat asnj\u00eb fjal\u00eb p\u00ebr k\u00ebt\u00eb gj\u00eb? \u201cDhe n\u00eb at\u00eb deklarat\u00eb, t\u00eb shkruar n\u00eb zyrat e Endri Fug\u00ebs q\u00eb m\u00eb duket se&#8230; a dini gj\u00eb ku \u00ebsht\u00eb Endri Fuga? M\u00eb thoni pak. Si nuk guxoni t\u00eb &hellip;<\/p>\n","protected":false},"author":4,"featured_media":122224,"comment_status":"closed","ping_status":"closed","sticky":false,"template":"","format":"standard","meta":{"footnotes":""},"categories":[37],"tags":[],"class_list":["post-122223","post","type-post","status-publish","format-standard","has-post-thumbnail","","category-politike"],"_links":{"self":[{"href":"https:\/\/rdnews.al\/index.php\/wp-json\/wp\/v2\/posts\/122223","targetHints":{"allow":["GET"]}}],"collection":[{"href":"https:\/\/rdnews.al\/index.php\/wp-json\/wp\/v2\/posts"}],"about":[{"href":"https:\/\/rdnews.al\/index.php\/wp-json\/wp\/v2\/types\/post"}],"author":[{"embeddable":true,"href":"https:\/\/rdnews.al\/index.php\/wp-json\/wp\/v2\/users\/4"}],"replies":[{"embeddable":true,"href":"https:\/\/rdnews.al\/index.php\/wp-json\/wp\/v2\/comments?post=122223"}],"version-history":[{"count":2,"href":"https:\/\/rdnews.al\/index.php\/wp-json\/wp\/v2\/posts\/122223\/revisions"}],"predecessor-version":[{"id":122226,"href":"https:\/\/rdnews.al\/index.php\/wp-json\/wp\/v2\/posts\/122223\/revisions\/122226"}],"wp:featuredmedia":[{"embeddable":true,"href":"https:\/\/rdnews.al\/index.php\/wp-json\/wp\/v2\/media\/122224"}],"wp:attachment":[{"href":"https:\/\/rdnews.al\/index.php\/wp-json\/wp\/v2\/media?parent=122223"}],"wp:term":[{"taxonomy":"category","embeddable":true,"href":"https:\/\/rdnews.al\/index.php\/wp-json\/wp\/v2\/categories?post=122223"},{"taxonomy":"post_tag","embeddable":true,"href":"https:\/\/rdnews.al\/index.php\/wp-json\/wp\/v2\/tags?post=122223"}],"curies":[{"name":"wp","href":"https:\/\/api.w.org\/{rel}","templated":true}]}}