{"id":122235,"date":"2025-09-01T09:21:40","date_gmt":"2025-09-01T09:21:40","guid":{"rendered":"https:\/\/rdnews.al\/?p=122235"},"modified":"2025-09-01T09:21:40","modified_gmt":"2025-09-01T09:21:40","slug":"berisha-pas-edi-rames-altin-troplini-eshte-pergjegjesi-numer-2-per-farsen-elektorale","status":"publish","type":"post","link":"https:\/\/rdnews.al\/index.php\/2025\/09\/01\/berisha-pas-edi-rames-altin-troplini-eshte-pergjegjesi-numer-2-per-farsen-elektorale\/","title":{"rendered":"Berisha: Pas Edi Ram\u00ebs, Altin \u201cTroplini\u201d \u00ebsht\u00eb p\u00ebrgjegj\u00ebsi num\u00ebr 2 p\u00ebr fars\u00ebn elektorale!"},"content":{"rendered":"<p>Kryetari i PD, Sali Berisha tha se, Pas Edi Ram\u00ebs, un\u00eb e konsideroj Altin Troplinin p\u00ebrgjegj\u00ebs num\u00ebr 2 p\u00ebr fars\u00ebn elektorale.<\/p>\n<p>Berisha theksoi se krimi elektoral \u00ebsht\u00eb \u201ckrimi kushtetues m\u00eb i sh\u00ebmtuar n\u00eb nj\u00eb vend\u201d, dhe se SPAK ka kryer tradhti ndaj Kushtetut\u00ebs duke mos vepruar mbi dosjet fam\u00ebkeqe t\u00eb manipulimit zgjedhor, 184 n\u00eb Dib\u00ebr dhe 339 n\u00eb Durr\u00ebs.<\/p>\n<p>\u201cKrimi elektoral \u00ebsht\u00eb krimi kushtetues m\u00eb i sh\u00ebmtuar n\u00eb nj\u00eb vend. Ai e ka b\u00ebr\u00eb veten nj\u00eb me Edi Ram\u00ebn n\u00eb krimin elektoral.<\/p>\n<p>Duhet t\u2019i lexoni gj\u00ebrat si\u00e7 i them, un\u00eb e kam deklaruar.<\/p>\n<p>Tre vjet m\u00eb par\u00eb un\u00eb kam denoncuar Skapin me forc\u00ebn m\u00eb t\u00eb madhe p\u00ebr krimin elektoral, p\u00ebr mbrojtjen e dosjeve 184 dhe 339, kjo ka qen\u00eb p\u00ebr mua shokuese sepse k\u00ebta me k\u00ebt\u00eb veprim k\u00ebta i firmos\u00ebn licenc\u00ebn Edi Ram\u00ebn q\u00eb t\u00eb b\u00ebj\u00eb \u00e7\u2019t\u00eb doj\u00eb me zgjedhjet.<\/p>\n<p>Prandaj un\u00eb pas Edi Ram\u00ebs, p\u00ebrgjegj\u00ebs num\u00ebr 2 p\u00ebr fars\u00ebn elektorale konsideroj Altin Troplinin direkt, i cili edhe tani para ca koh\u00ebsh deklaroi n\u00eb m\u00ebnyr\u00eb mashtruese se nuk kan\u00eb sjell\u00eb fakte dhe prova, n\u00eb nj\u00eb koh\u00eb kur ne kemi paraqitur me mij\u00ebra fakte dhe prova\u201d, tha Berisha.<\/p>\n","protected":false},"excerpt":{"rendered":"<p>Kryetari i PD, Sali Berisha tha se, Pas Edi Ram\u00ebs, un\u00eb e konsideroj Altin Troplinin p\u00ebrgjegj\u00ebs num\u00ebr 2 p\u00ebr fars\u00ebn elektorale. Berisha theksoi se krimi elektoral \u00ebsht\u00eb \u201ckrimi kushtetues m\u00eb i sh\u00ebmtuar n\u00eb nj\u00eb vend\u201d, dhe se SPAK ka kryer tradhti ndaj Kushtetut\u00ebs duke mos vepruar mbi dosjet fam\u00ebkeqe t\u00eb manipulimit zgjedhor, 184 n\u00eb Dib\u00ebr &hellip;<\/p>\n","protected":false},"author":4,"featured_media":72743,"comment_status":"closed","ping_status":"closed","sticky":false,"template":"","format":"standard","meta":{"footnotes":""},"categories":[37],"tags":[],"class_list":["post-122235","post","type-post","status-publish","format-standard","has-post-thumbnail","","category-politike"],"_links":{"self":[{"href":"https:\/\/rdnews.al\/index.php\/wp-json\/wp\/v2\/posts\/122235","targetHints":{"allow":["GET"]}}],"collection":[{"href":"https:\/\/rdnews.al\/index.php\/wp-json\/wp\/v2\/posts"}],"about":[{"href":"https:\/\/rdnews.al\/index.php\/wp-json\/wp\/v2\/types\/post"}],"author":[{"embeddable":true,"href":"https:\/\/rdnews.al\/index.php\/wp-json\/wp\/v2\/users\/4"}],"replies":[{"embeddable":true,"href":"https:\/\/rdnews.al\/index.php\/wp-json\/wp\/v2\/comments?post=122235"}],"version-history":[{"count":1,"href":"https:\/\/rdnews.al\/index.php\/wp-json\/wp\/v2\/posts\/122235\/revisions"}],"predecessor-version":[{"id":122236,"href":"https:\/\/rdnews.al\/index.php\/wp-json\/wp\/v2\/posts\/122235\/revisions\/122236"}],"wp:featuredmedia":[{"embeddable":true,"href":"https:\/\/rdnews.al\/index.php\/wp-json\/wp\/v2\/media\/72743"}],"wp:attachment":[{"href":"https:\/\/rdnews.al\/index.php\/wp-json\/wp\/v2\/media?parent=122235"}],"wp:term":[{"taxonomy":"category","embeddable":true,"href":"https:\/\/rdnews.al\/index.php\/wp-json\/wp\/v2\/categories?post=122235"},{"taxonomy":"post_tag","embeddable":true,"href":"https:\/\/rdnews.al\/index.php\/wp-json\/wp\/v2\/tags?post=122235"}],"curies":[{"name":"wp","href":"https:\/\/api.w.org\/{rel}","templated":true}]}}