{"id":122237,"date":"2025-09-01T09:26:07","date_gmt":"2025-09-01T09:26:07","guid":{"rendered":"https:\/\/rdnews.al\/?p=122237"},"modified":"2025-09-01T09:26:07","modified_gmt":"2025-09-01T09:26:07","slug":"berisha-procesi-gjyqesor-me-blinken-eshte-drejt-fundit-ky-njeri-ka-mashtruar-pothuajse-te-gjithe-eliten-e-sigurise-kombetare-ne-shba","status":"publish","type":"post","link":"https:\/\/rdnews.al\/index.php\/2025\/09\/01\/berisha-procesi-gjyqesor-me-blinken-eshte-drejt-fundit-ky-njeri-ka-mashtruar-pothuajse-te-gjithe-eliten-e-sigurise-kombetare-ne-shba\/","title":{"rendered":"Berisha: Procesi gjyq\u00ebsor me Blinken \u00ebsht\u00eb drejt fundit! Ky njeri ka mashtruar pothuajse t\u00eb gjith\u00eb elit\u00ebn e siguris\u00eb komb\u00ebtare n\u00eb SHBA"},"content":{"rendered":"<p>Kryetari i PD, Sali Berisha tha p\u00ebr gazetar\u00ebt pas daljes nga SPAK se, Procesi gjyq\u00ebsor me Blinken \u00ebsht\u00eb drejt fundit<\/p>\n<p>Ai u shpreh se Blinken ka mashtruar t\u00eb gjith\u00eb elit\u00ebn e siguris\u00eb komb\u00ebtare n\u00eb SHBA.<\/p>\n<p>\u201cJo, ky ka qen\u00eb n\u00eb Paris.<\/p>\n<p>\u00cbsht\u00eb n\u00eb p\u00ebrfundim.<\/p>\n<p>Ka nj\u00eb problem.<\/p>\n<p>N\u00eb at\u00eb periudh\u00eb, Antony Blinken kishte imunitet.<\/p>\n<p>Imuniteti p\u00ebr shpifjen nuk sh\u00ebrben, por varet nga gjykat\u00ebsi, e pranon gjykat\u00ebsi ose nuk e pranon gjykat\u00ebsi.<\/p>\n<p>Pse nuk sh\u00ebrben?<\/p>\n<p>Shpifja nuk p\u00ebrfshihet tek funksionet zyrtare t\u00eb zyrtarit.<\/p>\n<p>Por gjykat\u00ebsi&#8230;<\/p>\n<p>Jo, tani prit, tani q\u00eb Antony Blinken ka humbur \u00e7do funksion dhe uroj q\u00eb drejt\u00ebsia amerikane t\u00eb flas\u00eb p\u00ebr k\u00ebt\u00eb, se i ka b\u00ebr\u00eb nj\u00eb mashtrim t\u00eb madh kombit amerikan.<\/p>\n<p>Ky njeri ka mashtruar pothuajse t\u00eb gjith\u00eb elit\u00ebn e siguris\u00eb komb\u00ebtare t\u00eb SHBA me nj\u00eb let\u00ebr n\u00eb t\u00eb cil\u00ebn thot\u00eb se Hunter Biden nuk ka prekur laptop me dor\u00eb n\u00eb jet\u00ebn e tij dhe se laptopin e Hunter Biden e kan\u00eb futur rus\u00ebt p\u00ebr t\u00eb akuzuar Hunter-in.<\/p>\n<p>N\u00eb nj\u00eb koh\u00eb kur aty Hunter kishte poza, erotizma, marr\u00ebzira t\u00eb pafundme.<\/p>\n<p>Kongresi amerikan e faktoi q\u00eb laptopi ishte 100 p\u00ebrqind i Hunter Biden.<\/p>\n<p>N\u00eb k\u00ebt\u00eb m\u00ebnyr\u00eb presidenti Trump dekretoi shpalljen non-grata p\u00ebr \u00e7do nd\u00ebrtes\u00eb federative dhe i hoqi \u00e7do mjet sigurimi dhe kleranc\u00eb&#8230;<\/p>\n<p>Tani, avoket\u00ebrit e mi m\u00eb k\u00ebshillojn\u00eb mua. Varet nga avoket\u00ebrit\u201d, tha Berisha.<\/p>\n","protected":false},"excerpt":{"rendered":"<p>Kryetari i PD, Sali Berisha tha p\u00ebr gazetar\u00ebt pas daljes nga SPAK se, Procesi gjyq\u00ebsor me Blinken \u00ebsht\u00eb drejt fundit Ai u shpreh se Blinken ka mashtruar t\u00eb gjith\u00eb elit\u00ebn e siguris\u00eb komb\u00ebtare n\u00eb SHBA. \u201cJo, ky ka qen\u00eb n\u00eb Paris. \u00cbsht\u00eb n\u00eb p\u00ebrfundim. Ka nj\u00eb problem. N\u00eb at\u00eb periudh\u00eb, Antony Blinken kishte imunitet. Imuniteti &hellip;<\/p>\n","protected":false},"author":4,"featured_media":122217,"comment_status":"closed","ping_status":"closed","sticky":false,"template":"","format":"standard","meta":{"footnotes":""},"categories":[37],"tags":[],"class_list":["post-122237","post","type-post","status-publish","format-standard","has-post-thumbnail","","category-politike"],"_links":{"self":[{"href":"https:\/\/rdnews.al\/index.php\/wp-json\/wp\/v2\/posts\/122237","targetHints":{"allow":["GET"]}}],"collection":[{"href":"https:\/\/rdnews.al\/index.php\/wp-json\/wp\/v2\/posts"}],"about":[{"href":"https:\/\/rdnews.al\/index.php\/wp-json\/wp\/v2\/types\/post"}],"author":[{"embeddable":true,"href":"https:\/\/rdnews.al\/index.php\/wp-json\/wp\/v2\/users\/4"}],"replies":[{"embeddable":true,"href":"https:\/\/rdnews.al\/index.php\/wp-json\/wp\/v2\/comments?post=122237"}],"version-history":[{"count":1,"href":"https:\/\/rdnews.al\/index.php\/wp-json\/wp\/v2\/posts\/122237\/revisions"}],"predecessor-version":[{"id":122238,"href":"https:\/\/rdnews.al\/index.php\/wp-json\/wp\/v2\/posts\/122237\/revisions\/122238"}],"wp:featuredmedia":[{"embeddable":true,"href":"https:\/\/rdnews.al\/index.php\/wp-json\/wp\/v2\/media\/122217"}],"wp:attachment":[{"href":"https:\/\/rdnews.al\/index.php\/wp-json\/wp\/v2\/media?parent=122237"}],"wp:term":[{"taxonomy":"category","embeddable":true,"href":"https:\/\/rdnews.al\/index.php\/wp-json\/wp\/v2\/categories?post=122237"},{"taxonomy":"post_tag","embeddable":true,"href":"https:\/\/rdnews.al\/index.php\/wp-json\/wp\/v2\/tags?post=122237"}],"curies":[{"name":"wp","href":"https:\/\/api.w.org\/{rel}","templated":true}]}}