{"id":122239,"date":"2025-09-01T09:30:46","date_gmt":"2025-09-01T09:30:46","guid":{"rendered":"https:\/\/rdnews.al\/?p=122239"},"modified":"2025-09-01T09:30:46","modified_gmt":"2025-09-01T09:30:46","slug":"berisha-thirrje-medieve-qendroni-fuqishem-sepse-armiku-numer-1-i-shqiperise-dhe-shqiptareve-sot-eshte-censura","status":"publish","type":"post","link":"https:\/\/rdnews.al\/index.php\/2025\/09\/01\/berisha-thirrje-medieve-qendroni-fuqishem-sepse-armiku-numer-1-i-shqiperise-dhe-shqiptareve-sot-eshte-censura\/","title":{"rendered":"Berisha thirrje medieve: Q\u00ebndroni fuqish\u00ebm sepse armiku num\u00ebr 1 i Shqip\u00ebris\u00eb dhe shqiptar\u00ebve sot \u00ebsht\u00eb censura!"},"content":{"rendered":"<p>Lideri i opozit\u00ebs, Sali Berisha u b\u00ebri\u00a0thirrje mediave q\u00eb\u00a0t\u00eb\u00a0q\u00ebndrojn\u00eb\u00a0fuqish\u00ebm sepse\u00a0armiku num\u00ebr 1 i Shqip\u00ebris\u00eb dhe shqiptar\u00ebve sot \u00ebsht\u00eb censura!<\/p>\n<p>\u201cTani, \u00e7do hap do t\u00eb merret n\u00eb kolegjialitet t\u00eb plot\u00eb, n\u00eb debate t\u00eb hapura me deputet\u00ebt dhe institucionet e PD-s\u00eb.<\/p>\n<p>Por, u b\u00ebj thirrje medieve t\u00eb q\u00ebndrojn\u00eb fuqish\u00ebm sepse armiku num\u00ebr 1 i Shqip\u00ebris\u00eb dhe shqiptar\u00ebve sot \u00ebsht\u00eb censura.<\/p>\n<p>Mos mendoni ju se terrin e tmerrsh\u00ebm informativ arrijn\u00eb ta zhdukin nj\u00eb grup i vog\u00ebl gazetar\u00ebsh apo mediesh, t\u00eb cilat thon\u00eb t\u00eb v\u00ebrtet\u00ebn.<\/p>\n<p>Kur mbi 90 p\u00ebrqind e medieve, p\u00ebr shkak t\u00eb korruptimit kok\u00eb e k\u00ebmb\u00eb t\u00eb tyre b\u00ebjn\u00eb gjith\u00e7ka p\u00ebr t\u00eb mbuluar t\u00eb zezat e qeveris\u00eb, populli mbetet n\u00eb err\u00ebsir\u00eb.<\/p>\n<p>Prandaj u b\u00ebj thirrje qytetar\u00ebve q\u00eb t\u00eb p\u00ebrdorin sa m\u00eb shume rrjetet sociale p\u00ebr t\u00eb b\u00ebr\u00eb transparenc\u00eb dhe gazetar\u00ebve t\u00eb intensifikojn\u00eb denoncimet e tyre.<\/p>\n<p>Opozita shqiptare do ket\u00eb betej\u00eb n\u00eb t\u00eb gjitha frontet. Do t\u00eb b\u00ebj\u00eb gjith\u00e7ka p\u00ebr tu rikthyer shqiptar\u00ebve vot\u00ebn e lir\u00eb|.<\/p>\n<p>&#8230;Natyrisht \u00e7do koh\u00eb ka risit\u00eb e veta\u201d, tha Berisha.<\/p>\n","protected":false},"excerpt":{"rendered":"<p>Lideri i opozit\u00ebs, Sali Berisha u b\u00ebri\u00a0thirrje mediave q\u00eb\u00a0t\u00eb\u00a0q\u00ebndrojn\u00eb\u00a0fuqish\u00ebm sepse\u00a0armiku num\u00ebr 1 i Shqip\u00ebris\u00eb dhe shqiptar\u00ebve sot \u00ebsht\u00eb censura! \u201cTani, \u00e7do hap do t\u00eb merret n\u00eb kolegjialitet t\u00eb plot\u00eb, n\u00eb debate t\u00eb hapura me deputet\u00ebt dhe institucionet e PD-s\u00eb. Por, u b\u00ebj thirrje medieve t\u00eb q\u00ebndrojn\u00eb fuqish\u00ebm sepse armiku num\u00ebr 1 i Shqip\u00ebris\u00eb dhe shqiptar\u00ebve &hellip;<\/p>\n","protected":false},"author":4,"featured_media":122212,"comment_status":"closed","ping_status":"closed","sticky":false,"template":"","format":"standard","meta":{"footnotes":""},"categories":[37],"tags":[],"class_list":["post-122239","post","type-post","status-publish","format-standard","has-post-thumbnail","","category-politike"],"_links":{"self":[{"href":"https:\/\/rdnews.al\/index.php\/wp-json\/wp\/v2\/posts\/122239","targetHints":{"allow":["GET"]}}],"collection":[{"href":"https:\/\/rdnews.al\/index.php\/wp-json\/wp\/v2\/posts"}],"about":[{"href":"https:\/\/rdnews.al\/index.php\/wp-json\/wp\/v2\/types\/post"}],"author":[{"embeddable":true,"href":"https:\/\/rdnews.al\/index.php\/wp-json\/wp\/v2\/users\/4"}],"replies":[{"embeddable":true,"href":"https:\/\/rdnews.al\/index.php\/wp-json\/wp\/v2\/comments?post=122239"}],"version-history":[{"count":1,"href":"https:\/\/rdnews.al\/index.php\/wp-json\/wp\/v2\/posts\/122239\/revisions"}],"predecessor-version":[{"id":122240,"href":"https:\/\/rdnews.al\/index.php\/wp-json\/wp\/v2\/posts\/122239\/revisions\/122240"}],"wp:featuredmedia":[{"embeddable":true,"href":"https:\/\/rdnews.al\/index.php\/wp-json\/wp\/v2\/media\/122212"}],"wp:attachment":[{"href":"https:\/\/rdnews.al\/index.php\/wp-json\/wp\/v2\/media?parent=122239"}],"wp:term":[{"taxonomy":"category","embeddable":true,"href":"https:\/\/rdnews.al\/index.php\/wp-json\/wp\/v2\/categories?post=122239"},{"taxonomy":"post_tag","embeddable":true,"href":"https:\/\/rdnews.al\/index.php\/wp-json\/wp\/v2\/tags?post=122239"}],"curies":[{"name":"wp","href":"https:\/\/api.w.org\/{rel}","templated":true}]}}