{"id":122241,"date":"2025-09-01T09:39:00","date_gmt":"2025-09-01T09:39:00","guid":{"rendered":"https:\/\/rdnews.al\/?p=122241"},"modified":"2025-09-01T09:39:00","modified_gmt":"2025-09-01T09:39:00","slug":"berisha-dhimiter-anagnosti-do-jetoje-pergjithmone-ne-vepren-e-trashegimine-e-tij-te-ndritur","status":"publish","type":"post","link":"https:\/\/rdnews.al\/index.php\/2025\/09\/01\/berisha-dhimiter-anagnosti-do-jetoje-pergjithmone-ne-vepren-e-trashegimine-e-tij-te-ndritur\/","title":{"rendered":"Berisha: Dhimit\u00ebr Anagnosti do jetoj\u00eb p\u00ebrgjithmon\u00eb n\u00eb vepr\u00ebn e trash\u00ebgimin\u00eb e tij t\u00eb ndritur!"},"content":{"rendered":"<p>Kryetari i PD, Sali Berisha ka shprehur ngush\u00ebllimet familjes p\u00ebr ndarjen nga jeta t\u00eb regjizorit, Dhimit\u00ebr Anagnosti.<\/p>\n<p>Berisha shkruan se, Anagnosti ishte nj\u00eb kollos i regjis\u00eb, filmit dhe skenarit, intelektual i shquar i kombit, ish-minist\u00ebr i aft\u00eb dhe dinjitoz, atdhetar, prind, bashk\u00ebshort e qytetar shembullor.<\/p>\n<p>\u201cHomazh p\u00ebr DHIMIT\u00cbR ANAGNOSTIN<\/p>\n<p>T\u00eb dashur miq, familja e nderuar Anagnosti, miqt\u00eb e saj, bota e artit, filmit, kultur\u00ebs jan\u00eb n\u00eb zi e dhimbje.<\/p>\n<p>P\u00ebr Dhimit\u00ebr Anagnostin, kollos i regjis\u00eb, filmit, skenarit, intelektual i shquar i kombit, ish-minist\u00ebr i aft\u00eb dhe dinjitoz, atdhetar, prind, bashk\u00ebshort e qytetar shembullor, dielli per\u00ebndoi p\u00ebrgjithmon\u00eb.<\/p>\n<p>Por Dhimit\u00ebr Anagnosti do jetoj\u00eb p\u00ebrgjithmon\u00eb n\u00eb krijimet, vepr\u00ebn, trash\u00ebgimin\u00eb e tij t\u00eb ndritur.<\/p>\n<p>Duke shprehur nderimin dhe mir\u00ebnjohjen time m\u00eb t\u00eb thell\u00eb p\u00ebr kontributin, vepr\u00ebn e tij t\u00eb pavdekshme, bashk\u00ebpunimin q\u00eb kemi pasur, shpreh gjithashtu familjes s\u00eb tij t\u00eb nderuar, Roz\u00ebs, f\u00ebmijve, miqve, t\u00eb af\u00ebrmve ngush\u00ebllimet m\u00eb t\u00eb ndjera t\u00eb miat dhe t\u00eb PD, dhe lutem s\u00eb bashku me ta q\u00eb shpirti i madh i Dhimitrit t\u00eb tyre t\u00eb dashur t\u00eb gjej\u00eb paqen e merituar. #sb\u201d, shkruan Berisha.<\/p>\n","protected":false},"excerpt":{"rendered":"<p>Kryetari i PD, Sali Berisha ka shprehur ngush\u00ebllimet familjes p\u00ebr ndarjen nga jeta t\u00eb regjizorit, Dhimit\u00ebr Anagnosti. Berisha shkruan se, Anagnosti ishte nj\u00eb kollos i regjis\u00eb, filmit dhe skenarit, intelektual i shquar i kombit, ish-minist\u00ebr i aft\u00eb dhe dinjitoz, atdhetar, prind, bashk\u00ebshort e qytetar shembullor. \u201cHomazh p\u00ebr DHIMIT\u00cbR ANAGNOSTIN T\u00eb dashur miq, familja e nderuar &hellip;<\/p>\n","protected":false},"author":4,"featured_media":122209,"comment_status":"closed","ping_status":"closed","sticky":false,"template":"","format":"standard","meta":{"footnotes":""},"categories":[37],"tags":[],"class_list":["post-122241","post","type-post","status-publish","format-standard","has-post-thumbnail","","category-politike"],"_links":{"self":[{"href":"https:\/\/rdnews.al\/index.php\/wp-json\/wp\/v2\/posts\/122241","targetHints":{"allow":["GET"]}}],"collection":[{"href":"https:\/\/rdnews.al\/index.php\/wp-json\/wp\/v2\/posts"}],"about":[{"href":"https:\/\/rdnews.al\/index.php\/wp-json\/wp\/v2\/types\/post"}],"author":[{"embeddable":true,"href":"https:\/\/rdnews.al\/index.php\/wp-json\/wp\/v2\/users\/4"}],"replies":[{"embeddable":true,"href":"https:\/\/rdnews.al\/index.php\/wp-json\/wp\/v2\/comments?post=122241"}],"version-history":[{"count":1,"href":"https:\/\/rdnews.al\/index.php\/wp-json\/wp\/v2\/posts\/122241\/revisions"}],"predecessor-version":[{"id":122242,"href":"https:\/\/rdnews.al\/index.php\/wp-json\/wp\/v2\/posts\/122241\/revisions\/122242"}],"wp:featuredmedia":[{"embeddable":true,"href":"https:\/\/rdnews.al\/index.php\/wp-json\/wp\/v2\/media\/122209"}],"wp:attachment":[{"href":"https:\/\/rdnews.al\/index.php\/wp-json\/wp\/v2\/media?parent=122241"}],"wp:term":[{"taxonomy":"category","embeddable":true,"href":"https:\/\/rdnews.al\/index.php\/wp-json\/wp\/v2\/categories?post=122241"},{"taxonomy":"post_tag","embeddable":true,"href":"https:\/\/rdnews.al\/index.php\/wp-json\/wp\/v2\/tags?post=122241"}],"curies":[{"name":"wp","href":"https:\/\/api.w.org\/{rel}","templated":true}]}}