{"id":122350,"date":"2025-09-02T11:05:31","date_gmt":"2025-09-02T11:05:31","guid":{"rendered":"https:\/\/rdnews.al\/?p=122350"},"modified":"2025-09-02T11:05:31","modified_gmt":"2025-09-02T11:05:31","slug":"kryeministri-kroat-kritikon-be-ne-per-sulmin-terrorist-ne-banjske-nga-serbet","status":"publish","type":"post","link":"https:\/\/rdnews.al\/index.php\/2025\/09\/02\/kryeministri-kroat-kritikon-be-ne-per-sulmin-terrorist-ne-banjske-nga-serbet\/","title":{"rendered":"Kryeministri kroat kritikon BE-n\u00eb p\u00ebr sulmin terrorist n\u00eb Banjsk\u00eb nga serb\u00ebt"},"content":{"rendered":"<div class=\"html-div xdj266r x14z9mp xat24cr x1lziwak xexx8yu xyri2b x18d9i69 x1c1uobl\">\n<div class=\"html-div xdj266r x14z9mp xat24cr x1lziwak xexx8yu xyri2b x18d9i69 x1c1uobl\" dir=\"auto\">\n<div class=\"html-div xdj266r x14z9mp xat24cr x1lziwak xexx8yu xyri2b x18d9i69 x1c1uobl\" data-ad-rendering-role=\"story_message\">\n<div id=\"_r_2rg_\" class=\"x1l90r2v x1iorvi4 x1g0dm76 xpdmqnj\" data-ad-comet-preview=\"message\" data-ad-preview=\"message\">\n<div class=\"x78zum5 xdt5ytf xz62fqu x16ldp7u\">\n<div class=\"xu06os2 x1ok221b\">\n<div class=\"html-div xdj266r x14z9mp xat24cr x1lziwak xexx8yu xyri2b x18d9i69 x1c1uobl\">\n<div class=\"x14z9mp xat24cr x1lziwak x1vvkbs xtlvy1s x126k92a\">\n<div dir=\"auto\">Sulmi i armatosur terrorist i serb\u00ebve t\u00eb armatosur n\u00eb Banjsk\u00eb nuk \u00ebsht\u00eb d\u00ebnuar seriozisht, si\u00e7 e ka merituar n\u00eb shtator t\u00eb vitit 2023. K\u00ebshtu pohon Kryeministri i Kroacis\u00eb, Andrej Plenkoviq, i cili n\u00eb Forumin Strategjik t\u00eb Bledit n\u00eb Slloveni tha se &#8220;ky sulm nuk e ka marr\u00eb v\u00ebmendjen e duhur nga Bashkimi Evropian (BE), lider\u00ebt e s\u00eb cil\u00ebs e kaluan pa ndonj\u00eb v\u00ebrejtje serioze p\u00ebr Serbin\u00eb.&#8221;<\/div>\n<\/div>\n<div class=\"x14z9mp xat24cr x1lziwak x1vvkbs xtlvy1s x126k92a\">\n<div dir=\"auto\">\u201cSulmi n\u00eb Banjsk\u00eb kaloi pa deklarata ose artikulime serioze nga askush n\u00eb BE. Ne b\u00ebm\u00eb sikur nuk ndodhi\u201d, tha Plenkoviq.<\/div>\n<\/div>\n<div class=\"x14z9mp xat24cr x1lziwak x1vvkbs xtlvy1s x126k92a\">\n<div dir=\"auto\">Sulmi ka ndodhur m\u00eb 24 shtator 2023, kur forcat e armatosura terroriste serbe, t\u00eb udh\u00ebhequra nga Milan Radoi\u00e7iq sulmuan policin\u00eb dhe vran\u00eb rreshterin Afrim Bunjaku, nd\u00ebrsa plagos\u00ebn policin Alban Rashiti. Ka pasur edhe t\u00eb l\u00ebnduar dhe t\u00eb vrar\u00eb nga ana e grupit terrorist.<\/div>\n<\/div>\n<div class=\"x14z9mp xat24cr x1lziwak x1vvkbs xtlvy1s x126k92a\">\n<div dir=\"auto\">Prokuroria Speciale e Republik\u00ebs s\u00eb Kosov\u00ebs m\u00eb 11 shtator 2023 ka ngritur aktakuz\u00eb ndaj Radoi\u00e7iqit dhe 44 t\u00eb tjer\u00ebve p\u00ebr sulmin terrorist n\u00eb Banjsk\u00eb. Ata ngarkohen p\u00ebr vepra penale q\u00eb nd\u00ebrlidhen me terrorizmin, konkretisht \u201cVeprat penale kund\u00ebr rendit kushtetues dhe siguris\u00eb s\u00eb Republik\u00ebs s\u00eb Kosov\u00ebs\u201d, \u201cFinancimi i terrorizmit dhe shp\u00eblarjes s\u00eb parave\u201d.<\/div>\n<\/div>\n<\/div>\n<\/div>\n<\/div>\n<\/div>\n<\/div>\n<\/div>\n<div id=\"_r_2rh_\" class=\"html-div xdj266r x14z9mp xat24cr x1lziwak xexx8yu xyri2b x18d9i69 x1c1uobl x1n2onr6\">\n<div class=\"html-div xdj266r x14z9mp xat24cr x1lziwak xexx8yu xyri2b x18d9i69 x1c1uobl x1n2onr6\">\n<div class=\"x6s0dn4 x1jx94hy x78zum5 xdt5ytf x6ikm8r x10wlt62 x1n2onr6 xh8yej3\">\n<div class=\"xqtp20y x6ikm8r x10wlt62 x1n2onr6\">\n<div class=\"x10l6tqk x13vifvy\"><\/div>\n<\/div>\n<\/div>\n<div class=\"x1nb4dca x1q0q8m5 xso031l x1exxf4d x13fuv20 x178xt8z x1ey2m1c xtijo5x x1o0tod x47corl x10l6tqk x13vifvy\"><\/div>\n<div class=\"x1ey2m1c xtijo5x x1o0tod xg01cxk x47corl x10l6tqk x13vifvy x1ebt8du x19991ni x1dhq9h x1fmog5m xu25z0z x140muxe xo1y3bh\" role=\"none\" data-visualcompletion=\"ignore\"><\/div>\n<\/div>\n<\/div>\n<\/div>\n<div>\n<div class=\"xabvvm4 xeyy32k x1ia1hqs x1a2w583 x6ikm8r x10wlt62\" data-visualcompletion=\"ignore-dynamic\">\n<div>\n<div>\n<div>\n<div class=\"x1n2onr6\">\n<div class=\"x6s0dn4 xi81zsa x78zum5 x6prxxf x13a6bvl xvq8zen xdj266r xat24cr x1c1uobl xyri2b x80vd3b x1q0q8m5 xso031l x1diwwjn xbmvrgn x10b6aqq x1yrsyyn\">\n<div class=\"x9f619 x1ja2u2z x78zum5 x2lah0s x1n2onr6 x1qughib x1qjc9v5 xozqiw3 x1q0g3np x1ws5yxj xw01apr x4cne27 xifccgj x123j3cw xs9asl8\"><\/div>\n<\/div>\n<\/div>\n<\/div>\n<\/div>\n<\/div>\n<\/div>\n<\/div>\n","protected":false},"excerpt":{"rendered":"<p>Sulmi i armatosur terrorist i serb\u00ebve t\u00eb armatosur n\u00eb Banjsk\u00eb nuk \u00ebsht\u00eb d\u00ebnuar seriozisht, si\u00e7 e ka merituar n\u00eb shtator t\u00eb vitit 2023. K\u00ebshtu pohon Kryeministri i Kroacis\u00eb, Andrej Plenkoviq, i cili n\u00eb Forumin Strategjik t\u00eb Bledit n\u00eb Slloveni tha se &#8220;ky sulm nuk e ka marr\u00eb v\u00ebmendjen e duhur nga Bashkimi Evropian (BE), lider\u00ebt &hellip;<\/p>\n","protected":false},"author":3,"featured_media":122351,"comment_status":"closed","ping_status":"closed","sticky":false,"template":"","format":"standard","meta":{"footnotes":""},"categories":[38],"tags":[],"class_list":["post-122350","post","type-post","status-publish","format-standard","has-post-thumbnail","","category-bota"],"_links":{"self":[{"href":"https:\/\/rdnews.al\/index.php\/wp-json\/wp\/v2\/posts\/122350","targetHints":{"allow":["GET"]}}],"collection":[{"href":"https:\/\/rdnews.al\/index.php\/wp-json\/wp\/v2\/posts"}],"about":[{"href":"https:\/\/rdnews.al\/index.php\/wp-json\/wp\/v2\/types\/post"}],"author":[{"embeddable":true,"href":"https:\/\/rdnews.al\/index.php\/wp-json\/wp\/v2\/users\/3"}],"replies":[{"embeddable":true,"href":"https:\/\/rdnews.al\/index.php\/wp-json\/wp\/v2\/comments?post=122350"}],"version-history":[{"count":1,"href":"https:\/\/rdnews.al\/index.php\/wp-json\/wp\/v2\/posts\/122350\/revisions"}],"predecessor-version":[{"id":122352,"href":"https:\/\/rdnews.al\/index.php\/wp-json\/wp\/v2\/posts\/122350\/revisions\/122352"}],"wp:featuredmedia":[{"embeddable":true,"href":"https:\/\/rdnews.al\/index.php\/wp-json\/wp\/v2\/media\/122351"}],"wp:attachment":[{"href":"https:\/\/rdnews.al\/index.php\/wp-json\/wp\/v2\/media?parent=122350"}],"wp:term":[{"taxonomy":"category","embeddable":true,"href":"https:\/\/rdnews.al\/index.php\/wp-json\/wp\/v2\/categories?post=122350"},{"taxonomy":"post_tag","embeddable":true,"href":"https:\/\/rdnews.al\/index.php\/wp-json\/wp\/v2\/tags?post=122350"}],"curies":[{"name":"wp","href":"https:\/\/api.w.org\/{rel}","templated":true}]}}