{"id":122388,"date":"2025-09-02T18:07:36","date_gmt":"2025-09-02T18:07:36","guid":{"rendered":"https:\/\/rdnews.al\/?p=122388"},"modified":"2025-09-02T18:11:04","modified_gmt":"2025-09-02T18:11:04","slug":"reagimi-i-be-duhet-konsensusi-me-opoziten-per-anetaresimin-ne-be","status":"publish","type":"post","link":"https:\/\/rdnews.al\/index.php\/2025\/09\/02\/reagimi-i-be-duhet-konsensusi-me-opoziten-per-anetaresimin-ne-be\/","title":{"rendered":"Reagimi i BE: Duhet konsensusi me opozit\u00ebn p\u00ebr an\u00ebtar\u00ebsimin n\u00eb BE"},"content":{"rendered":"<p>Deputet\u00ebt e mazhoranc\u00ebs n\u00eb kuvendin e Shqip\u00ebris\u00eb kan\u00eb propozuar p\u00ebr shkrirjen e Komisionit Parlamentar t\u00eb Integrimit Europian dhe p\u00ebr ta p\u00ebrfshir\u00eb at\u00eb brenda Komisionit Parlamentar p\u00ebr Politik\u00ebn e Jashtme.<\/p>\n<p>News24, p\u00ebrmes gazetarit Osman Stafa, pyeti delegacionin e BE-s\u00eb n\u00eb Tiran\u00eb, n\u00ebse mazhoranca n\u00eb Kuvend \u00ebsht\u00eb konsultuar me Delegacionin e BE-s\u00eb lidhur me k\u00ebt\u00eb propozim.<\/p>\n<p>P\u00ebrmes disa pyetjeve drejtuar\u00a0 delegacionit t\u00eb BE-s\u00eb\u00a0 nga News24, Osman Stafa k\u00ebrkoi informacion n\u00ebse\u00a0 Delegacioni i BE-s\u00eb \u00ebsht\u00eb dakord me shkrirjen e Komisionit Parlamentar t\u00eb Integrimit Europian, dhe a vler\u00ebsohet ky akt i nj\u00ebansh\u00ebm i mazhoranc\u00ebs si nj\u00eb ngushtim i hap\u00ebsir\u00ebs s\u00eb opozit\u00ebs n\u00eb procesin e integrimit, duke patur n\u00eb konsiderat\u00eb q\u00eb p\u00ebr m\u00eb shum\u00eb se 20 vjet ky komision \u00ebsht\u00eb drejtuar vet\u00ebm nga p\u00ebrfaq\u00ebsues t\u00eb opozit\u00ebs?<\/p>\n<p>N\u00eb reagimin e tij, delegacioni i BE-s\u00eb thot\u00eb \u00a0se parlamenti shqiptar \u00ebsht\u00eb nj\u00eb institucion ky\u00e7 p\u00ebr cuarjen p\u00ebrpara t\u00eb agjend\u00ebs s\u00eb reformave q\u00eb lidhen me BE-n\u00eb.<\/p>\n<p>\u201cN\u00eb k\u00ebt\u00eb drejtim presim me padurim hapat konstituiv\u00eb t\u00eb parlamentit t\u00eb ri si dhe presim q\u00eb integrimi n\u00eb BE t\u00eb mbetet nj\u00eb p\u00ebrpar\u00ebsi nd\u00ebrpartiake p\u00ebr ligjv\u00ebn\u00ebsit n\u00eb legjislatur\u00ebn e re parlamentare.<\/p>\n<p>P\u00ebr t\u00eb qen\u00eb i suksessh\u00ebm, an\u00ebtar\u00ebsimi ka nevoj\u00eb p\u00ebr consensus nd\u00ebrpartiak\u201d, thuhet n\u00eb reagimin e delegacionit t\u00eb BE-s\u00eb n\u00eb Tiran\u00eb, p\u00ebr News24.<\/p>\n","protected":false},"excerpt":{"rendered":"<p>Deputet\u00ebt e mazhoranc\u00ebs n\u00eb kuvendin e Shqip\u00ebris\u00eb kan\u00eb propozuar p\u00ebr shkrirjen e Komisionit Parlamentar t\u00eb Integrimit Europian dhe p\u00ebr ta p\u00ebrfshir\u00eb at\u00eb brenda Komisionit Parlamentar p\u00ebr Politik\u00ebn e Jashtme. News24, p\u00ebrmes gazetarit Osman Stafa, pyeti delegacionin e BE-s\u00eb n\u00eb Tiran\u00eb, n\u00ebse mazhoranca n\u00eb Kuvend \u00ebsht\u00eb konsultuar me Delegacionin e BE-s\u00eb lidhur me k\u00ebt\u00eb propozim. P\u00ebrmes &hellip;<\/p>\n","protected":false},"author":3,"featured_media":122392,"comment_status":"closed","ping_status":"closed","sticky":false,"template":"","format":"standard","meta":{"footnotes":""},"categories":[37],"tags":[],"class_list":["post-122388","post","type-post","status-publish","format-standard","has-post-thumbnail","","category-politike"],"_links":{"self":[{"href":"https:\/\/rdnews.al\/index.php\/wp-json\/wp\/v2\/posts\/122388","targetHints":{"allow":["GET"]}}],"collection":[{"href":"https:\/\/rdnews.al\/index.php\/wp-json\/wp\/v2\/posts"}],"about":[{"href":"https:\/\/rdnews.al\/index.php\/wp-json\/wp\/v2\/types\/post"}],"author":[{"embeddable":true,"href":"https:\/\/rdnews.al\/index.php\/wp-json\/wp\/v2\/users\/3"}],"replies":[{"embeddable":true,"href":"https:\/\/rdnews.al\/index.php\/wp-json\/wp\/v2\/comments?post=122388"}],"version-history":[{"count":3,"href":"https:\/\/rdnews.al\/index.php\/wp-json\/wp\/v2\/posts\/122388\/revisions"}],"predecessor-version":[{"id":122391,"href":"https:\/\/rdnews.al\/index.php\/wp-json\/wp\/v2\/posts\/122388\/revisions\/122391"}],"wp:featuredmedia":[{"embeddable":true,"href":"https:\/\/rdnews.al\/index.php\/wp-json\/wp\/v2\/media\/122392"}],"wp:attachment":[{"href":"https:\/\/rdnews.al\/index.php\/wp-json\/wp\/v2\/media?parent=122388"}],"wp:term":[{"taxonomy":"category","embeddable":true,"href":"https:\/\/rdnews.al\/index.php\/wp-json\/wp\/v2\/categories?post=122388"},{"taxonomy":"post_tag","embeddable":true,"href":"https:\/\/rdnews.al\/index.php\/wp-json\/wp\/v2\/tags?post=122388"}],"curies":[{"name":"wp","href":"https:\/\/api.w.org\/{rel}","templated":true}]}}