{"id":122393,"date":"2025-09-02T18:31:39","date_gmt":"2025-09-02T18:31:39","guid":{"rendered":"https:\/\/rdnews.al\/?p=122393"},"modified":"2025-09-02T18:32:58","modified_gmt":"2025-09-02T18:32:58","slug":"demokratet-ja-kane-lene-shtetet-e-tyre-ne-dore-krimit-trump-garda-kombetare-edhe-ne-cikago","status":"publish","type":"post","link":"https:\/\/rdnews.al\/index.php\/2025\/09\/02\/demokratet-ja-kane-lene-shtetet-e-tyre-ne-dore-krimit-trump-garda-kombetare-edhe-ne-cikago\/","title":{"rendered":"Demokrat\u00ebt ja kan\u00eb l\u00ebn\u00eb shtetet n\u00eb dor\u00eb krimit\/ Trump: Garda Komb\u00ebtare edhe n\u00eb \u00c7ikago"},"content":{"rendered":"<p>Presidenti Trump i vendosur p\u00ebr t\u00eb vendosur rendin n\u00eb t\u00eb gjitha shtetet ku ai ka dal\u00eb jasht\u00eb kontrollit dhe q\u00eb si \u201crast\u00ebsisht\u201d jan\u00eb t\u00eb gjitha t\u00eb komanduara nga demokrat\u00ebt.<\/p>\n<p>\u201cDo ta zgjidh problemin e krimit, si\u00e7 b\u00ebra tashm\u00eb n\u00eb Uashington\u201d, shkroi ai n\u00eb nj\u00eb postim n\u00eb platform\u00ebn Truth Social, duke iu referuar vendosjes s\u00eb forcave federale.<\/p>\n<p>Pas Los Anxhelosit n\u00eb qershor dhe Uashingtonit n\u00eb mesin e gushtit, Trump deklaron se do t\u00eb d\u00ebrgoj\u00eb agjent\u00eb federal\u00eb dhe ushtar\u00eb n\u00eb qytete t\u00eb tjera t\u00eb kontrolluara nga demokrat\u00ebt, si \u00c7ikago, Nju Jorku, Baltimor ose Bostoni.<\/p>\n<p>\u201c\u00c7ikago \u00ebsht\u00eb kryeqyteti i vrasjeve n\u00eb bot\u00eb\u201d, shkroi ai me shkronja t\u00eb m\u00ebdha n\u00eb postimin e tij.<\/p>\n","protected":false},"excerpt":{"rendered":"<p>Presidenti Trump i vendosur p\u00ebr t\u00eb vendosur rendin n\u00eb t\u00eb gjitha shtetet ku ai ka dal\u00eb jasht\u00eb kontrollit dhe q\u00eb si \u201crast\u00ebsisht\u201d jan\u00eb t\u00eb gjitha t\u00eb komanduara nga demokrat\u00ebt. \u201cDo ta zgjidh problemin e krimit, si\u00e7 b\u00ebra tashm\u00eb n\u00eb Uashington\u201d, shkroi ai n\u00eb nj\u00eb postim n\u00eb platform\u00ebn Truth Social, duke iu referuar vendosjes s\u00eb forcave &hellip;<\/p>\n","protected":false},"author":3,"featured_media":122394,"comment_status":"closed","ping_status":"closed","sticky":false,"template":"","format":"standard","meta":{"footnotes":""},"categories":[38],"tags":[],"class_list":["post-122393","post","type-post","status-publish","format-standard","has-post-thumbnail","","category-bota"],"_links":{"self":[{"href":"https:\/\/rdnews.al\/index.php\/wp-json\/wp\/v2\/posts\/122393","targetHints":{"allow":["GET"]}}],"collection":[{"href":"https:\/\/rdnews.al\/index.php\/wp-json\/wp\/v2\/posts"}],"about":[{"href":"https:\/\/rdnews.al\/index.php\/wp-json\/wp\/v2\/types\/post"}],"author":[{"embeddable":true,"href":"https:\/\/rdnews.al\/index.php\/wp-json\/wp\/v2\/users\/3"}],"replies":[{"embeddable":true,"href":"https:\/\/rdnews.al\/index.php\/wp-json\/wp\/v2\/comments?post=122393"}],"version-history":[{"count":2,"href":"https:\/\/rdnews.al\/index.php\/wp-json\/wp\/v2\/posts\/122393\/revisions"}],"predecessor-version":[{"id":122396,"href":"https:\/\/rdnews.al\/index.php\/wp-json\/wp\/v2\/posts\/122393\/revisions\/122396"}],"wp:featuredmedia":[{"embeddable":true,"href":"https:\/\/rdnews.al\/index.php\/wp-json\/wp\/v2\/media\/122394"}],"wp:attachment":[{"href":"https:\/\/rdnews.al\/index.php\/wp-json\/wp\/v2\/media?parent=122393"}],"wp:term":[{"taxonomy":"category","embeddable":true,"href":"https:\/\/rdnews.al\/index.php\/wp-json\/wp\/v2\/categories?post=122393"},{"taxonomy":"post_tag","embeddable":true,"href":"https:\/\/rdnews.al\/index.php\/wp-json\/wp\/v2\/tags?post=122393"}],"curies":[{"name":"wp","href":"https:\/\/api.w.org\/{rel}","templated":true}]}}