{"id":122419,"date":"2025-09-03T08:28:11","date_gmt":"2025-09-03T08:28:11","guid":{"rendered":"https:\/\/rdnews.al\/?p=122419"},"modified":"2025-09-03T08:28:11","modified_gmt":"2025-09-03T08:28:11","slug":"edhe-per-farsen-gjyqesore-ndaj-ilir-metes-do-te-vendose-irena-me-tre-mbiemra","status":"publish","type":"post","link":"https:\/\/rdnews.al\/index.php\/2025\/09\/03\/edhe-per-farsen-gjyqesore-ndaj-ilir-metes-do-te-vendose-irena-me-tre-mbiemra\/","title":{"rendered":"Edhe p\u00ebr fars\u00ebn gjyq\u00ebsore ndaj Ilir Met\u00ebs do t\u00eb vendos\u00eb Irena me tre mbiemra"},"content":{"rendered":"<p>Gjykata e Posa\u00e7me kund\u00ebr Korrupsionit dhe Krimit t\u00eb Organizuar (GJKKO) ka caktuar gjyqtaren Irena Gjoka p\u00ebr t\u00eb shqyrtuar n\u00eb seanc\u00ebn paraprake \u00e7\u00ebshtjen penale n\u00eb ngarkim t\u00eb kryetarit t\u00eb Partis\u00eb s\u00eb Liris\u00eb, Ilir Meta dhe ish-bashk\u00ebshortes s\u00eb tij, Monika Kryemadhi.<\/p>\n<p>Shorti elektronik i hedhur n\u00eb GJKKO ka p\u00ebrcaktuar q\u00eb dosja t\u00eb shqyrtohet nga gjyqtarja Gjoka, e cila do t\u00eb vendos\u00eb n\u00ebse do e kaloj\u00eb \u00e7\u00ebshtjen p\u00ebr gjykim, apo do ja kthej\u00eb SPAK-ut p\u00ebr plot\u00ebsim hetimesh.<\/p>\n<p><strong>Dosja<\/strong><\/p>\n<p>Prokuroria e Posa\u00e7me p\u00ebrfundoi hetimet ndaj Ilir Met\u00ebs dhe Monika Kryemadhit p\u00ebr akuzat e korrupsionit, pastrimit t\u00eb parave dhe fshehjes s\u00eb pasuris\u00eb dhe e d\u00ebrgoi dosjen n\u00eb gjykat\u00eb p\u00ebr t\u2019iu n\u00ebnshtruar vler\u00ebsimit n\u00eb seanc\u00eb paraprake.<\/p>\n<p>Po ashtu, jan\u00eb d\u00ebrguar p\u00ebr gjykim si t\u00eb bashk\u00ebpandehur dhe Fatime Kryemadhi, n\u00ebna e Monika Kryemadhit, ish-kreu i AKEP, Pirro Xhixho dhe Ema \u00c7oku, nj\u00eb finacuese e LSI-s\u00eb. Dosja ka t\u00eb b\u00ebj\u00eb me \u00e7\u00ebshtjen CEZ-DIA dhe lobimin e LSI-s\u00eb n\u00eb SHBA.<\/p>\n<p>Sipas SPAK, Meta akuzohet p\u00ebr korrupsion pasiv n\u00eb tre raste, dy prej t\u00eb cilave n\u00eb bashk\u00ebpunim. Ish-bashk\u00ebshortja e tij, Monika Kryemadhi \u00ebsht\u00eb marr\u00eb e pandehur p\u00ebr korrupsion pasiv n\u00eb dy raste t\u00eb kryera n\u00eb bashk\u00ebpunim. Ndaj ish-bashk\u00ebshort\u00ebve r\u00ebndojn\u00eb dhe akuzat p\u00ebr kryere t\u00eb veprave penale\u00a0\u201cPastrimi i produkteve t\u00eb vepr\u00ebs penale ose veprimtaris\u00eb kriminale\u201d\u00a0e kryer n\u00eb bashk\u00ebpunim, \u201cRefuzimi p\u00ebr deklarim, mosdeklarimi, fshehja ose deklarimi i rrem\u00eb i pasurive, interesave private t\u00eb personave t\u00eb zgjedhur dhe n\u00ebpun\u00ebsve publik\u00eb, ose i \u00e7do personi tjet\u00ebr q\u00eb ka detyrimin ligjor p\u00ebr deklarim\u201d. N\u00ebna e Kryemadhit dhe e pandehura Ema \u00c7oku akuzohen p\u00ebr pastrim parash, nd\u00ebrsa Xhixho p\u00ebr korrupsion pasiv t\u00eb kryer n\u00eb bashk\u00ebpunim.<\/p>\n<p>SPAK sqaron se procedimi ndaj Met\u00ebs dhe t\u00eb pandehurve t\u00eb tjer\u00eb ka nisur n\u00eb vitin 2019 dhe \u00ebsht\u00eb zgjeruar n\u00eb vitet pasardh\u00ebse n\u00eb baz\u00eb t\u00eb kall\u00ebzimeve t\u00eb ndryshme. N\u00eb vitin 2024, t\u00eb gjitha procedimet e ve\u00e7uara u bashkuan n\u00eb nj\u00eb t\u00eb vet\u00ebm.<\/p>\n<p>Prej tetorit t\u00eb vitit t\u00eb kaluar, Ilir Meta ndodhet n\u00eb burg, teksa ai dhe t\u00eb pandehurit e tjer\u00eb i kan\u00eb kund\u00ebrshtuar publikisht akuzat e ngritura si t\u00eb montuara politikisht.<\/p>\n<p><strong>Irena Gjoka vendos s\u00ebrish p\u00ebr eksponent\u00ebt e opozit\u00ebs dhe procedimi penal ndaj saj<\/strong><\/p>\n<p>Irena Gjoka \u00ebsht\u00eb nj\u00eb prej gjyqtareve m\u00eb t\u00eb atakuara nga opozita, pasi ajo ka qen\u00eb edhe gjyqtarja n\u00eb vler\u00ebsimet e masave t\u00eb siguris\u00eb p\u00ebr dosjen e Sali Berish\u00ebs, si dhe t\u00eb ish-kryebashkiakut t\u00eb zgjedhur t\u00eb Himar\u00ebs, Fredi Beleri. Ajo e la Berish\u00ebn p\u00ebr rreth nj\u00eb vit n\u00eb mas\u00ebn e \u201carrestit n\u00eb sht\u00ebpi\u201d, nd\u00ebrsa dh\u00ebndrin e tij Jamarb\u00ebr Malltezi n\u00eb \u201carrest me burg\u201d, por q\u00eb iu ndryshua masa nga Apeli. Nd\u00ebrkoh\u00eb, edhe Fredi Belerin e la n\u00eb burg, duke mos e lejuar t\u00eb betohet si kryebashkiak i zgjedhur i Himar\u00ebs.<\/p>\n<p>Rreth dy muaj m\u00eb par\u00eb, Prokuroria e Posa\u00e7me (SPAK) konfirmoi se ka nisur nj\u00eb procedim penal ndaj gjyqtares s\u00eb Gjykat\u00ebs s\u00eb Posa\u00e7me, Irena Gjoka, e cila ka p\u00ebrdorur edhe mbiemrat Maneku dhe Shpata. SPAK b\u00ebri me dije se \u00e7\u00ebshtja \u00ebsht\u00eb regjistruar m\u00eb 5 qershor t\u00eb k\u00ebtij viti p\u00ebr vepr\u00ebn penale\u00a0<em>\u201cFalsifikimi i vulave, i stampave ose i formular\u00ebve\u201d.<\/em><\/p>\n<p>Rreth nj\u00eb viti m\u00eb par\u00eb, mediat greke publikuan vendimin e gjykat\u00ebs s\u00eb Athin\u00ebs p\u00ebr gjyqtaren e Gjykat\u00ebs s\u00eb Posa\u00e7me, Irena Gjoka (Maneku \u2013 Shpata). Nga vendimi v\u00ebrtetohej se ajo \u00ebsht\u00eb d\u00ebbuar nga vendi fqinj n\u00eb vitin 2002 p\u00ebr shkak se kishte p\u00ebrdorur nj\u00eb viz\u00eb t\u00eb falsifikuar dhe p\u00ebr k\u00ebt\u00eb shkak iu ndalua hyrja p\u00ebr 12 vite n\u00eb vendet e zon\u00ebs Shengen.<\/p>\n<p>Media greke raporton se Irena Gjoka ka tentuar t\u00eb hyj\u00eb n\u00eb Greqi m\u00eb 24 dhjetor 2002, bashk\u00eb me bashk\u00ebshortin e saj nga pika kufitare e Kakavij\u00ebs duke p\u00ebrdorur nj\u00eb viz\u00eb konsullore t\u00eb falsifikuar p\u00ebr sa i p\u00ebrket periudh\u00ebs s\u00eb vlefshm\u00ebris\u00eb.<\/p>\n<p><em>N\u00eb at\u00eb koh\u00eb, verio-epiriotasit merrnin viza konsullore 100 dit\u00eb dhe shqiptar\u00ebt deri n\u00eb 90 dit\u00eb. N\u00ebse dikush kishte nj\u00eb viz\u00eb konsullore 100 ditore, ai mund t\u00eb merrte nj\u00eb kart\u00eb identiteti speciale t\u00eb emigrantit (EDTO) n\u00eb Greqi. Ajo kishte falsifikuar koh\u00ebzgjatjen e vlefshm\u00ebris\u00eb s\u00eb viz\u00ebs konsullore p\u00ebr t\u00eb dal\u00eb se ishte 100 dit\u00eb, duke u p\u00ebrpjekur t\u00eb tregonte se gjoja ishte nga Vorio-Epiri. S\u00eb bashku me bashk\u00ebshortin e saj n\u00eb at\u00eb koh\u00eb, ata apeluan n\u00eb nj\u00eb gjykat\u00eb administrative n\u00eb Greqi. K\u00ebrkesa e tyre u refuzua.\u201d<\/em>\u00a0\u2013 thuhej n\u00eb artikull.<\/p>\n<p>N\u00ebse kjo v\u00ebrtetohet, rezulton se Irena Gjoka ka g\u00ebnjyer dy her\u00eb p\u00ebrpara komisionit t\u00eb vetingut edhe duke deklaruar se nuk kishte qen\u00eb kurr\u00eb e d\u00ebnuar brenda apo jsht\u00eb vendit edhe se nuk kishte qen\u00eb kurr\u00eb e debuar nga nj\u00eb shtet i BE-s\u00eb.<\/p>\n<p>Lidhur me vendimin e Gjykat\u00ebs s\u00eb Athin\u00ebs, Irena Gjoka ka dh\u00ebn\u00eb vet\u00ebm nj\u00eb p\u00ebrgjigje t\u00eb shkurt\u00ebr p\u00ebr BIRN ku e mohoi\u00a0kategorikisht.<\/p>\n<p><em>\u201cAbsolutisht nuk jam e d\u00ebnuar nga asnj\u00eb nga autoritetet e drejt\u00ebsis\u00eb greke,\u201d<\/em>\u00a0deklaroi ajo.<\/p>\n","protected":false},"excerpt":{"rendered":"<p>Gjykata e Posa\u00e7me kund\u00ebr Korrupsionit dhe Krimit t\u00eb Organizuar (GJKKO) ka caktuar gjyqtaren Irena Gjoka p\u00ebr t\u00eb shqyrtuar n\u00eb seanc\u00ebn paraprake \u00e7\u00ebshtjen penale n\u00eb ngarkim t\u00eb kryetarit t\u00eb Partis\u00eb s\u00eb Liris\u00eb, Ilir Meta dhe ish-bashk\u00ebshortes s\u00eb tij, Monika Kryemadhi. Shorti elektronik i hedhur n\u00eb GJKKO ka p\u00ebrcaktuar q\u00eb dosja t\u00eb shqyrtohet nga gjyqtarja Gjoka, e &hellip;<\/p>\n","protected":false},"author":4,"featured_media":61715,"comment_status":"closed","ping_status":"closed","sticky":false,"template":"","format":"standard","meta":{"footnotes":""},"categories":[37],"tags":[],"class_list":["post-122419","post","type-post","status-publish","format-standard","has-post-thumbnail","","category-politike"],"_links":{"self":[{"href":"https:\/\/rdnews.al\/index.php\/wp-json\/wp\/v2\/posts\/122419","targetHints":{"allow":["GET"]}}],"collection":[{"href":"https:\/\/rdnews.al\/index.php\/wp-json\/wp\/v2\/posts"}],"about":[{"href":"https:\/\/rdnews.al\/index.php\/wp-json\/wp\/v2\/types\/post"}],"author":[{"embeddable":true,"href":"https:\/\/rdnews.al\/index.php\/wp-json\/wp\/v2\/users\/4"}],"replies":[{"embeddable":true,"href":"https:\/\/rdnews.al\/index.php\/wp-json\/wp\/v2\/comments?post=122419"}],"version-history":[{"count":1,"href":"https:\/\/rdnews.al\/index.php\/wp-json\/wp\/v2\/posts\/122419\/revisions"}],"predecessor-version":[{"id":122420,"href":"https:\/\/rdnews.al\/index.php\/wp-json\/wp\/v2\/posts\/122419\/revisions\/122420"}],"wp:featuredmedia":[{"embeddable":true,"href":"https:\/\/rdnews.al\/index.php\/wp-json\/wp\/v2\/media\/61715"}],"wp:attachment":[{"href":"https:\/\/rdnews.al\/index.php\/wp-json\/wp\/v2\/media?parent=122419"}],"wp:term":[{"taxonomy":"category","embeddable":true,"href":"https:\/\/rdnews.al\/index.php\/wp-json\/wp\/v2\/categories?post=122419"},{"taxonomy":"post_tag","embeddable":true,"href":"https:\/\/rdnews.al\/index.php\/wp-json\/wp\/v2\/tags?post=122419"}],"curies":[{"name":"wp","href":"https:\/\/api.w.org\/{rel}","templated":true}]}}