{"id":122421,"date":"2025-09-03T08:32:22","date_gmt":"2025-09-03T08:32:22","guid":{"rendered":"https:\/\/rdnews.al\/?p=122421"},"modified":"2025-09-03T08:32:48","modified_gmt":"2025-09-03T08:32:48","slug":"shqiperia-me-pagen-minimale-me-te-ulet-ne-europe-34-me-pak-se-mesatarja-e-rajonit","status":"publish","type":"post","link":"https:\/\/rdnews.al\/index.php\/2025\/09\/03\/shqiperia-me-pagen-minimale-me-te-ulet-ne-europe-34-me-pak-se-mesatarja-e-rajonit\/","title":{"rendered":"Shqip\u00ebria me pag\u00ebn minimale m\u00eb t\u00eb ul\u00ebt n\u00eb Europ\u00eb, 34 p\u00ebrqind m\u00eb pak se mesatarja e rajonit"},"content":{"rendered":"<p>Paga minimale mujore bruto n\u00eb\u00a0<strong>Shqip\u00ebr<\/strong>i ishte\u00a0<strong>408 euro<\/strong> n\u00eb fund t\u00eb muajt qershor, sipas t\u00eb dh\u00ebnave t\u00eb fundit t\u00eb p\u00ebrdit\u00ebsuara nga Instituti Europian i Statistikave, Eurostat.<\/p>\n<p>N\u00eb k\u00ebt\u00eb nivel, paga minimale \u00ebsht\u00eb jo vet\u00ebm m\u00eb e ul\u00ebta n\u00eb Europ\u00eb (p\u00ebrjashtuar shtetet e ish Bashkimit Sovjetik), por dhe shum\u00eb m\u00eb pak sesa n\u00eb vendet e tjera t\u00eb Ballkanit Per\u00ebndimor.<\/p>\n<p>Paga m\u00eb e lart\u00eb minimale n\u00eb rajon \u00ebsht\u00eb n\u00eb\u00a0<strong>Mal t\u00eb Zi,<\/strong>\u00a0me\u00a0<strong>670 euro<\/strong>\u00a0n\u00eb muaj. N\u00eb krahasim me kat\u00ebr vjet m\u00eb par\u00eb, ky nivel \u00ebsht\u00eb dyfishuar.<\/p>\n<p>Pas Malit t\u00eb Zi, renditet\u00a0<strong>Serbia<\/strong>, me nj\u00eb pag\u00eb minimale prej\u00a0<strong>618 euro<\/strong>\u00a0n\u00eb muaj, me rritje gati 70% n\u00eb krahasim me gjasht\u00ebmujorin e par\u00eb 2021.<\/p>\n<p>P\u00ebr her\u00eb t\u00eb par\u00eb pas disa vitesh, Eurostat ka p\u00ebrdit\u00ebsuar t\u00eb dh\u00ebnat p\u00ebr\u00a0<strong>Maqdonin\u00eb e Veriut<\/strong>, duke raportuar nj\u00eb nivel prej\u00a0<strong>584 euro\/muaj<\/strong>. Shifrat p\u00ebr Kosov\u00ebn dhe Bosnj\u00ebn nuk jan\u00eb t\u00eb disponueshme. T\u00eb dh\u00ebna t\u00eb tjera b\u00ebjn\u00eb t\u00eb ditur se paga minimale n\u00eb Kosov\u00eb nga 1 tetori i b\u00eb\u00a0350 euro. N\u00eb\u00a0<strong>Bosnj\u00eb<\/strong>, n\u00eb t\u00eb dy federatat varion nga\u00a0<a href=\"https:\/\/www.cxcglobal.com\/global-hiring-guide\/bosnia\/payroll-and-benefits-in-bosnia\/?utm_source=chatgpt.com\" target=\"_blank\" rel=\"noopener\"><strong>511-660 euro\/muaj<\/strong>. <\/a><\/p>\n<p>T\u00eb tre shtetet, Mali i ZI, Serbia, i paguajn\u00eb minimalisht punonj\u00ebsit e tyre me rreth 620 euro n\u00eb muaj. N\u00eb Shqip\u00ebri paga minimale \u00ebsht\u00eb rreth 34% m\u00eb e ul\u00ebt sesa mesatarja e k\u00ebtyre tre shteteve.<\/p>\n<p>N\u00eb Shqip\u00ebri paga minimale nuk ka ndryshuar q\u00eb nga 6 mujori i par\u00eb 2023, pasi ishte rritur disa her\u00eb n\u00eb 2022-n, p\u00ebr t\u00eb arritur n\u00eb 40 mij\u00eb lek\u00eb, sa \u00ebsht\u00eb edhe sot.<\/p>\n<p>N\u00eb tabel\u00ebn e Eurostat, paga minimale n\u00eb Shqip\u00ebri \u00ebsht\u00eb rritur fiktivisht nga 376 euro n\u00eb 6 mujorin e par\u00eb 2023 n\u00eb 408 euro sot p\u00ebr shkak t\u00eb zhvler\u00ebsimit t\u00eb euros, kur realisht fuqia bler\u00ebse ka r\u00ebn\u00eb p\u00ebr shkak t\u00eb \u00e7mimeve q\u00eb jan\u00eb m\u00eb t\u00eb shtrenjta n\u00eb rajon dhe p\u00ebr ushqimet m\u00eb shum\u00eb se mesatarja e Bashkimit Europian.<\/p>\n<p>Ndryshe nga Shqip\u00ebria, vendet e rajonit kan\u00eb vijuar t\u00eb rrisin me shpejt\u00ebsi pagat minimale edhe pas vitit 2023, ku ndryshimi m\u00eb i fort\u00eb ishte n\u00eb Serbi, me 34% m\u00eb shum\u00eb se 6 mujori i par\u00eb 2023, Mali i Zi i ka rritur me 25% dhe Maqedonia e Veriut me 20%.<\/p>\n<p>N\u00eb Bashkimin Europian, sipas t\u00eb dh\u00ebnave t\u00eb Eurostat, jan\u00eb\u00a0 22 shtete q\u00eb kan\u00eb paga minimale. Niveli m\u00eb i lart\u00eb \u00ebsht\u00eb n\u00eb Luksemburg, me 2700 euro\/muaj. Gjermania, nj\u00eb destinacion i preferuar p\u00ebr shqiptar\u00ebt p\u00ebr t\u00eb punuar, renditet e kat\u00ebrta, ku paga m\u00eb e ul\u00ebt mujore bruto \u00ebsht\u00eb 2161 euro. Paga m\u00eb e ul\u00ebt minimale n\u00eb BE \u00ebsht\u00eb n\u00eb Bullgari me 551 euro n\u00eb muaj. N\u00eb Turqi niveli \u00ebsht\u00eb 558 euro.\/<strong><a href=\"https:\/\/monitor.al\/shqiperia-me-pagen-minimale-me-te-ulet-ne-europe-ne-qershor-34-me-pak-se-mesatarja-e-rajonit\/\" target=\"_blank\" rel=\"noopener\">MONITOR<\/a><\/strong><\/p>\n<p><img loading=\"lazy\" decoding=\"async\" class=\"alignnone size-medium wp-image-1594672\" src=\"https:\/\/boldnews.al\/wp-content\/uploads\/2025\/09\/pagat-minimale-2-scaled-1-640x617.jpg\" sizes=\"auto, (max-width: 640px) 100vw, 640px\" srcset=\"https:\/\/boldnews.al\/wp-content\/uploads\/2025\/09\/pagat-minimale-2-scaled-1-640x617.jpg 640w, https:\/\/boldnews.al\/wp-content\/uploads\/2025\/09\/pagat-minimale-2-scaled-1-1280x1234.jpg 1280w, https:\/\/boldnews.al\/wp-content\/uploads\/2025\/09\/pagat-minimale-2-scaled-1-1024x987.jpg 1024w, https:\/\/boldnews.al\/wp-content\/uploads\/2025\/09\/pagat-minimale-2-scaled-1-1536x1481.jpg 1536w, https:\/\/boldnews.al\/wp-content\/uploads\/2025\/09\/pagat-minimale-2-scaled-1-2048x1974.jpg 2048w, https:\/\/boldnews.al\/wp-content\/uploads\/2025\/09\/pagat-minimale-2-scaled-1-750x723.jpg 750w, https:\/\/boldnews.al\/wp-content\/uploads\/2025\/09\/pagat-minimale-2-scaled-1-1140x1099.jpg 1140w\" alt=\"\" width=\"640\" height=\"617\" data-pin-no-hover=\"true\" \/><\/p>\n<div class=\"jeg_ad jeg_ad_article jnews_content_inline_3_ads \">\n<div class=\"ads-wrapper align-center \">\n<div class=\"ads_code\">\n<div class=\"desktopi\" align=\"center\">\n<p>&nbsp;<\/p>\n<div id=\"beacon_add4cb4318\"><img loading=\"lazy\" decoding=\"async\" src=\"https:\/\/ads.adsense.al\/www\/delivery\/lg.php?bannerid=0&amp;campaignid=0&amp;zoneid=138&amp;loc=https%3A%2F%2Fboldnews.al%2F2025%2F09%2F03%2Fshqiperia-me-pagen-minimale-me-te-ulet-ne-europe-34-me-pak-se-mesatarja-e-rajonit%2F&amp;referer=https%3A%2F%2Fboldnews.al%2Fcategory%2Faktualitet%2F&amp;cb=add4cb4318\" alt=\"\" width=\"0\" height=\"0\" \/><\/div>\n<p>&nbsp;<\/p>\n<\/div>\n<\/div>\n<\/div>\n<\/div>\n","protected":false},"excerpt":{"rendered":"<p>Paga minimale mujore bruto n\u00eb\u00a0Shqip\u00ebri ishte\u00a0408 euro n\u00eb fund t\u00eb muajt qershor, sipas t\u00eb dh\u00ebnave t\u00eb fundit t\u00eb p\u00ebrdit\u00ebsuara nga Instituti Europian i Statistikave, Eurostat. N\u00eb k\u00ebt\u00eb nivel, paga minimale \u00ebsht\u00eb jo vet\u00ebm m\u00eb e ul\u00ebta n\u00eb Europ\u00eb (p\u00ebrjashtuar shtetet e ish Bashkimit Sovjetik), por dhe shum\u00eb m\u00eb pak sesa n\u00eb vendet e tjera t\u00eb &hellip;<\/p>\n","protected":false},"author":4,"featured_media":122422,"comment_status":"closed","ping_status":"closed","sticky":false,"template":"","format":"standard","meta":{"footnotes":""},"categories":[37],"tags":[],"class_list":["post-122421","post","type-post","status-publish","format-standard","has-post-thumbnail","","category-politike"],"_links":{"self":[{"href":"https:\/\/rdnews.al\/index.php\/wp-json\/wp\/v2\/posts\/122421","targetHints":{"allow":["GET"]}}],"collection":[{"href":"https:\/\/rdnews.al\/index.php\/wp-json\/wp\/v2\/posts"}],"about":[{"href":"https:\/\/rdnews.al\/index.php\/wp-json\/wp\/v2\/types\/post"}],"author":[{"embeddable":true,"href":"https:\/\/rdnews.al\/index.php\/wp-json\/wp\/v2\/users\/4"}],"replies":[{"embeddable":true,"href":"https:\/\/rdnews.al\/index.php\/wp-json\/wp\/v2\/comments?post=122421"}],"version-history":[{"count":2,"href":"https:\/\/rdnews.al\/index.php\/wp-json\/wp\/v2\/posts\/122421\/revisions"}],"predecessor-version":[{"id":122424,"href":"https:\/\/rdnews.al\/index.php\/wp-json\/wp\/v2\/posts\/122421\/revisions\/122424"}],"wp:featuredmedia":[{"embeddable":true,"href":"https:\/\/rdnews.al\/index.php\/wp-json\/wp\/v2\/media\/122422"}],"wp:attachment":[{"href":"https:\/\/rdnews.al\/index.php\/wp-json\/wp\/v2\/media?parent=122421"}],"wp:term":[{"taxonomy":"category","embeddable":true,"href":"https:\/\/rdnews.al\/index.php\/wp-json\/wp\/v2\/categories?post=122421"},{"taxonomy":"post_tag","embeddable":true,"href":"https:\/\/rdnews.al\/index.php\/wp-json\/wp\/v2\/tags?post=122421"}],"curies":[{"name":"wp","href":"https:\/\/api.w.org\/{rel}","templated":true}]}}