{"id":122451,"date":"2025-09-03T11:23:44","date_gmt":"2025-09-03T11:23:44","guid":{"rendered":"https:\/\/rdnews.al\/?p=122451"},"modified":"2025-09-03T11:23:44","modified_gmt":"2025-09-03T11:23:44","slug":"narko-eurot-e-shkaterruan-ekonomine-familjare-rroga-minimale-ne-shqiperi-eshte-34-me-e-ulet-se-ne-vendet-e-ballkanit","status":"publish","type":"post","link":"https:\/\/rdnews.al\/index.php\/2025\/09\/03\/narko-eurot-e-shkaterruan-ekonomine-familjare-rroga-minimale-ne-shqiperi-eshte-34-me-e-ulet-se-ne-vendet-e-ballkanit\/","title":{"rendered":"Narko-eurot e shkat\u00ebrruan ekonomin\u00eb familjare! Rroga minimale n\u00eb Shqip\u00ebri \u00ebsht\u00eb 34% m\u00eb e ul\u00ebt se n\u00eb vendet e Ballkanit"},"content":{"rendered":"<p>Lideri i opozit\u00ebs, Sali Berisha n\u00eb konferenc\u00ebn p\u00ebr shtyp tha se, narko-eurot e shkat\u00ebrruan ekonomin\u00eb familjare! Rroga minimale n\u00eb Shqip\u00ebri \u00ebsht\u00eb 34 p\u00ebrqind m\u00eb e ul\u00ebt se n\u00eb vendet e Ballkanit<br \/>\nBerisha tha se, Edi Rama se mendon vet\u00ebm p\u00ebr pasurimin e tij personal, nd\u00ebrkoh\u00eb q\u00eb qytetar\u00ebt p\u00ebrballen me varf\u00ebri dhe paga minimale nd\u00ebr m\u00eb t\u00eb ul\u00ebtat n\u00eb rajon.<br \/>\n\u201cNarko-eurot e shkat\u00ebrruan ekonomin\u00eb dhe godasin shum\u00eb r\u00ebnd\u00eb ekonomin\u00eb familjare, krijojn\u00eb shpun\u00ebsim masiv dhe qeveria, Edi Rama mendon se si t\u00eb pasurohet \u00e7do muaj edhe m\u00eb shum\u00eb.<br \/>\nE kam treguar nj\u00ebher\u00eb, do e tregoj edhe 100 her\u00eb, at\u00eb q\u00eb m\u00eb tha pak vite m\u00eb par\u00eb nj\u00eb ambasador i shquar i SHBA n\u00eb Vjen\u00eb.<br \/>\nPati nj\u00eb takim k\u00ebtu me nj\u00eb zyrtar shum\u00eb t\u00eb lart\u00eb, e pyeta se si t\u2019u duk ai n\u00eb at\u00eb takim: \u00e7\u2019t\u00eb t\u00eb them, m\u00eb tha, kam pasur klient\u00eb, jo nj\u00eb, por disa, q\u00eb kishin vjedhur nga nj\u00eb miliard, por nuk ishte asnj\u00ebri prej tyre q\u00eb nuk donte t\u00eb vidhte miliardin e dyt\u00eb.<br \/>\nSe problemi \u00ebsht\u00eb sa m\u00eb shum\u00eb t\u00eb vjedh\u00ebsh, aq m\u00eb shum\u00eb t\u00eb shtohet oreksi p\u00ebr t\u00eb vjedhur.<br \/>\nKjo \u00ebsht\u00eb.<br \/>\nA e mor\u00ebt vesh ju sa rriten pensionet n\u00eb tetor? 3 mji\u00eb gjer n\u00eb 6 mij\u00eb lek\u00eb. Kaq \u00ebsht\u00eb rritja.<br \/>\nP\u00ebr vete ka v\u00ebn\u00eb ligjin, kryeministri e ka pensionin 4 mij\u00eb euro.<br \/>\nPresidenti e ka 3500 euro.<br \/>\nPor problemi \u00ebsht\u00eb i tmerrsh\u00ebm, problemi \u00ebsht\u00eb tek k\u00ebta njer\u00ebz, sepse kjo nuk shpreh vet\u00ebm rrog\u00ebn minimale t\u00eb sektorit shtet\u00ebror, kjo shpreh rrog\u00ebn minimale t\u00eb shtetit, t\u00eb vendit, se kur qeveria rri me nj\u00eb rrog\u00eb t\u00eb till\u00eb minimale, sip\u00ebrmarr\u00ebsi rri dhe rri.<br \/>\nProgrami yn\u00eb ishte shum\u00eb i qart\u00eb, ishte i menj\u00ebhersh\u00ebm.<br \/>\nA e dini ju sa \u00ebsht\u00eb diferenca e rrog\u00ebs minimale me rrog\u00ebn minimale n\u00eb vendet e Ballkanit?<br \/>\nRroga minimale n\u00eb Shqip\u00ebri \u00ebsht\u00eb 34 p\u00ebrqind m\u00eb e ul\u00ebt se n\u00eb vendet e Ballkanit.<br \/>\nMaqedonia e Veriut e ka 584 euro, Serbia e ka 618 euro, Mali i Zi e ka 670 euro.<br \/>\nPra \u00e7do punonj\u00ebs n\u00eb Malin e Zi merr 262 euro m\u00eb shum\u00eb se n\u00eb Shqip\u00ebri si rrog\u00eb minimale.<br \/>\n\u00c7far\u00eb ka Mali i Zi? As nj\u00eb t\u00eb dhjet\u00ebn e pasurive q\u00eb ka Shqip\u00ebria. Asnj\u00eb prej k\u00ebtyre vendeve nuk e kan\u00eb.<br \/>\nPor kan\u00eb nj\u00eb gj\u00eb, q\u00eb nuk vidhen. Qeverit\u00eb e tyre jan\u00eb si jan\u00eb, me shum\u00eb problematika, por nuk vjedhin popullin e tyre si\u00e7 vjedh Edi Rama me Lubin\u00eb.<br \/>\nUrdh\u00ebroni. Vodh\u00ebn 50 milion\u00eb tunelin e Llogaras\u00eb, tani duan t\u00eb vjedhin 60 milion\u00eb n\u00eb aeroportin e Vlor\u00ebs.<br \/>\nNuk kan\u00eb t\u00eb ndalur n\u00eb asgj\u00eb.<br \/>\nShqiptar\u00ebt nuk kan\u00eb pse t\u00eb pranojn\u00eb t\u00eb jen\u00eb m\u00eb t\u00eb keqpaguarit n\u00eb Europ\u00eb.<br \/>\nShqiptar\u00ebt nuk kan\u00eb kurr\u00eb pse t\u00eb pranojn\u00eb k\u00ebt\u00eb q\u00ebndrim prej shpirtkazme t\u00eb qeveritar\u00ebve q\u00eb p\u00ebrcaktojn\u00eb p\u00ebr vete rrogat m\u00eb t\u00eb larta n\u00eb Europ\u00eb n\u00eb raport me rrogat e ul\u00ebta\u201d, u shpreh Berisha.<\/p>\n","protected":false},"excerpt":{"rendered":"<p>Lideri i opozit\u00ebs, Sali Berisha n\u00eb konferenc\u00ebn p\u00ebr shtyp tha se, narko-eurot e shkat\u00ebrruan ekonomin\u00eb familjare! Rroga minimale n\u00eb Shqip\u00ebri \u00ebsht\u00eb 34 p\u00ebrqind m\u00eb e ul\u00ebt se n\u00eb vendet e Ballkanit Berisha tha se, Edi Rama se mendon vet\u00ebm p\u00ebr pasurimin e tij personal, nd\u00ebrkoh\u00eb q\u00eb qytetar\u00ebt p\u00ebrballen me varf\u00ebri dhe paga minimale nd\u00ebr m\u00eb &hellip;<\/p>\n","protected":false},"author":4,"featured_media":122452,"comment_status":"closed","ping_status":"closed","sticky":false,"template":"","format":"standard","meta":{"footnotes":""},"categories":[37],"tags":[],"class_list":["post-122451","post","type-post","status-publish","format-standard","has-post-thumbnail","","category-politike"],"_links":{"self":[{"href":"https:\/\/rdnews.al\/index.php\/wp-json\/wp\/v2\/posts\/122451","targetHints":{"allow":["GET"]}}],"collection":[{"href":"https:\/\/rdnews.al\/index.php\/wp-json\/wp\/v2\/posts"}],"about":[{"href":"https:\/\/rdnews.al\/index.php\/wp-json\/wp\/v2\/types\/post"}],"author":[{"embeddable":true,"href":"https:\/\/rdnews.al\/index.php\/wp-json\/wp\/v2\/users\/4"}],"replies":[{"embeddable":true,"href":"https:\/\/rdnews.al\/index.php\/wp-json\/wp\/v2\/comments?post=122451"}],"version-history":[{"count":1,"href":"https:\/\/rdnews.al\/index.php\/wp-json\/wp\/v2\/posts\/122451\/revisions"}],"predecessor-version":[{"id":122453,"href":"https:\/\/rdnews.al\/index.php\/wp-json\/wp\/v2\/posts\/122451\/revisions\/122453"}],"wp:featuredmedia":[{"embeddable":true,"href":"https:\/\/rdnews.al\/index.php\/wp-json\/wp\/v2\/media\/122452"}],"wp:attachment":[{"href":"https:\/\/rdnews.al\/index.php\/wp-json\/wp\/v2\/media?parent=122451"}],"wp:term":[{"taxonomy":"category","embeddable":true,"href":"https:\/\/rdnews.al\/index.php\/wp-json\/wp\/v2\/categories?post=122451"},{"taxonomy":"post_tag","embeddable":true,"href":"https:\/\/rdnews.al\/index.php\/wp-json\/wp\/v2\/tags?post=122451"}],"curies":[{"name":"wp","href":"https:\/\/api.w.org\/{rel}","templated":true}]}}