{"id":12246,"date":"2022-05-13T15:20:14","date_gmt":"2022-05-13T15:20:14","guid":{"rendered":"https:\/\/rdnews.al\/?p=12246"},"modified":"2022-05-13T15:20:14","modified_gmt":"2022-05-13T15:20:14","slug":"si-vucic-urdheroi-ramen-te-mos-votoje-rezoluten-kunder-serbise-per-genocidin-ne-srebenice","status":"publish","type":"post","link":"https:\/\/rdnews.al\/index.php\/2022\/05\/13\/si-vucic-urdheroi-ramen-te-mos-votoje-rezoluten-kunder-serbise-per-genocidin-ne-srebenice\/","title":{"rendered":"Si Vu\u00e7i\u00e7 urdh\u00ebroi Ram\u00ebn t\u00eb mos votoj\u00eb rezolut\u00ebn kund\u00ebr Serbis\u00eb p\u00ebr genocidin n\u00eb Srebenic\u00eb"},"content":{"rendered":"<p>uk ka m\u00eb dyshime se kush e pengoi votimin e rezolut\u00ebs kund\u00ebr genocidit serb n\u00eb Sebrenic\u00eb. At\u00eb e ka th\u00ebn\u00eb vet\u00eb presidenti serb me goj\u00ebn e tij. Pasi Edi Rama i gjendur n\u00eb nj\u00eb pozit\u00eb shum\u00eb t\u00eb v\u00ebshtir\u00eb u mundua t\u00eb justifikohej me \u201cnon gratat\u201d dhe \u201cletrat e katranit\u201d, Lapsi.al hapi arkivat p\u00ebr t\u00eb k\u00ebrkuar se \u00e7ka th\u00ebn\u00eb Aleksandar Vu\u00e7i\u00e7 n\u00eb momentin kur parlamenti i Kosov\u00ebs dhe ai i Malit t\u00eb Zi vendos\u00ebn t\u00eb d\u00ebnojn\u00eb genocidin n\u00eb Sebrenic\u00eb. N\u00eb 17 qershor 2021, parlamenti i Malit t\u00eb Zi miratoi nj\u00eb rezolut\u00eb q\u00eb ndalon mohimin e gjenocidit t\u00eb Sebrenic\u00ebs, nd\u00ebrsa korrikun e vjetsh\u00ebm, parlamenti i Kosov\u00ebs votoi nj\u00eb rezolut\u00eb kund\u00ebr asaj q\u00eb Mlladi\u00e7 dhe Karaxhi\u00e7 b\u00ebn\u00eb n\u00eb 1995, duke shfarrosur 8 mij\u00eb burra dhe adoleshent\u00eb musliman\u00eb.<\/p>\n<p>Interesant \u00ebsht\u00eb t\u00eb shihet deklarata e presidentit Vu\u00e7i\u00e7 pas ketyre dy rezolutave q\u00eb gjendet ende n\u00eb faqen e Radios Evropa e Lir\u00eb: \u201cRezoluta t\u00eb tilla do t\u00eb vazhdojn\u00eb. Ne mund t\u2019i shmangim ato n\u00eb disa parlamente, fal\u00eb marr\u00ebdh\u00ebnieve miq\u00ebsore, por disa do t\u00eb vazhdojn\u00eb me abuzimin politik ndaj serb\u00ebve\u201d, u tha Vu\u00e7i\u00e7 gazetar\u00ebve gjat\u00eb nj\u00eb vizite n\u00eb nj\u00eb spital t\u00eb Beogradit korrikun e shkuar.<\/p>\n<p>Nuk kaloi m\u00eb pak sesa nj\u00eb vit dhe vullnetin e Vu\u00e7i\u00e7it e d\u00ebshmuan deputet\u00ebt socialist\u00eb q\u00eb rr\u00ebzuan k\u00ebt\u00eb t\u00eb enjte, me shumic\u00eb, draft- rezolut\u00ebn q\u00eb edhe Shqip\u00ebria ta d\u00ebnonte k\u00ebt\u00eb genocid.<\/p>\n<p>Ndoshta ky mund t\u00eb qe edhe nj\u00eb p\u00ebrkim i rast\u00ebsish\u00ebm sikur sinkronizimi i veprimeve mes kryeministrit shqiptar dhe presidentit serb t\u00eb p\u00ebrfundonte k\u00ebtu. Por jo, rast\u00ebsit\u00eb jan\u00eb b\u00ebr\u00eb pak si tep\u00ebr p\u00ebr t\u00eb vazhduar t\u00eb konsiderohen si t\u00eb tilla.<\/p>\n<p>Edi Rama ka kritikuar mbar\u00eb klas\u00ebn politike t\u00eb Kosov\u00ebs (Albin Kurtin, Hashim Tha\u00e7in, Ramush Haradinajn dhe Isa Mustaf\u00ebn) duke q\u00ebndruar n\u00eb krah t\u00eb Vu\u00e7i\u00e7it.<\/p>\n<p>Faktet\/ Rama mori urdh\u00ebr nga Vu\u00e7i\u00e7i: Sulmo lider\u00ebt e Kosov\u00ebs<\/p>\n<p>Ai ka shkuar edhe m\u00eb tej duke u b\u00ebr\u00eb i vetmi lider i rajonit q\u00eb p\u00ebr mos p\u00ebrparimin e dialogut mes Prishtin\u00ebs dhe Beogradit ka faj\u00ebsuar pal\u00ebn shqiptare duke e akuzuar se ajo e p\u00ebrdor at\u00eb p\u00ebr q\u00ebllime t\u00eb politik\u00ebs s\u00eb brend\u00ebshme.<\/p>\n<p>Analiza fjal\u00eb p\u00ebr fjal\u00eb\/ Rama renditet hapur pro Vu\u00e7i\u00e7it dhe kund\u00ebr Kosov\u00ebs<\/p>\n<p>Ai e minimizoi vendimin e mikut t\u00eb tij politik p\u00ebr t\u00eb mos i v\u00ebn\u00eb sanksione Rusis\u00eb pas agresionit n\u00eb Ukrain\u00eb, duke i m\u00ebshuar faktit se Serbia votoi n\u00eb OKB kund\u00ebr nd\u00ebrhyrjes ushtarake.<\/p>\n<p>Q\u00ebndrimi ndaj Rusis\u00eb\/ Vu\u00e7i\u00e7 e ka v\u00ebn\u00eb Ram\u00ebn n\u00eb hall<\/p>\n<p>Deklarata bomb\u00eb e Vu\u00e7i\u00e7\/ Edi Rama e mbrojti Serbin\u00eb n\u00eb samitin e NATO-s<\/p>\n<p>Edhe tani kryeministri shqiptar u rrek ta justifikoj\u00eb aleanc\u00ebn e tij me Vu\u00e7i\u00e7in me lojra fjal\u00ebsh si \u201cloj\u00eb e ul\u00ebt\u201d e \u201ckatranit me boj\u00eb\u201d, \u201cq\u00eb kapet deri edhe pas kockave t\u00eb viktimave t\u00eb kasapit t\u00eb Beogradit, p\u00ebr t\u2019u ringjallur nga varri i tij politik\u201d.<\/p>\n<p>N\u00eb fakt ky votim i shumic\u00ebs socialiste n\u00eb parlament, nuk e b\u00ebn Shqip\u00ebrin\u00eb vet\u00ebm pjes\u00eb t\u00eb bot\u00ebs serbe, por ai krijon nj\u00eb hendek t\u00eb thell\u00eb ndar\u00ebs edhe me Kosov\u00ebn, q\u00eb ka mbajtur nj\u00eb q\u00ebndrim krejt tjet\u00ebr. Lapsi.al ka raportuar se n\u00eb korrikun e shkuar deputet\u00ebt e Kuvendit t\u00eb Kosov\u00ebs miratuan rezolut\u00ebn p\u00ebr d\u00ebnimin e gjenocidit n\u00eb Sebrenic\u00eb n\u00eb Bosnje e Hercegovin\u00eb. Ajo u iniciua nga koalicioni boshnjak n\u00eb Kuvendin e Kosov\u00ebs, Vakat, por edhe aty, sipas urdh\u00ebrit t\u00eb Vu\u00e7i\u00e7it, deputet\u00ebt e List\u00ebs Serbe n\u00eb pamund\u00ebsi p\u00ebr ta ndalur votimin, bojkotuan seanc\u00ebn.<\/p>\n<p>Kryeministri i Kosov\u00ebs, Albin Kurti at\u00ebhere tha se miratimi i rezolut\u00ebs p\u00ebr Sebrenic\u00ebn \u00ebsht\u00eb nj\u00eb \u201cveprim fisnik dhe i duhur\u201d. \u201cAta q\u00eb nuk e pranojn\u00eb fajin e nuk k\u00ebrkojn\u00eb falje, thell\u00eb n\u00eb zem\u00ebr besojn\u00eb se kan\u00eb pasur t\u00eb drejt\u00eb\u201d, tha Kurti.<\/p>\n<p>Nd\u00ebrsa Edi Rama \u00ebsht\u00eb mjaftuar vet\u00ebm me sharjet ndaj Berish\u00ebs, por nuk \u00ebsht\u00eb angazhuar as vet\u00eb p\u00ebr nj\u00eb nism\u00eb t\u00eb till\u00eb duke l\u00ebn\u00eb n\u00eb fuqi fraz\u00ebn e Vu\u00e7i\u00e7it: \u201cDo t\u2019i pengojm\u00eb rezoluta t\u00eb ngjashme n\u00eb parlamentet mike\u201d.<\/p>\n","protected":false},"excerpt":{"rendered":"<p>uk ka m\u00eb dyshime se kush e pengoi votimin e rezolut\u00ebs kund\u00ebr genocidit serb n\u00eb Sebrenic\u00eb. At\u00eb e ka th\u00ebn\u00eb vet\u00eb presidenti serb me goj\u00ebn e tij. Pasi Edi Rama i gjendur n\u00eb nj\u00eb pozit\u00eb shum\u00eb t\u00eb v\u00ebshtir\u00eb u mundua t\u00eb justifikohej me \u201cnon gratat\u201d dhe \u201cletrat e katranit\u201d, Lapsi.al hapi arkivat p\u00ebr t\u00eb k\u00ebrkuar &hellip;<\/p>\n","protected":false},"author":4,"featured_media":12212,"comment_status":"open","ping_status":"open","sticky":false,"template":"","format":"standard","meta":{"footnotes":""},"categories":[38],"tags":[],"class_list":["post-12246","post","type-post","status-publish","format-standard","has-post-thumbnail","","category-bota"],"_links":{"self":[{"href":"https:\/\/rdnews.al\/index.php\/wp-json\/wp\/v2\/posts\/12246","targetHints":{"allow":["GET"]}}],"collection":[{"href":"https:\/\/rdnews.al\/index.php\/wp-json\/wp\/v2\/posts"}],"about":[{"href":"https:\/\/rdnews.al\/index.php\/wp-json\/wp\/v2\/types\/post"}],"author":[{"embeddable":true,"href":"https:\/\/rdnews.al\/index.php\/wp-json\/wp\/v2\/users\/4"}],"replies":[{"embeddable":true,"href":"https:\/\/rdnews.al\/index.php\/wp-json\/wp\/v2\/comments?post=12246"}],"version-history":[{"count":0,"href":"https:\/\/rdnews.al\/index.php\/wp-json\/wp\/v2\/posts\/12246\/revisions"}],"wp:featuredmedia":[{"embeddable":true,"href":"https:\/\/rdnews.al\/index.php\/wp-json\/wp\/v2\/media\/12212"}],"wp:attachment":[{"href":"https:\/\/rdnews.al\/index.php\/wp-json\/wp\/v2\/media?parent=12246"}],"wp:term":[{"taxonomy":"category","embeddable":true,"href":"https:\/\/rdnews.al\/index.php\/wp-json\/wp\/v2\/categories?post=12246"},{"taxonomy":"post_tag","embeddable":true,"href":"https:\/\/rdnews.al\/index.php\/wp-json\/wp\/v2\/tags?post=12246"}],"curies":[{"name":"wp","href":"https:\/\/api.w.org\/{rel}","templated":true}]}}