{"id":122489,"date":"2025-09-03T17:00:04","date_gmt":"2025-09-03T17:00:04","guid":{"rendered":"https:\/\/rdnews.al\/?p=122489"},"modified":"2025-09-03T17:00:04","modified_gmt":"2025-09-03T17:00:04","slug":"foto-tym-dhe-ndotje-prej-tre-ditesh-ne-shkoder-pas-djegjes-se-gomave","status":"publish","type":"post","link":"https:\/\/rdnews.al\/index.php\/2025\/09\/03\/foto-tym-dhe-ndotje-prej-tre-ditesh-ne-shkoder-pas-djegjes-se-gomave\/","title":{"rendered":"Foto\/ Tym dhe ndotje prej tre dit\u00ebsh n\u00eb Shkod\u00ebr pas djegjes s\u00eb gomave!"},"content":{"rendered":"<p>Nj\u00eb zjarr i shp\u00ebrthyer tre dit\u00eb m\u00eb par\u00eb n\u00eb nj\u00eb pik\u00eb grumbullimi gomash n\u00eb Bah\u00e7all\u00ebk t\u00eb Shkodr\u00ebs po vijon t\u00eb krijoj\u00eb shqet\u00ebsim t\u00eb madh te banor\u00ebt e zon\u00ebs.<\/p>\n<p>N\u00eb nj\u00eb denoncim p\u00ebr JOQ, ata shprehen se situata \u00ebsht\u00eb b\u00ebr\u00eb e padurueshme, pasi lagjja prej dit\u00ebsh \u00ebsht\u00eb mbuluar nga nj\u00eb \u201cre\u201d e dendur tymi t\u00eb nxjerr\u00eb nga djegia e gomave.<\/p>\n<p>\u201cKy zjarri \u00ebsht\u00eb q\u00eb tre dit\u00eb duke djegur goma makinash n\u00eb Bah\u00e7all\u00ebk t\u00eb Shkodr\u00ebs. \u00cbsht\u00eb nj\u00eb zon\u00eb e banuar por ka tre dit\u00eb q\u00eb \u00ebsht\u00eb vet\u00ebm mjegull tymi.\u201d \u2013 shkruan denoncuesi.<\/p>\n<p>Banor\u00ebt k\u00ebrkojn\u00eb nd\u00ebrhyrjen e menj\u00ebhershme t\u00eb autoriteteve dhe sh\u00ebrbimit zjarrfik\u00ebs p\u00ebr t\u00eb shuar flak\u00ebt, t\u00eb cilat jo vet\u00ebm po shkaktojn\u00eb ndotje t\u00eb r\u00ebnd\u00eb mjedisore, por edhe rrezikojn\u00eb sh\u00ebndetin e komunitetit.<\/p>\n<p><img loading=\"lazy\" decoding=\"async\" class=\"alignnone size-medium wp-image-122490\" src=\"https:\/\/rdnews.al\/wp-content\/uploads\/2025\/09\/shk-300x169.jpg\" alt=\"\" width=\"300\" height=\"169\" srcset=\"https:\/\/rdnews.al\/wp-content\/uploads\/2025\/09\/shk-300x169.jpg 300w, https:\/\/rdnews.al\/wp-content\/uploads\/2025\/09\/shk-768x432.jpg 768w, https:\/\/rdnews.al\/wp-content\/uploads\/2025\/09\/shk.jpg 1024w\" sizes=\"auto, (max-width: 300px) 100vw, 300px\" \/><\/p>\n","protected":false},"excerpt":{"rendered":"<p>Nj\u00eb zjarr i shp\u00ebrthyer tre dit\u00eb m\u00eb par\u00eb n\u00eb nj\u00eb pik\u00eb grumbullimi gomash n\u00eb Bah\u00e7all\u00ebk t\u00eb Shkodr\u00ebs po vijon t\u00eb krijoj\u00eb shqet\u00ebsim t\u00eb madh te banor\u00ebt e zon\u00ebs. N\u00eb nj\u00eb denoncim p\u00ebr JOQ, ata shprehen se situata \u00ebsht\u00eb b\u00ebr\u00eb e padurueshme, pasi lagjja prej dit\u00ebsh \u00ebsht\u00eb mbuluar nga nj\u00eb \u201cre\u201d e dendur tymi t\u00eb nxjerr\u00eb &hellip;<\/p>\n","protected":false},"author":4,"featured_media":44936,"comment_status":"closed","ping_status":"closed","sticky":false,"template":"","format":"standard","meta":{"footnotes":""},"categories":[37],"tags":[],"class_list":["post-122489","post","type-post","status-publish","format-standard","has-post-thumbnail","","category-politike"],"_links":{"self":[{"href":"https:\/\/rdnews.al\/index.php\/wp-json\/wp\/v2\/posts\/122489","targetHints":{"allow":["GET"]}}],"collection":[{"href":"https:\/\/rdnews.al\/index.php\/wp-json\/wp\/v2\/posts"}],"about":[{"href":"https:\/\/rdnews.al\/index.php\/wp-json\/wp\/v2\/types\/post"}],"author":[{"embeddable":true,"href":"https:\/\/rdnews.al\/index.php\/wp-json\/wp\/v2\/users\/4"}],"replies":[{"embeddable":true,"href":"https:\/\/rdnews.al\/index.php\/wp-json\/wp\/v2\/comments?post=122489"}],"version-history":[{"count":1,"href":"https:\/\/rdnews.al\/index.php\/wp-json\/wp\/v2\/posts\/122489\/revisions"}],"predecessor-version":[{"id":122491,"href":"https:\/\/rdnews.al\/index.php\/wp-json\/wp\/v2\/posts\/122489\/revisions\/122491"}],"wp:featuredmedia":[{"embeddable":true,"href":"https:\/\/rdnews.al\/index.php\/wp-json\/wp\/v2\/media\/44936"}],"wp:attachment":[{"href":"https:\/\/rdnews.al\/index.php\/wp-json\/wp\/v2\/media?parent=122489"}],"wp:term":[{"taxonomy":"category","embeddable":true,"href":"https:\/\/rdnews.al\/index.php\/wp-json\/wp\/v2\/categories?post=122489"},{"taxonomy":"post_tag","embeddable":true,"href":"https:\/\/rdnews.al\/index.php\/wp-json\/wp\/v2\/tags?post=122489"}],"curies":[{"name":"wp","href":"https:\/\/api.w.org\/{rel}","templated":true}]}}