{"id":122512,"date":"2025-09-03T20:08:29","date_gmt":"2025-09-03T20:08:29","guid":{"rendered":"https:\/\/rdnews.al\/?p=122512"},"modified":"2025-09-03T20:08:29","modified_gmt":"2025-09-03T20:08:29","slug":"pse-u-thirr-dumani-dhe-jo-rama-ne-departamentin-e-shtetit","status":"publish","type":"post","link":"https:\/\/rdnews.al\/index.php\/2025\/09\/03\/pse-u-thirr-dumani-dhe-jo-rama-ne-departamentin-e-shtetit\/","title":{"rendered":"Pse u thirr Dumani dhe jo Rama n\u00eb Departamentin e Shtetit?"},"content":{"rendered":"<div class=\"x14z9mp xat24cr x1lziwak x1vvkbs xtlvy1s x126k92a\">\n<div dir=\"auto\"><strong>Ardit ZENELI<\/strong><\/div>\n<div dir=\"auto\"><\/div>\n<div dir=\"auto\">Vizita e kreut t\u00eb SPAK, Altin Dumani, n\u00eb Departamentin Amerikan t\u00eb Shtetit vet\u00ebm kat\u00ebr muaj pas zgjedhjeve t\u00eb fundit, \u00ebsht\u00eb m\u00eb shum\u00eb se nj\u00eb akt formal.<\/div>\n<\/div>\n<div class=\"x14z9mp xat24cr x1lziwak x1vvkbs xtlvy1s x126k92a\">\n<div dir=\"auto\">Q\u00ebllimi i thirrje s\u00eb Dumanit n\u00eb DASh dhe jo n\u00eb Departamentin e Drejt\u00ebsis\u00eb, tregon shum\u00eb!<\/div>\n<\/div>\n<div class=\"x14z9mp xat24cr x1lziwak x1vvkbs xtlvy1s x126k92a\">\n<div dir=\"auto\">P\u00ebrtej konsiderat\u00ebs s\u00eb ul\u00ebt profesionale p\u00ebr kreun e SPAK, e cila sipas meje tregon qart\u00eb preferenc\u00ebn politike t\u00eb tij, nga nj\u00ebra an\u00eb duke goditur liderat e opozit\u00ebs dhe nga ana tjet\u00ebr duke ledhatuar kryeministrin Rama, vizita e sotme e Dumanit n\u00eb DASH \u00ebsht\u00eb nj\u00eb mesazh i qart\u00eb diplomatik: aleati yn\u00eb strategjik zgjedh t\u00eb komunikoj\u00eb drejtp\u00ebrdrejt me drejt\u00ebsin\u00eb, jo me politik\u00ebn.<\/div>\n<\/div>\n<div class=\"x14z9mp xat24cr x1lziwak x1vvkbs xtlvy1s x126k92a\">\n<div dir=\"auto\">N\u00eb kushte normale, pas nj\u00eb fitoreje t\u00eb kat\u00ebrt t\u00eb nj\u00ebpasnj\u00ebshme, do t\u00eb ishte kryeministri apo ministri i jasht\u00ebm q\u00eb do t\u00eb pritej n\u00eb Washington. Por kjo nuk ndodhi. Dhe fakti q\u00eb opozita nuk i njeh zgjedhjet vet\u00ebm e thellon dilemen: sa legjitimitet ka v\u00ebrtet kjo qeveri?<\/div>\n<\/div>\n<div class=\"x14z9mp xat24cr x1lziwak x1vvkbs xtlvy1s x126k92a\">\n<div dir=\"auto\">P\u00ebr qytetarin e zakonsh\u00ebm, ky zhvillim lexohet n\u00eb dy m\u00ebnyra.<\/div>\n<\/div>\n<div class=\"x14z9mp xat24cr x1lziwak x1vvkbs xtlvy1s x126k92a\">\n<div dir=\"auto\">Nga nj\u00ebra an\u00eb, \u00ebsht\u00eb sinjal shprese: m\u00eb n\u00eb fund drejt\u00ebsia po mb\u00ebshtetet nga jasht\u00eb dhe mund t\u00eb b\u00ebhet nj\u00eb kund\u00ebrpesh\u00eb reale ndaj pushtetit t\u00eb korruptuar.<\/div>\n<\/div>\n<div class=\"x14z9mp xat24cr x1lziwak x1vvkbs xtlvy1s x126k92a\">\n<div dir=\"auto\">Nga ana tjet\u00ebr, \u00ebsht\u00eb shenj\u00eb alarmi: n\u00ebse qeveria izolohet diplomatikisht, pasojat bien mbi ekonomin\u00eb dhe integrimin europian, pra mbi ne t\u00eb gjith\u00eb.<\/div>\n<\/div>\n<div class=\"x14z9mp xat24cr x1lziwak x1vvkbs xtlvy1s x126k92a\">\n<div dir=\"auto\">Mesazhi i Washingtonit \u00ebsht\u00eb i qart\u00eb: e ardhmja e Shqip\u00ebris\u00eb nuk do t\u00eb matet m\u00eb me numrin e mandateve, por me forc\u00ebn e institucioneve t\u00eb saj t\u00eb drejt\u00ebsis\u00eb.<\/div>\n<\/div>\n<div class=\"x14z9mp xat24cr x1lziwak x1vvkbs xtlvy1s x126k92a\">\n<div dir=\"auto\">Pyetja \u00ebsht\u00eb n\u00ebse politika jon\u00eb e kupton k\u00ebt\u00eb.<\/div>\n<\/div>\n","protected":false},"excerpt":{"rendered":"<p>Ardit ZENELI Vizita e kreut t\u00eb SPAK, Altin Dumani, n\u00eb Departamentin Amerikan t\u00eb Shtetit vet\u00ebm kat\u00ebr muaj pas zgjedhjeve t\u00eb fundit, \u00ebsht\u00eb m\u00eb shum\u00eb se nj\u00eb akt formal. Q\u00ebllimi i thirrje s\u00eb Dumanit n\u00eb DASh dhe jo n\u00eb Departamentin e Drejt\u00ebsis\u00eb, tregon shum\u00eb! P\u00ebrtej konsiderat\u00ebs s\u00eb ul\u00ebt profesionale p\u00ebr kreun e SPAK, e cila sipas &hellip;<\/p>\n","protected":false},"author":3,"featured_media":122513,"comment_status":"closed","ping_status":"closed","sticky":false,"template":"","format":"standard","meta":{"footnotes":""},"categories":[37],"tags":[],"class_list":["post-122512","post","type-post","status-publish","format-standard","has-post-thumbnail","","category-politike"],"_links":{"self":[{"href":"https:\/\/rdnews.al\/index.php\/wp-json\/wp\/v2\/posts\/122512","targetHints":{"allow":["GET"]}}],"collection":[{"href":"https:\/\/rdnews.al\/index.php\/wp-json\/wp\/v2\/posts"}],"about":[{"href":"https:\/\/rdnews.al\/index.php\/wp-json\/wp\/v2\/types\/post"}],"author":[{"embeddable":true,"href":"https:\/\/rdnews.al\/index.php\/wp-json\/wp\/v2\/users\/3"}],"replies":[{"embeddable":true,"href":"https:\/\/rdnews.al\/index.php\/wp-json\/wp\/v2\/comments?post=122512"}],"version-history":[{"count":1,"href":"https:\/\/rdnews.al\/index.php\/wp-json\/wp\/v2\/posts\/122512\/revisions"}],"predecessor-version":[{"id":122514,"href":"https:\/\/rdnews.al\/index.php\/wp-json\/wp\/v2\/posts\/122512\/revisions\/122514"}],"wp:featuredmedia":[{"embeddable":true,"href":"https:\/\/rdnews.al\/index.php\/wp-json\/wp\/v2\/media\/122513"}],"wp:attachment":[{"href":"https:\/\/rdnews.al\/index.php\/wp-json\/wp\/v2\/media?parent=122512"}],"wp:term":[{"taxonomy":"category","embeddable":true,"href":"https:\/\/rdnews.al\/index.php\/wp-json\/wp\/v2\/categories?post=122512"},{"taxonomy":"post_tag","embeddable":true,"href":"https:\/\/rdnews.al\/index.php\/wp-json\/wp\/v2\/tags?post=122512"}],"curies":[{"name":"wp","href":"https:\/\/api.w.org\/{rel}","templated":true}]}}