{"id":122561,"date":"2025-09-04T16:38:25","date_gmt":"2025-09-04T16:38:25","guid":{"rendered":"https:\/\/rdnews.al\/?p=122561"},"modified":"2025-09-04T16:39:36","modified_gmt":"2025-09-04T16:39:36","slug":"edita-tahiri-asnje-fjale-e-ndotur-e-edi-rames-nuk-ka-fuqi-ta-ndale-dashurine-e-madhe-qe-kemi-per-atdheun","status":"publish","type":"post","link":"https:\/\/rdnews.al\/index.php\/2025\/09\/04\/edita-tahiri-asnje-fjale-e-ndotur-e-edi-rames-nuk-ka-fuqi-ta-ndale-dashurine-e-madhe-qe-kemi-per-atdheun\/","title":{"rendered":"Edita Tahiri: Asnj\u00eb fjal\u00eb e ndotur e Edi Ram\u00ebs nuk ka fuqi ta ndal\u00eb dashurin\u00eb e madhe q\u00eb kemi p\u00ebr Atdheun"},"content":{"rendered":"<p>Ish-ministrja e Jashtme e Kosov\u00ebs, Edita Tahiri ka reaguar ndaj deklaratave fyese dhe raciste t\u00eb Edi Ram\u00ebs, i cili u shpreh se, \u201cshqipet e Kosov\u00ebs dhe Maqedonis\u00eb ndotin bregdetin e Shqip\u00ebris\u00eb\u201d.<\/p>\n<p>Tahiri shkruan se, a snj\u00eb fjal\u00eb e ndotur e Edi Ram\u00ebs nuk ka fuqi ta ndal\u00eb dashurin\u00eb e madhe q\u00eb kemi p\u00ebr Atdheun.<\/p>\n<p>\u201cE duam Shqip\u00ebrin\u00eb, e kemi atdhe t\u00eb shenjt\u00eb-asnj\u00eb fjal\u00eb e pamatur, e ndotur, negative e Edi Ram\u00ebs nuk ka fuqi ta ndal k\u00ebt\u00eb dashuri t\u00eb madhe q\u00eb kemi p\u00ebr atdheun-kryeministrat shkojn\u00eb e marrin turpin me vete, Shqip\u00ebrin\u00eb e kemi p\u00ebrjet\u00eb\u2019, shkruan Edita Tahiri.<\/p>\n","protected":false},"excerpt":{"rendered":"<p>Ish-ministrja e Jashtme e Kosov\u00ebs, Edita Tahiri ka reaguar ndaj deklaratave fyese dhe raciste t\u00eb Edi Ram\u00ebs, i cili u shpreh se, \u201cshqipet e Kosov\u00ebs dhe Maqedonis\u00eb ndotin bregdetin e Shqip\u00ebris\u00eb\u201d. Tahiri shkruan se, a snj\u00eb fjal\u00eb e ndotur e Edi Ram\u00ebs nuk ka fuqi ta ndal\u00eb dashurin\u00eb e madhe q\u00eb kemi p\u00ebr Atdheun. \u201cE &hellip;<\/p>\n","protected":false},"author":4,"featured_media":122562,"comment_status":"closed","ping_status":"closed","sticky":false,"template":"","format":"standard","meta":{"footnotes":""},"categories":[37],"tags":[],"class_list":["post-122561","post","type-post","status-publish","format-standard","has-post-thumbnail","","category-politike"],"_links":{"self":[{"href":"https:\/\/rdnews.al\/index.php\/wp-json\/wp\/v2\/posts\/122561","targetHints":{"allow":["GET"]}}],"collection":[{"href":"https:\/\/rdnews.al\/index.php\/wp-json\/wp\/v2\/posts"}],"about":[{"href":"https:\/\/rdnews.al\/index.php\/wp-json\/wp\/v2\/types\/post"}],"author":[{"embeddable":true,"href":"https:\/\/rdnews.al\/index.php\/wp-json\/wp\/v2\/users\/4"}],"replies":[{"embeddable":true,"href":"https:\/\/rdnews.al\/index.php\/wp-json\/wp\/v2\/comments?post=122561"}],"version-history":[{"count":3,"href":"https:\/\/rdnews.al\/index.php\/wp-json\/wp\/v2\/posts\/122561\/revisions"}],"predecessor-version":[{"id":122565,"href":"https:\/\/rdnews.al\/index.php\/wp-json\/wp\/v2\/posts\/122561\/revisions\/122565"}],"wp:featuredmedia":[{"embeddable":true,"href":"https:\/\/rdnews.al\/index.php\/wp-json\/wp\/v2\/media\/122562"}],"wp:attachment":[{"href":"https:\/\/rdnews.al\/index.php\/wp-json\/wp\/v2\/media?parent=122561"}],"wp:term":[{"taxonomy":"category","embeddable":true,"href":"https:\/\/rdnews.al\/index.php\/wp-json\/wp\/v2\/categories?post=122561"},{"taxonomy":"post_tag","embeddable":true,"href":"https:\/\/rdnews.al\/index.php\/wp-json\/wp\/v2\/tags?post=122561"}],"curies":[{"name":"wp","href":"https:\/\/api.w.org\/{rel}","templated":true}]}}