{"id":122583,"date":"2025-09-05T09:35:04","date_gmt":"2025-09-05T09:35:04","guid":{"rendered":"https:\/\/rdnews.al\/?p=122583"},"modified":"2025-09-05T09:35:04","modified_gmt":"2025-09-05T09:35:04","slug":"berisha-nene-tereza-frymezon-me-shembullin-e-saj-njeriun-dhe-virtytet-e-tij-me-te-larta","status":"publish","type":"post","link":"https:\/\/rdnews.al\/index.php\/2025\/09\/05\/berisha-nene-tereza-frymezon-me-shembullin-e-saj-njeriun-dhe-virtytet-e-tij-me-te-larta\/","title":{"rendered":"Berisha: N\u00ebn\u00eb Tereza frym\u00ebzon me shembullin e saj njeriun dhe virtytet e tij m\u00eb t\u00eb larta!"},"content":{"rendered":"<p>Kryetari i PD, Sali Berisha, n\u00eb dit\u00ebn e shenjt\u00ebrimit t\u00eb N\u00ebn\u00eb Terez\u00ebs, shkruan se, &#8220;N\u00ebn\u00eb Tereza, e shpallur e shenjt\u00eb nga Papa Fran\u00e7esku, vazhdon t\u00eb mbetet simbol i m\u00ebshir\u00ebs, p\u00ebrul\u00ebsis\u00eb dhe sh\u00ebrbimit ndaj m\u00eb t\u00eb dobt\u00ebve&#8221;.<\/p>\n<p>\u201cSot \u00ebsht\u00eb dita e shenjt\u00ebrimit t\u00eb N\u00ebn\u00eb Terez\u00ebs, nobelistes shqiptare q\u00eb me virtytin e shpirtit t\u00eb saj t\u00eb madh i dha nder \u00e7do shqiptari, por edhe \u00e7do njeriu t\u00eb civilizuar. Ajo frym\u00ebzon me shembullin e saj njeriun dhe virtytet e tij m\u00eb t\u00eb larta\u201d, shkruan Berisha.<\/p>\n<p><img loading=\"lazy\" decoding=\"async\" class=\"alignnone size-medium wp-image-122585\" src=\"https:\/\/rdnews.al\/wp-content\/uploads\/2025\/09\/terez-240x300.jpg\" alt=\"\" width=\"240\" height=\"300\" srcset=\"https:\/\/rdnews.al\/wp-content\/uploads\/2025\/09\/terez-240x300.jpg 240w, https:\/\/rdnews.al\/wp-content\/uploads\/2025\/09\/terez-819x1024.jpg 819w, https:\/\/rdnews.al\/wp-content\/uploads\/2025\/09\/terez-768x960.jpg 768w, https:\/\/rdnews.al\/wp-content\/uploads\/2025\/09\/terez.jpg 1024w\" sizes=\"auto, (max-width: 240px) 100vw, 240px\" \/><\/p>\n","protected":false},"excerpt":{"rendered":"<p>Kryetari i PD, Sali Berisha, n\u00eb dit\u00ebn e shenjt\u00ebrimit t\u00eb N\u00ebn\u00eb Terez\u00ebs, shkruan se, &#8220;N\u00ebn\u00eb Tereza, e shpallur e shenjt\u00eb nga Papa Fran\u00e7esku, vazhdon t\u00eb mbetet simbol i m\u00ebshir\u00ebs, p\u00ebrul\u00ebsis\u00eb dhe sh\u00ebrbimit ndaj m\u00eb t\u00eb dobt\u00ebve&#8221;. \u201cSot \u00ebsht\u00eb dita e shenjt\u00ebrimit t\u00eb N\u00ebn\u00eb Terez\u00ebs, nobelistes shqiptare q\u00eb me virtytin e shpirtit t\u00eb saj t\u00eb madh &hellip;<\/p>\n","protected":false},"author":4,"featured_media":122584,"comment_status":"closed","ping_status":"closed","sticky":false,"template":"","format":"standard","meta":{"footnotes":""},"categories":[37],"tags":[],"class_list":["post-122583","post","type-post","status-publish","format-standard","has-post-thumbnail","","category-politike"],"_links":{"self":[{"href":"https:\/\/rdnews.al\/index.php\/wp-json\/wp\/v2\/posts\/122583","targetHints":{"allow":["GET"]}}],"collection":[{"href":"https:\/\/rdnews.al\/index.php\/wp-json\/wp\/v2\/posts"}],"about":[{"href":"https:\/\/rdnews.al\/index.php\/wp-json\/wp\/v2\/types\/post"}],"author":[{"embeddable":true,"href":"https:\/\/rdnews.al\/index.php\/wp-json\/wp\/v2\/users\/4"}],"replies":[{"embeddable":true,"href":"https:\/\/rdnews.al\/index.php\/wp-json\/wp\/v2\/comments?post=122583"}],"version-history":[{"count":1,"href":"https:\/\/rdnews.al\/index.php\/wp-json\/wp\/v2\/posts\/122583\/revisions"}],"predecessor-version":[{"id":122586,"href":"https:\/\/rdnews.al\/index.php\/wp-json\/wp\/v2\/posts\/122583\/revisions\/122586"}],"wp:featuredmedia":[{"embeddable":true,"href":"https:\/\/rdnews.al\/index.php\/wp-json\/wp\/v2\/media\/122584"}],"wp:attachment":[{"href":"https:\/\/rdnews.al\/index.php\/wp-json\/wp\/v2\/media?parent=122583"}],"wp:term":[{"taxonomy":"category","embeddable":true,"href":"https:\/\/rdnews.al\/index.php\/wp-json\/wp\/v2\/categories?post=122583"},{"taxonomy":"post_tag","embeddable":true,"href":"https:\/\/rdnews.al\/index.php\/wp-json\/wp\/v2\/tags?post=122583"}],"curies":[{"name":"wp","href":"https:\/\/api.w.org\/{rel}","templated":true}]}}