{"id":122587,"date":"2025-09-05T09:43:06","date_gmt":"2025-09-05T09:43:06","guid":{"rendered":"https:\/\/rdnews.al\/?p=122587"},"modified":"2025-09-05T09:43:06","modified_gmt":"2025-09-05T09:43:06","slug":"kremlini-nje-raund-i-ri-bisedimesh-mes-trump-dhe-putin-eshte-i-mundshem-shume-shpejt","status":"publish","type":"post","link":"https:\/\/rdnews.al\/index.php\/2025\/09\/05\/kremlini-nje-raund-i-ri-bisedimesh-mes-trump-dhe-putin-eshte-i-mundshem-shume-shpejt\/","title":{"rendered":"Kremlini: Nj\u00eb raund i ri bisedimesh mes Trump dhe Putin \u00ebsht\u00eb i mundsh\u00ebm shum\u00eb shpejt!"},"content":{"rendered":"<p>Agjencia e lajmeve The Guardian shkruan se mediat ruse raportojn\u00eb se nj\u00eb takim i af\u00ebrt mes presidentit n\u00eb detyr\u00eb t\u00eb Amerik\u00ebs Donald Trump dhe kreut t\u00eb shtetit rus Vladimit Putin \u00ebsht\u00eb i mundsh\u00ebm t\u00eb zhvillohet shum\u00eb shpejt.<\/p>\n<p>\u201cNuk kam asnj\u00eb dyshim se n\u00ebse president\u00ebt e konsiderojn\u00eb t\u00eb nevojshme, takimi i tyre mund t\u00eb organizohet shum\u00eb shpejt. Ashtu si\u00e7 u organizua shpejt takimi n\u00eb Alaska,\u201d tha Peskov p\u00ebr median ruse Argumenty i Fakty, duke iu referuar samitit Trump-Putin t\u00eb muajit t\u00eb kaluar.<\/p>\n<p>Peskov gjithashtu tha se kontaktet e pun\u00ebs midis dy vendeve po zhvillohen vazhdimisht.<\/p>\n<p>Lidhur me \u00e7\u00ebshtjen e Ukrain\u00ebs, Presidenti rus Vladimir Putin dukej i pal\u00ebkundur nga propozimet, duke th\u00ebn\u00eb n\u00eb nj\u00eb forum ekonomik n\u00eb Vladivostok se \u00e7do trup\u00eb per\u00ebndimore n\u00eb Ukrain\u00eb do t\u00eb konsiderohej \u201cobjekt legjitim p\u00ebr shkat\u00ebrrim.\u201d \u201cN\u00ebse disa trupa shfaqen atje, ve\u00e7an\u00ebrisht tani gjat\u00eb luftimeve, ne nisemi nga premisa se ata do t\u00eb jen\u00eb objekt legjitim,\u201d tha Putin.<\/p>\n<p>Moska prej koh\u00ebsh ka refuzuar \u00e7do sugjerim p\u00ebr trupa t\u00eb huaj n\u00eb Ukrain\u00eb, duke theksuar se kjo do t\u00eb ishte e papranueshme dhe do t\u00eb p\u00ebrb\u00ebnte nj\u00eb k\u00ebrc\u00ebnim p\u00ebr sigurin\u00eb e saj komb\u00ebtare. Putin argumentoi m\u00eb tej se \u201cn\u00ebse arrihen vendime q\u00eb \u00e7ojn\u00eb n\u00eb paqe, n\u00eb paqe afatgjat\u00eb, at\u00ebher\u00eb un\u00eb thjesht nuk shoh asnj\u00eb kuptim t\u00eb pranis\u00eb s\u00eb tyre n\u00eb territorin e Ukrain\u00ebs.\u201d Ai theksoi se Rusia do t\u00eb \u201cp\u00ebrmbahet\u201d plot\u00ebsisht ndaj \u00e7do marr\u00ebveshjeje q\u00eb arrihet.<\/p>\n<p>Presidenti rus gjithashtu p\u00ebrs\u00ebriti ofert\u00ebn e tij \u2013 q\u00eb tashm\u00eb \u00ebsht\u00eb refuzuar \u2013 p\u00ebr t\u00eb organizuar bisedimet e ardhshme t\u00eb paqes n\u00eb Mosk\u00eb, duke pretenduar se ai \u201cpatjet\u00ebr do t\u00eb siguroj\u00eb kushte dhe siguri.\u201d Putin gjithashtu dukej se refuzonte sugjerimin p\u00ebr t\u00eb mbajtur takimin n\u00eb nj\u00eb vend tjet\u00ebr. \u201cPor n\u00ebse na thon\u00eb: \u2018duam t\u00eb takohemi me ju, por ju duhet t\u00eb shkoni diku tjet\u00ebr p\u00ebr k\u00ebt\u00eb takim\u2019, m\u00eb duket se k\u00ebto jan\u00eb k\u00ebrkesa t\u00eb tepruara ndaj nesh\u201d, tha ai.<\/p>\n","protected":false},"excerpt":{"rendered":"<p>Agjencia e lajmeve The Guardian shkruan se mediat ruse raportojn\u00eb se nj\u00eb takim i af\u00ebrt mes presidentit n\u00eb detyr\u00eb t\u00eb Amerik\u00ebs Donald Trump dhe kreut t\u00eb shtetit rus Vladimit Putin \u00ebsht\u00eb i mundsh\u00ebm t\u00eb zhvillohet shum\u00eb shpejt. \u201cNuk kam asnj\u00eb dyshim se n\u00ebse president\u00ebt e konsiderojn\u00eb t\u00eb nevojshme, takimi i tyre mund t\u00eb organizohet shum\u00eb &hellip;<\/p>\n","protected":false},"author":4,"featured_media":122588,"comment_status":"closed","ping_status":"closed","sticky":false,"template":"","format":"standard","meta":{"footnotes":""},"categories":[38],"tags":[],"class_list":["post-122587","post","type-post","status-publish","format-standard","has-post-thumbnail","","category-bota"],"_links":{"self":[{"href":"https:\/\/rdnews.al\/index.php\/wp-json\/wp\/v2\/posts\/122587","targetHints":{"allow":["GET"]}}],"collection":[{"href":"https:\/\/rdnews.al\/index.php\/wp-json\/wp\/v2\/posts"}],"about":[{"href":"https:\/\/rdnews.al\/index.php\/wp-json\/wp\/v2\/types\/post"}],"author":[{"embeddable":true,"href":"https:\/\/rdnews.al\/index.php\/wp-json\/wp\/v2\/users\/4"}],"replies":[{"embeddable":true,"href":"https:\/\/rdnews.al\/index.php\/wp-json\/wp\/v2\/comments?post=122587"}],"version-history":[{"count":1,"href":"https:\/\/rdnews.al\/index.php\/wp-json\/wp\/v2\/posts\/122587\/revisions"}],"predecessor-version":[{"id":122589,"href":"https:\/\/rdnews.al\/index.php\/wp-json\/wp\/v2\/posts\/122587\/revisions\/122589"}],"wp:featuredmedia":[{"embeddable":true,"href":"https:\/\/rdnews.al\/index.php\/wp-json\/wp\/v2\/media\/122588"}],"wp:attachment":[{"href":"https:\/\/rdnews.al\/index.php\/wp-json\/wp\/v2\/media?parent=122587"}],"wp:term":[{"taxonomy":"category","embeddable":true,"href":"https:\/\/rdnews.al\/index.php\/wp-json\/wp\/v2\/categories?post=122587"},{"taxonomy":"post_tag","embeddable":true,"href":"https:\/\/rdnews.al\/index.php\/wp-json\/wp\/v2\/tags?post=122587"}],"curies":[{"name":"wp","href":"https:\/\/api.w.org\/{rel}","templated":true}]}}