{"id":122603,"date":"2025-09-05T11:01:25","date_gmt":"2025-09-05T11:01:25","guid":{"rendered":"https:\/\/rdnews.al\/?p=122603"},"modified":"2025-09-05T11:01:25","modified_gmt":"2025-09-05T11:01:25","slug":"berisha-shen-nene-tereza-i-dha-nder-emrit-shqiptar-i-dha-nder-cdo-njeriu-te-qyteteruar-mbi-toke","status":"publish","type":"post","link":"https:\/\/rdnews.al\/index.php\/2025\/09\/05\/berisha-shen-nene-tereza-i-dha-nder-emrit-shqiptar-i-dha-nder-cdo-njeriu-te-qyteteruar-mbi-toke\/","title":{"rendered":"Berisha: Sh\u00ebn N\u00ebn\u00eb Tereza i dha nder emrit shqiptar, i dha nder \u00e7do njeriu t\u00eb qytet\u00ebruar mbi tok\u00eb"},"content":{"rendered":"<p>Kryetari i PD, Sali Berisha n\u00eb nj\u00eb deklarat\u00eb p\u00ebr media u shpreh se,\u00a0Sh\u00ebn N\u00ebn\u00eb Tereza i dha nder emrit shqiptar, i dha nder \u00e7do njeriu t\u00eb qytet\u00ebruar mbi tok\u00eb. Ai tha se, N\u00ebn\u00eb Tereza \u00ebsht\u00eb nj\u00eb nga figurat m\u00eb t\u00eb m\u00ebdha t\u00eb historis\u00eb shqiptare dhe bot\u00ebrore..<\/p>\n<p>\u201cSot \u00ebsht\u00eb dita e shenjt\u00ebrimit t\u00eb N\u00ebn\u00eb Terez\u00ebs, Sh\u00ebn Terez\u00ebs, nobelistes shqiptare, e cila me virtytet m\u00eb t\u00eb larta shpirt\u00ebrore, ia doli t\u00eb pushtoj\u00eb mendjet dhe zemrat e mbar\u00eb shqiptar\u00ebve.<\/p>\n<p>T\u00eb shenjt\u00ebrohet p\u00ebr s\u00eb gjalli.<\/p>\n<p>T\u00eb b\u00ebhet nj\u00eb hyjni, aq sa \u00ebsht\u00eb n\u00ebna p\u00ebr \u00e7do individ.<\/p>\n<p>Sh\u00ebn Tereza, apo Sh\u00ebn N\u00ebn\u00eb Tereza i dha nder emrit shqiptar, por i dha nder \u00e7do njeriu t\u00eb qytet\u00ebruar mbi tok\u00eb me sakrific\u00ebn dhe veprimtarin\u00eb e saj.<\/p>\n<p>Ajo sot \u00ebsht\u00eb frym\u00ebzim p\u00ebr virtytet m\u00eb t\u00eb larta t\u00eb njeriut\u201d, tha Berisha.<\/p>\n","protected":false},"excerpt":{"rendered":"<p>Kryetari i PD, Sali Berisha n\u00eb nj\u00eb deklarat\u00eb p\u00ebr media u shpreh se,\u00a0Sh\u00ebn N\u00ebn\u00eb Tereza i dha nder emrit shqiptar, i dha nder \u00e7do njeriu t\u00eb qytet\u00ebruar mbi tok\u00eb. Ai tha se, N\u00ebn\u00eb Tereza \u00ebsht\u00eb nj\u00eb nga figurat m\u00eb t\u00eb m\u00ebdha t\u00eb historis\u00eb shqiptare dhe bot\u00ebrore.. \u201cSot \u00ebsht\u00eb dita e shenjt\u00ebrimit t\u00eb N\u00ebn\u00eb Terez\u00ebs, Sh\u00ebn &hellip;<\/p>\n","protected":false},"author":4,"featured_media":122604,"comment_status":"closed","ping_status":"closed","sticky":false,"template":"","format":"standard","meta":{"footnotes":""},"categories":[37],"tags":[],"class_list":["post-122603","post","type-post","status-publish","format-standard","has-post-thumbnail","","category-politike"],"_links":{"self":[{"href":"https:\/\/rdnews.al\/index.php\/wp-json\/wp\/v2\/posts\/122603","targetHints":{"allow":["GET"]}}],"collection":[{"href":"https:\/\/rdnews.al\/index.php\/wp-json\/wp\/v2\/posts"}],"about":[{"href":"https:\/\/rdnews.al\/index.php\/wp-json\/wp\/v2\/types\/post"}],"author":[{"embeddable":true,"href":"https:\/\/rdnews.al\/index.php\/wp-json\/wp\/v2\/users\/4"}],"replies":[{"embeddable":true,"href":"https:\/\/rdnews.al\/index.php\/wp-json\/wp\/v2\/comments?post=122603"}],"version-history":[{"count":1,"href":"https:\/\/rdnews.al\/index.php\/wp-json\/wp\/v2\/posts\/122603\/revisions"}],"predecessor-version":[{"id":122605,"href":"https:\/\/rdnews.al\/index.php\/wp-json\/wp\/v2\/posts\/122603\/revisions\/122605"}],"wp:featuredmedia":[{"embeddable":true,"href":"https:\/\/rdnews.al\/index.php\/wp-json\/wp\/v2\/media\/122604"}],"wp:attachment":[{"href":"https:\/\/rdnews.al\/index.php\/wp-json\/wp\/v2\/media?parent=122603"}],"wp:term":[{"taxonomy":"category","embeddable":true,"href":"https:\/\/rdnews.al\/index.php\/wp-json\/wp\/v2\/categories?post=122603"},{"taxonomy":"post_tag","embeddable":true,"href":"https:\/\/rdnews.al\/index.php\/wp-json\/wp\/v2\/tags?post=122603"}],"curies":[{"name":"wp","href":"https:\/\/api.w.org\/{rel}","templated":true}]}}