{"id":122612,"date":"2025-09-05T11:35:57","date_gmt":"2025-09-05T11:35:57","guid":{"rendered":"https:\/\/rdnews.al\/?p=122612"},"modified":"2025-09-05T11:35:57","modified_gmt":"2025-09-05T11:35:57","slug":"berisha-pd-fton-fbi-ne-dhe-ministrine-e-drejtesise-ne-shba-te-vazhdoje-hetimin-ndaj-aferes-rama-mcgonigal","status":"publish","type":"post","link":"https:\/\/rdnews.al\/index.php\/2025\/09\/05\/berisha-pd-fton-fbi-ne-dhe-ministrine-e-drejtesise-ne-shba-te-vazhdoje-hetimin-ndaj-aferes-rama-mcgonigal\/","title":{"rendered":"Berisha: PD fton FBI-n\u00eb dhe Ministrin\u00eb e Drejt\u00ebsis\u00eb n\u00eb SHBA t\u00eb vazhdoj\u00eb hetimin ndaj afer\u00ebs Rama-McGonigal"},"content":{"rendered":"<p>Lideri i opozit\u00ebs, Sali Berisha tha se, Partia Demokratike fton FBI-n\u00eb dhe Ministrin\u00eb e Drejt\u00ebsis\u00eb n\u00eb SHBA t\u00eb vazhdoj\u00eb hetimin ndaj k\u00ebsaj organizate t\u00eb tmerrshme kriminale<\/p>\n<p>N\u00eb nj\u00eb deklarat\u00eb p\u00ebr mediat, Berisha tha se, Partia Demokratike do t\u00eb jap\u00eb \u00e7do kontribut t\u00eb mundsh\u00ebm p\u00ebr zbardhjen e plot\u00eb t\u00eb veprimtaris\u00eb s\u00eb nj\u00eb organizate q\u00eb ai e cil\u00ebsoi si \u201ct\u00eb tmerrshme kriminale\u201d.<\/p>\n<p>\u201cPra, duke vler\u00ebsuar, duke p\u00ebrsh\u00ebndetur raportin e inspektorit t\u00eb p\u00ebrgjithsh\u00ebm, ftoj FBI-n\u00eb, Ministrin\u00eb e Drejt\u00ebsis\u00eb, t\u00eb vazhdoj\u00eb hetimin ndaj k\u00ebsaj organizate t\u00eb tmerrshme kriminale.<\/p>\n<p>PD \u00ebsht\u00eb e gatshme t\u00eb jap\u00eb kontributin e saj me d\u00ebshmitar\u00eb, me prova dhe fakte n\u00eb m\u00ebnyr\u00eb q\u00eb veprimtaria e tyre kriminale n\u00eb Shqip\u00ebri t\u00eb marr\u00eb d\u00ebnimin e gjithansh\u00ebm.<\/p>\n<p>Njohjen e gjithanshme dhe d\u00ebnimin e gjithansh\u00ebm\u201d, tha Berisha.<\/p>\n","protected":false},"excerpt":{"rendered":"<p>Lideri i opozit\u00ebs, Sali Berisha tha se, Partia Demokratike fton FBI-n\u00eb dhe Ministrin\u00eb e Drejt\u00ebsis\u00eb n\u00eb SHBA t\u00eb vazhdoj\u00eb hetimin ndaj k\u00ebsaj organizate t\u00eb tmerrshme kriminale N\u00eb nj\u00eb deklarat\u00eb p\u00ebr mediat, Berisha tha se, Partia Demokratike do t\u00eb jap\u00eb \u00e7do kontribut t\u00eb mundsh\u00ebm p\u00ebr zbardhjen e plot\u00eb t\u00eb veprimtaris\u00eb s\u00eb nj\u00eb organizate q\u00eb ai e &hellip;<\/p>\n","protected":false},"author":4,"featured_media":122613,"comment_status":"closed","ping_status":"closed","sticky":false,"template":"","format":"standard","meta":{"footnotes":""},"categories":[37],"tags":[],"class_list":["post-122612","post","type-post","status-publish","format-standard","has-post-thumbnail","","category-politike"],"_links":{"self":[{"href":"https:\/\/rdnews.al\/index.php\/wp-json\/wp\/v2\/posts\/122612","targetHints":{"allow":["GET"]}}],"collection":[{"href":"https:\/\/rdnews.al\/index.php\/wp-json\/wp\/v2\/posts"}],"about":[{"href":"https:\/\/rdnews.al\/index.php\/wp-json\/wp\/v2\/types\/post"}],"author":[{"embeddable":true,"href":"https:\/\/rdnews.al\/index.php\/wp-json\/wp\/v2\/users\/4"}],"replies":[{"embeddable":true,"href":"https:\/\/rdnews.al\/index.php\/wp-json\/wp\/v2\/comments?post=122612"}],"version-history":[{"count":1,"href":"https:\/\/rdnews.al\/index.php\/wp-json\/wp\/v2\/posts\/122612\/revisions"}],"predecessor-version":[{"id":122614,"href":"https:\/\/rdnews.al\/index.php\/wp-json\/wp\/v2\/posts\/122612\/revisions\/122614"}],"wp:featuredmedia":[{"embeddable":true,"href":"https:\/\/rdnews.al\/index.php\/wp-json\/wp\/v2\/media\/122613"}],"wp:attachment":[{"href":"https:\/\/rdnews.al\/index.php\/wp-json\/wp\/v2\/media?parent=122612"}],"wp:term":[{"taxonomy":"category","embeddable":true,"href":"https:\/\/rdnews.al\/index.php\/wp-json\/wp\/v2\/categories?post=122612"},{"taxonomy":"post_tag","embeddable":true,"href":"https:\/\/rdnews.al\/index.php\/wp-json\/wp\/v2\/tags?post=122612"}],"curies":[{"name":"wp","href":"https:\/\/api.w.org\/{rel}","templated":true}]}}