{"id":122615,"date":"2025-09-05T11:40:17","date_gmt":"2025-09-05T11:40:17","guid":{"rendered":"https:\/\/rdnews.al\/?p=122615"},"modified":"2025-09-05T13:27:23","modified_gmt":"2025-09-05T13:27:23","slug":"berisha-edhe-targeti-3-ne-dosjen-mcgonigal-eshte-i-lidhur-me-ramen-behet-fjale-per-tregti-armesh","status":"publish","type":"post","link":"https:\/\/rdnews.al\/index.php\/2025\/09\/05\/berisha-edhe-targeti-3-ne-dosjen-mcgonigal-eshte-i-lidhur-me-ramen-behet-fjale-per-tregti-armesh\/","title":{"rendered":"FBI me hetime t\u00eb reja p\u00ebr Ram\u00ebn\/ I p\u00ebrfshir\u00eb n\u00eb trafik arm\u00ebsh, &#8220;Targeti 3&#8221;"},"content":{"rendered":"<p><strong>Dosja e inspektor\u00ebve t\u00eb Departamentit t\u00eb Drejt\u00ebsis\u00eb t\u00eb SHBA ka sjell\u00eb detaje t\u00eb reja nga afera Rama-McGonigal ku po hetohet edhe p\u00ebrfshirja e Ram\u00ebs n\u00eb afer\u00ebn e trafikut t\u00eb arm\u00ebve.<\/strong><\/p>\n<p>Kryetari i PD, Sali Berisha tha n\u00eb nj\u00eb konferenc\u00eb p\u00ebr shtyp se, edhe Targeti 3 n\u00eb dosjen McGonigal \u00ebsht\u00eb i lidhur me Ram\u00ebn! Ai tha se, b\u00ebhet fjal\u00eb p\u00ebr tregti arm\u00ebsh. Nj\u00eb valixhe me 20 milion\u00eb euro \u00ebsht\u00eb konfiskuar n\u00eb Paris.<\/p>\n<p>\u201cN\u00eb sfond del edhe agjenti i sa sh\u00ebrbimeve, Agron Neza, njeriu q\u00eb rrahte gjoksin posht\u00eb e p\u00ebrpjet\u00eb rrug\u00ebve t\u00eb Tiran\u00ebs se ne i b\u00ebm\u00eb dosjen Sali Berish\u00ebs.<\/p>\n<p>Nj\u00eb llum njer\u00ebzor, n\u00eb funksion t\u00eb kushedi sa sh\u00ebrbimeve dhe q\u00eb n\u00eb fund do merrte porosi edhe nga FBI, por q\u00eb funksiononte si nd\u00ebrlidh\u00ebs besnik i Edi Ram\u00ebs, si kanali sekret i tij.<\/p>\n<p>T\u00eb gjitha k\u00ebto i mbulon Altin Troplini, sikur Skapi t\u00eb ishte nj\u00eb agjenci personale e tij.<\/p>\n<p>N\u00eb sfond, p\u00ebr t\u00eb plot\u00ebsuar kuadrin e nj\u00eb organizate t\u00eb fuqishme kriminale dalin edhe dy, Targeti 3, nj\u00eb shtetas senegalez dhe me radh\u00eb.<\/p>\n<p>Nuk dua t\u00eb abuzoj, por \u00ebsht\u00eb e v\u00ebrtet\u00eb q\u00eb element\u00eb shum\u00eb t\u00eb dyshimt\u00eb kan\u00eb qarkulluar tani p\u00ebr tregtin\u00eb e arm\u00ebve n\u00eb Shqip\u00ebri, dhe jan\u00eb, apo nuk jan\u00eb, k\u00ebt\u00eb nuk mund ta them.<\/p>\n<p>\u00cbsht\u00eb ai q\u00eb mori aksionet e Shot\u00ebs apo nuk \u00ebsht\u00eb, k\u00ebt\u00eb nuk mund ta them.<\/p>\n<p>Por ne, do b\u00ebjm\u00eb gjith\u00e7ka me autoritetet izraelite p\u00ebr t\u00eb m\u00ebsuar t\u00eb v\u00ebrtetat e k\u00ebtyre mafioz\u00ebve.<\/p>\n<p>Nj\u00ebri prej tyre \u00ebsht\u00eb nj\u00eb shtetas amerikan q\u00eb nuk shkel n\u00eb SHBA sepse \u00ebsht\u00eb delinkuent. \u00cbsht\u00eb i akuzuar.<\/p>\n<p>Por ka gj\u00ebra se kush \u00ebsht\u00eb Targeti 3 apo ai tjetri, do gjenden. Por dihet se tregtin\u00eb e arm\u00ebve, Edi Rama ia dha nj\u00eb personi t\u00eb lidhur, sipas disa burimeve, kok\u00eb e xhep me t\u00eb.<\/p>\n<p>Nuk mund t\u00eb them se ai&#8230; duhet par\u00eb n\u00ebse p\u00ebrfaq\u00ebson Targetin 3 apo jo.<\/p>\n<p>B\u00ebhet fjal\u00eb p\u00ebr nj\u00eb hebre, izraelito-afrikan, tjet\u00ebr ky. Ajo \u00e7ka mund t\u2019u them un\u00eb ju, n\u00eb aeroportin e Parisit \u00ebsht\u00eb konfiskuar valixhja diplomatike me 20 milion\u00eb euro, e nisur drejt Shqip\u00ebris\u00eb, me adres\u00eb Shqip\u00ebrin\u00eb.<\/p>\n<p>Dhe k\u00ebt\u00eb e kan\u00eb publikuar mediat franceze\u201d, tha Berisha.<\/p>\n","protected":false},"excerpt":{"rendered":"<p>Dosja e inspektor\u00ebve t\u00eb Departamentit t\u00eb Drejt\u00ebsis\u00eb t\u00eb SHBA ka sjell\u00eb detaje t\u00eb reja nga afera Rama-McGonigal ku po hetohet edhe p\u00ebrfshirja e Ram\u00ebs n\u00eb afer\u00ebn e trafikut t\u00eb arm\u00ebve. Kryetari i PD, Sali Berisha tha n\u00eb nj\u00eb konferenc\u00eb p\u00ebr shtyp se, edhe Targeti 3 n\u00eb dosjen McGonigal \u00ebsht\u00eb i lidhur me Ram\u00ebn! Ai tha &hellip;<\/p>\n","protected":false},"author":4,"featured_media":122315,"comment_status":"closed","ping_status":"closed","sticky":false,"template":"","format":"standard","meta":{"footnotes":""},"categories":[40],"tags":[],"class_list":["post-122615","post","type-post","status-publish","format-standard","has-post-thumbnail","","category-aktualitet"],"_links":{"self":[{"href":"https:\/\/rdnews.al\/index.php\/wp-json\/wp\/v2\/posts\/122615","targetHints":{"allow":["GET"]}}],"collection":[{"href":"https:\/\/rdnews.al\/index.php\/wp-json\/wp\/v2\/posts"}],"about":[{"href":"https:\/\/rdnews.al\/index.php\/wp-json\/wp\/v2\/types\/post"}],"author":[{"embeddable":true,"href":"https:\/\/rdnews.al\/index.php\/wp-json\/wp\/v2\/users\/4"}],"replies":[{"embeddable":true,"href":"https:\/\/rdnews.al\/index.php\/wp-json\/wp\/v2\/comments?post=122615"}],"version-history":[{"count":4,"href":"https:\/\/rdnews.al\/index.php\/wp-json\/wp\/v2\/posts\/122615\/revisions"}],"predecessor-version":[{"id":122633,"href":"https:\/\/rdnews.al\/index.php\/wp-json\/wp\/v2\/posts\/122615\/revisions\/122633"}],"wp:featuredmedia":[{"embeddable":true,"href":"https:\/\/rdnews.al\/index.php\/wp-json\/wp\/v2\/media\/122315"}],"wp:attachment":[{"href":"https:\/\/rdnews.al\/index.php\/wp-json\/wp\/v2\/media?parent=122615"}],"wp:term":[{"taxonomy":"category","embeddable":true,"href":"https:\/\/rdnews.al\/index.php\/wp-json\/wp\/v2\/categories?post=122615"},{"taxonomy":"post_tag","embeddable":true,"href":"https:\/\/rdnews.al\/index.php\/wp-json\/wp\/v2\/tags?post=122615"}],"curies":[{"name":"wp","href":"https:\/\/api.w.org\/{rel}","templated":true}]}}