{"id":122618,"date":"2025-09-05T11:43:46","date_gmt":"2025-09-05T11:43:46","guid":{"rendered":"https:\/\/rdnews.al\/?p=122618"},"modified":"2025-09-05T11:43:46","modified_gmt":"2025-09-05T11:43:46","slug":"berisha-hetimi-i-mcgonigal-eshte-kusht-i-te-gjitha-kushteve-asgje-nuk-mund-ta-mbroje-edi-ramen-nga-bashkeautoresia-ne-krim","status":"publish","type":"post","link":"https:\/\/rdnews.al\/index.php\/2025\/09\/05\/berisha-hetimi-i-mcgonigal-eshte-kusht-i-te-gjitha-kushteve-asgje-nuk-mund-ta-mbroje-edi-ramen-nga-bashkeautoresia-ne-krim\/","title":{"rendered":"Berisha: Hetimi i McGonigal \u00ebsht\u00eb kusht i t\u00eb gjitha kushteve! Asgj\u00eb nuk mund ta mbroj\u00eb Edi Ram\u00ebn nga bashk\u00ebautor\u00ebsia n\u00eb krim!"},"content":{"rendered":"<p>Kryetari i PD, Sali Berisha, n\u00eb konferenc\u00ebn me gazetar\u00ebt tha se, hetimi i McGonigal \u00ebsht\u00eb kusht i t\u00eb gjitha kushteve. Ai theksoi se, asgj\u00eb nuk mund ta mbroj\u00eb Edi Ram\u00ebn sipas tij, nga bashk\u00ebautor\u00ebsia n\u00eb krim.<\/p>\n<p>\u201cDorian Du\u00e7ka q\u00eb ishte dhe promotor kryesor dhe ai thot\u00eb k\u00ebshilltar p\u00ebr Europ\u00ebn i konglomeratit energjetik, qoft\u00eb p\u00ebr fondacionin, qoft\u00eb p\u00ebr korporat\u00ebn, p\u00ebr sip\u00ebrmarrjen, pa asnj\u00eb diskutim ka b\u00ebr\u00eb p\u00ebrpjekjet m\u00eb t\u00eb m\u00ebdha q\u00eb kjo kompani t\u00eb ket\u00eb tentakulat e veta edhe n\u00eb Shqip\u00ebri.<\/p>\n<p>Juve ju kujtohet, Olsi Rama solli nj\u00eb kompani kineze p\u00ebr Spitall\u00ebn. U ul\u00ebn dhe firmos\u00ebn. Olsi Rama pa asnj\u00eb funksion publik, sillte kompanin\u00eb kineze. Natyrisht at\u00eb e sillte Dorian Du\u00e7ka.<\/p>\n<p>Por meq\u00eb m\u00eb pyete p\u00ebr k\u00ebt\u00eb, nj\u00eb aktivitet tjet\u00ebr i v\u00ebrtetuar q\u00eb del p\u00ebr her\u00eb t\u00eb par\u00eb, \u00ebsht\u00eb interesi i fam\u00ebziut McGonigal p\u00ebr reform\u00ebn n\u00eb drejt\u00ebsi.<\/p>\n<p>Kur ne kemi akuzuar Altin Troplinin dhe ndonj\u00eb tjet\u00ebr si ai, p\u00ebr takimet me McGonigalin ai i ka mohuar totalisht ato. Por tani, un\u00eb nuk kam foto t\u00eb takimit, por \u00e7far\u00eb dihet? Dihet gjer\u00ebsisht n\u00eb rrethet e gjyqtar\u00ebve se, njer\u00ebzit paguanin p\u00ebr t\u00eb kaluar vetingun. Kjo dihet, por k\u00ebt\u00eb nuk e heton dot Altin Troplini, veg\u00ebl, l\u00ebvozhg\u00eb e Edi Ram\u00ebs.<\/p>\n<p>McGonigal b\u00ebnte nj\u00eb jet\u00eb t\u00eb shthurur n\u00eb Tiran\u00eb, dihet, \u00ebsht\u00eb shum\u00eb e njohur. Por k\u00ebt\u00eb nuk e heton dot Altin Troplini.<\/p>\n<p>Do kemi pun\u00eb i thot\u00eb! Kujt i thot\u00eb do kemi pun\u00eb? Sergei Shestakov \u00ebsht\u00eb faktuar nga autoritetet amerikane si agjent i sh\u00ebrbimeve sekrete ruse. Shestakov \u00ebsht\u00eb personi t\u00eb cilit McGonigali i mori t\u00eb bij\u00ebn si, interne n\u00eb praktik\u00eb dhe amerikan\u00ebt nga hetimet nxorr\u00ebn se Shestakov \u00ebsht\u00eb nj\u00eb agjent dhe i thot\u00eb, do kemi nj\u00eb akses shum\u00eb t\u00eb mir\u00eb n\u00eb qeverin\u00eb shqiptare i thot\u00eb Shestakovit.<\/p>\n<p>Pra, problemi \u00ebsht\u00eb k\u00ebtu. Se t\u00eb gjitha k\u00ebto ndodhin dhe nj\u00eb njeri mashtron, nj\u00eb njeri shkelmon mbi dosjen dhe mbron k\u00ebt\u00eb krim dhe ky quhet Altin Troplini.<\/p>\n<p>Dhe kur Opozita k\u00ebrkoi t\u00eb krijoj\u00eb komisionin p\u00ebr McGonigal opozita refuzoi n\u00eb m\u00ebnyr\u00eb kategorike. Opozita \u00ebsht\u00eb p\u00ebrball\u00eb nj\u00eb situate e cila e fton at\u00eb p\u00ebr \u00e7do p\u00ebrpjekje n\u00eb zbardhjen e k\u00ebtyre krimeve t\u00eb sh\u00ebmtuara monstruoze t\u00eb Edi Ram\u00ebs dhe mjedisit t\u00eb tij.<\/p>\n<p>Un\u00eb e di se, ata t\u00eb cil\u00ebt jan\u00eb marr\u00eb me vetingun do ta ken\u00eb shum\u00eb t\u00eb v\u00ebshtir\u00eb t\u00eb pranojn\u00eb nd\u00ebrhyrjen e McGonigalit, por e v\u00ebrteta \u00ebsht\u00eb se, jan\u00eb eksponent\u00eb t\u00eb shum\u00eb n\u00eb drejt\u00ebsin\u00eb shqiptare q\u00eb e provojn\u00eb at\u00eb, e faktojn\u00eb at\u00eb.<\/p>\n<p>Hetimi i McGonigal \u00ebsht\u00eb nj\u00eb kusht i t\u00eb gjitha kushteve. Asgj\u00eb nuk mund ta mbroj\u00eb Edi Ram\u00ebn m\u00eb nga bashk\u00ebautor\u00ebsia n\u00eb krimet e McGonigal\u201d, tha Berisha.<\/p>\n","protected":false},"excerpt":{"rendered":"<p>Kryetari i PD, Sali Berisha, n\u00eb konferenc\u00ebn me gazetar\u00ebt tha se, hetimi i McGonigal \u00ebsht\u00eb kusht i t\u00eb gjitha kushteve. Ai theksoi se, asgj\u00eb nuk mund ta mbroj\u00eb Edi Ram\u00ebn sipas tij, nga bashk\u00ebautor\u00ebsia n\u00eb krim. \u201cDorian Du\u00e7ka q\u00eb ishte dhe promotor kryesor dhe ai thot\u00eb k\u00ebshilltar p\u00ebr Europ\u00ebn i konglomeratit energjetik, qoft\u00eb p\u00ebr fondacionin, &hellip;<\/p>\n","protected":false},"author":4,"featured_media":122619,"comment_status":"closed","ping_status":"closed","sticky":false,"template":"","format":"standard","meta":{"footnotes":""},"categories":[37],"tags":[],"class_list":["post-122618","post","type-post","status-publish","format-standard","has-post-thumbnail","","category-politike"],"_links":{"self":[{"href":"https:\/\/rdnews.al\/index.php\/wp-json\/wp\/v2\/posts\/122618","targetHints":{"allow":["GET"]}}],"collection":[{"href":"https:\/\/rdnews.al\/index.php\/wp-json\/wp\/v2\/posts"}],"about":[{"href":"https:\/\/rdnews.al\/index.php\/wp-json\/wp\/v2\/types\/post"}],"author":[{"embeddable":true,"href":"https:\/\/rdnews.al\/index.php\/wp-json\/wp\/v2\/users\/4"}],"replies":[{"embeddable":true,"href":"https:\/\/rdnews.al\/index.php\/wp-json\/wp\/v2\/comments?post=122618"}],"version-history":[{"count":1,"href":"https:\/\/rdnews.al\/index.php\/wp-json\/wp\/v2\/posts\/122618\/revisions"}],"predecessor-version":[{"id":122620,"href":"https:\/\/rdnews.al\/index.php\/wp-json\/wp\/v2\/posts\/122618\/revisions\/122620"}],"wp:featuredmedia":[{"embeddable":true,"href":"https:\/\/rdnews.al\/index.php\/wp-json\/wp\/v2\/media\/122619"}],"wp:attachment":[{"href":"https:\/\/rdnews.al\/index.php\/wp-json\/wp\/v2\/media?parent=122618"}],"wp:term":[{"taxonomy":"category","embeddable":true,"href":"https:\/\/rdnews.al\/index.php\/wp-json\/wp\/v2\/categories?post=122618"},{"taxonomy":"post_tag","embeddable":true,"href":"https:\/\/rdnews.al\/index.php\/wp-json\/wp\/v2\/tags?post=122618"}],"curies":[{"name":"wp","href":"https:\/\/api.w.org\/{rel}","templated":true}]}}