{"id":122621,"date":"2025-09-05T11:48:15","date_gmt":"2025-09-05T11:48:15","guid":{"rendered":"https:\/\/rdnews.al\/?p=122621"},"modified":"2025-09-05T11:48:15","modified_gmt":"2025-09-05T11:48:15","slug":"berisha-vertetimi-i-te-gjitha-shkeljeve-te-renda-ligjore-te-procesit-zgjedhor-eshte-detyrimi-me-absolut-i-pd","status":"publish","type":"post","link":"https:\/\/rdnews.al\/index.php\/2025\/09\/05\/berisha-vertetimi-i-te-gjitha-shkeljeve-te-renda-ligjore-te-procesit-zgjedhor-eshte-detyrimi-me-absolut-i-pd\/","title":{"rendered":"Berisha: V\u00ebrtetimi i t\u00eb gjitha shkeljeve t\u00eb r\u00ebnda ligjore t\u00eb procesit zgjedhor \u00ebsht\u00eb detyrimi m\u00eb absolut i PD\u00a0"},"content":{"rendered":"<p>Kreu i PD, Sali Berisha tha n\u00eb nj\u00eb konferenc\u00eb me gazetar\u00ebt se, v\u00ebrtetimi i t\u00eb gjitha shkeljeve t\u00eb r\u00ebnda ligjore t\u00eb procesit zgjedhor \u00ebsht\u00eb detyrimi m\u00eb absolut i Partis\u00eb Demokratike. Ai tha se, opozita do ta zhvilloj\u00eb betej\u00ebn n\u00eb t\u00eb gjitha frontet, pavar\u00ebsisht pengesave.<\/p>\n<p>\u201cIsa, nuk ka njeri n\u00eb Shqip\u00ebri q\u00eb nuk e di se sistemi i drejt\u00ebsis\u00eb n\u00eb Shqip\u00ebri ndodhet n\u00eb kontroll t\u00eb plot\u00eb t\u00eb Ramaduros.<\/p>\n<p>Por kjo nuk do thot\u00eb q\u00eb ne t\u00eb mos ndjekim procedur\u00ebn.<\/p>\n<p>Nga qindra vendime dhe ne do e japim shifr\u00ebn, 99.9 p\u00ebrqind t\u00eb tyre, q\u00eb nga 20 marsi gjer sot, jan\u00eb dh\u00ebn\u00eb kund\u00ebr opozit\u00ebs dhe pro narkopartis\u00eb s\u00eb shtetit.<\/p>\n<p>Ne nuk kemi iluzione, por ne, thash\u00eb, betej\u00ebn do e b\u00ebjm\u00eb n\u00eb t\u00eb gjitha frontet.<\/p>\n<p>Natyrisht e them k\u00ebtu, dokumentimi, v\u00ebrtetimi i t\u00eb gjitha shkeljeve t\u00eb r\u00ebnda ligjore t\u00eb procesit zgjedhor, i t\u00eb gjitha mekanizmave t\u00eb shnd\u00ebrrimit t\u00eb tij n\u00eb nj\u00eb fars\u00eb, \u00ebsht\u00eb detyrimi m\u00eb absolut i PD-s\u00eb para demokrat\u00ebve shqiptar\u00ebve, para zgjedh\u00ebsve shqiptar\u00eb.<\/p>\n<p>E kund\u00ebrta do t\u00eb ishte nj\u00eb bashk\u00ebpunim n\u00eb krim monstruoz elektoral, do t\u00eb ishte nj\u00eb akt i pafalsh\u00ebm q\u00eb do b\u00ebnte k\u00ebt\u00eb forc\u00eb politike bashk\u00ebfajtore n\u00eb fars\u00ebn elektorale t\u00eb vendit\u201d, tha Berisha.<\/p>\n","protected":false},"excerpt":{"rendered":"<p>Kreu i PD, Sali Berisha tha n\u00eb nj\u00eb konferenc\u00eb me gazetar\u00ebt se, v\u00ebrtetimi i t\u00eb gjitha shkeljeve t\u00eb r\u00ebnda ligjore t\u00eb procesit zgjedhor \u00ebsht\u00eb detyrimi m\u00eb absolut i Partis\u00eb Demokratike. Ai tha se, opozita do ta zhvilloj\u00eb betej\u00ebn n\u00eb t\u00eb gjitha frontet, pavar\u00ebsisht pengesave. \u201cIsa, nuk ka njeri n\u00eb Shqip\u00ebri q\u00eb nuk e di se &hellip;<\/p>\n","protected":false},"author":4,"featured_media":122604,"comment_status":"closed","ping_status":"closed","sticky":false,"template":"","format":"standard","meta":{"footnotes":""},"categories":[37],"tags":[],"class_list":["post-122621","post","type-post","status-publish","format-standard","has-post-thumbnail","","category-politike"],"_links":{"self":[{"href":"https:\/\/rdnews.al\/index.php\/wp-json\/wp\/v2\/posts\/122621","targetHints":{"allow":["GET"]}}],"collection":[{"href":"https:\/\/rdnews.al\/index.php\/wp-json\/wp\/v2\/posts"}],"about":[{"href":"https:\/\/rdnews.al\/index.php\/wp-json\/wp\/v2\/types\/post"}],"author":[{"embeddable":true,"href":"https:\/\/rdnews.al\/index.php\/wp-json\/wp\/v2\/users\/4"}],"replies":[{"embeddable":true,"href":"https:\/\/rdnews.al\/index.php\/wp-json\/wp\/v2\/comments?post=122621"}],"version-history":[{"count":1,"href":"https:\/\/rdnews.al\/index.php\/wp-json\/wp\/v2\/posts\/122621\/revisions"}],"predecessor-version":[{"id":122622,"href":"https:\/\/rdnews.al\/index.php\/wp-json\/wp\/v2\/posts\/122621\/revisions\/122622"}],"wp:featuredmedia":[{"embeddable":true,"href":"https:\/\/rdnews.al\/index.php\/wp-json\/wp\/v2\/media\/122604"}],"wp:attachment":[{"href":"https:\/\/rdnews.al\/index.php\/wp-json\/wp\/v2\/media?parent=122621"}],"wp:term":[{"taxonomy":"category","embeddable":true,"href":"https:\/\/rdnews.al\/index.php\/wp-json\/wp\/v2\/categories?post=122621"},{"taxonomy":"post_tag","embeddable":true,"href":"https:\/\/rdnews.al\/index.php\/wp-json\/wp\/v2\/tags?post=122621"}],"curies":[{"name":"wp","href":"https:\/\/api.w.org\/{rel}","templated":true}]}}