{"id":122645,"date":"2025-09-05T18:03:13","date_gmt":"2025-09-05T18:03:13","guid":{"rendered":"https:\/\/rdnews.al\/?p=122645"},"modified":"2025-09-05T18:16:12","modified_gmt":"2025-09-05T18:16:12","slug":"kellici-ekspozitat-e-rames-ne-kine-jane-sponsorizuar-nga-mcgonigal","status":"publish","type":"post","link":"https:\/\/rdnews.al\/index.php\/2025\/09\/05\/kellici-ekspozitat-e-rames-ne-kine-jane-sponsorizuar-nga-mcgonigal\/","title":{"rendered":"K\u00eblli\u00e7i: Ekspozitat e Ram\u00ebs n\u00eb Kin\u00eb jan\u00eb sponsorizuar nga McGonigal! SPAK asnj\u00eb reagim!"},"content":{"rendered":"<p>Deputeti i zgjedhur i PD, Belind K\u00eblli\u00e7i shkruan se, ekspozitat e \u00e7elura nga kryeministri Edi Rama n\u00eb Kin\u00eb jan\u00eb sponsorizuar nga McGonigal.<\/p>\n<p>Ai shkruan se, nga vet\u00eb kryeministri Edi Rama nuk ka asnj\u00eb t\u00eb dh\u00ebn\u00eb n\u00eb deklarat\u00ebn vjetore t\u00eb pasuris\u00eb, nd\u00ebrsa sinjalizon SPAK q\u00eb t\u00eb b\u00ebj\u00eb verifikime p\u00ebr k\u00ebt\u00eb \u00e7\u00ebshtje.<\/p>\n<p><em>\u201c<\/em>Po k\u00ebto ekspozitat e vizatimeve t\u00eb Edi Ram\u00ebs n\u00eb 2015, t\u00eb sponsorizuara nga CEFC Kineze q\u00eb mbronte shoku i tij i ngusht\u00eb McGonigal, t\u00eb padeklaruara nga vet\u00eb KM n\u00eb deklarat\u00ebn vjetore t\u00eb pasuris\u00eb, do i shoh\u00eb ndonj\u00ebher\u00eb SPAK, apo s\u2019nuk?!!!<\/p>\n<p>Jo p\u00ebr gj\u00eb por u b\u00ebn\u00eb vite q\u00eb flasim p\u00ebr McGonigalin, shokun e tij Ram\u00ebn dhe lidhjet e tyre financiare, por nuk ndjehet kush\u2026<\/p>\n<p>SPAK hi\u00e7! Media hi\u00e7! Rama vet\u00eb, hi\u00e7!<\/p>\n<p>Pa merak, se s\u2019keni par\u00eb asgj\u00eb akoma!, shkruan K\u00eblli\u00e7i.<\/p>\n<p>Rama zgjodhi t\u00eb ekspozoj\u00eb pikturat e tij n\u00eb Kin\u00eb, p\u00ebrmes nj\u00eb organizate jo fitimprur\u00ebse, e quajtur \u2018Maritime Silk Road Society\u2019, e cila n\u00eb faqen e saj zyrtare pati njoftuar ekspozit\u00ebn e kryeministrit shqiptar n\u00eb at\u00eb koh\u00eb (2015), ku pjes\u00ebmarr\u00ebs do t\u00eb ishte vet\u00eb Rama n\u00eb ceremonin\u00eb hap\u00ebse\u201d, shkruan K\u00eblli\u00e7i.<\/p>\n<p><iframe loading=\"lazy\" src=\"https:\/\/www.facebook.com\/plugins\/post.php?href=https%3A%2F%2Fwww.facebook.com%2FBelindKellici.Official%2Fposts%2Fpfbid02KWWFC82prXj5Au4C95jYpCA9i2MoRRj2HcKc53q4RizzS3ddN1DVf6PxbnSYktJZl&amp;show_text=true&amp;width=500\" width=\"500\" height=\"433\" frameborder=\"0\" scrolling=\"no\" allowfullscreen=\"allowfullscreen\" data-mce-fragment=\"1\"><\/iframe><\/p>\n","protected":false},"excerpt":{"rendered":"<p>Deputeti i zgjedhur i PD, Belind K\u00eblli\u00e7i shkruan se, ekspozitat e \u00e7elura nga kryeministri Edi Rama n\u00eb Kin\u00eb jan\u00eb sponsorizuar nga McGonigal. Ai shkruan se, nga vet\u00eb kryeministri Edi Rama nuk ka asnj\u00eb t\u00eb dh\u00ebn\u00eb n\u00eb deklarat\u00ebn vjetore t\u00eb pasuris\u00eb, nd\u00ebrsa sinjalizon SPAK q\u00eb t\u00eb b\u00ebj\u00eb verifikime p\u00ebr k\u00ebt\u00eb \u00e7\u00ebshtje. \u201cPo k\u00ebto ekspozitat e vizatimeve &hellip;<\/p>\n","protected":false},"author":4,"featured_media":37584,"comment_status":"closed","ping_status":"closed","sticky":false,"template":"","format":"standard","meta":{"footnotes":""},"categories":[37],"tags":[],"class_list":["post-122645","post","type-post","status-publish","format-standard","has-post-thumbnail","","category-politike"],"_links":{"self":[{"href":"https:\/\/rdnews.al\/index.php\/wp-json\/wp\/v2\/posts\/122645","targetHints":{"allow":["GET"]}}],"collection":[{"href":"https:\/\/rdnews.al\/index.php\/wp-json\/wp\/v2\/posts"}],"about":[{"href":"https:\/\/rdnews.al\/index.php\/wp-json\/wp\/v2\/types\/post"}],"author":[{"embeddable":true,"href":"https:\/\/rdnews.al\/index.php\/wp-json\/wp\/v2\/users\/4"}],"replies":[{"embeddable":true,"href":"https:\/\/rdnews.al\/index.php\/wp-json\/wp\/v2\/comments?post=122645"}],"version-history":[{"count":4,"href":"https:\/\/rdnews.al\/index.php\/wp-json\/wp\/v2\/posts\/122645\/revisions"}],"predecessor-version":[{"id":122650,"href":"https:\/\/rdnews.al\/index.php\/wp-json\/wp\/v2\/posts\/122645\/revisions\/122650"}],"wp:featuredmedia":[{"embeddable":true,"href":"https:\/\/rdnews.al\/index.php\/wp-json\/wp\/v2\/media\/37584"}],"wp:attachment":[{"href":"https:\/\/rdnews.al\/index.php\/wp-json\/wp\/v2\/media?parent=122645"}],"wp:term":[{"taxonomy":"category","embeddable":true,"href":"https:\/\/rdnews.al\/index.php\/wp-json\/wp\/v2\/categories?post=122645"},{"taxonomy":"post_tag","embeddable":true,"href":"https:\/\/rdnews.al\/index.php\/wp-json\/wp\/v2\/tags?post=122645"}],"curies":[{"name":"wp","href":"https:\/\/api.w.org\/{rel}","templated":true}]}}