{"id":122706,"date":"2025-09-08T11:29:55","date_gmt":"2025-09-08T11:29:55","guid":{"rendered":"https:\/\/rdnews.al\/?p=122706"},"modified":"2025-09-08T11:38:30","modified_gmt":"2025-09-08T11:38:30","slug":"afera-kina-pagoi-udhetimin-me-carter-te-rames-lidhjet-me-kinezet-e-denuar-per-komplot-ndaj-shba","status":"publish","type":"post","link":"https:\/\/rdnews.al\/index.php\/2025\/09\/08\/afera-kina-pagoi-udhetimin-me-carter-te-rames-lidhjet-me-kinezet-e-denuar-per-komplot-ndaj-shba\/","title":{"rendered":"Afera\/ Kina pagoi udh\u00ebtimin me \u00e7arter t\u00eb Ram\u00ebs, lidhjet me kinez\u00ebt e d\u00ebnuar p\u00ebr komplot ndaj SHBA"},"content":{"rendered":"<p>N\u00eb Shtator 2014, Rama vizitoi Kin\u00ebn. Kjo ishte nj\u00eb nga dy vizitat e tij treditore n\u00eb Kin\u00eb. rama udh\u00ebtoi dret Kins me nj\u00eb avion charter. N\u00eb at\u00eb koh\u00eb Rama u akuzua nga opozita se kiste udh\u00ebtuar me avion charter t\u00eb paguar nga taksat e shqiptar\u00ebve. Vet\u00ebm pak dit\u00eb m\u00eb pas, Zyra e Shtypit e Ram\u00ebs deklaroi se pagesa e avionit ishte b\u00ebr\u00eb nga Ambasada kineze.<\/p>\n<p><em>\u201c<\/em><em>Udh\u00ebtimi dhe q\u00ebndrimi i kryeministrit Rama dhe delegacionit q\u00eb e shoq\u00ebron n\u00eb Kin\u00eb \u00ebsht\u00eb organizuar p\u00ebrmes mb\u00ebshtetjes s\u00eb ambasad\u00ebs kineze, fal\u00eb s\u00eb cil\u00ebs kjo vizit\u00eb nuk ka r\u00ebnduar asnj\u00eb qindark\u00eb n\u00eb xhepat e taksapaguesve shqiptar\u00eb\u201d,<\/em>\u00a0thuhet n\u00eb reagimin e Kryeministris\u00eb.<\/p>\n<p>Vizita e Ram\u00ebs n\u00eb Kin\u00eb kishte si q\u00ebllim vendosjen e nj\u00eb bashk\u00ebpunimi strategjik \u00a0Pas vizit\u00ebs s\u00eb par\u00eb n\u00eb vitin 2014, Rama zhvillon edhe nj\u00eb vizit\u00eb t\u00eb dyt\u00eb t\u00eb Kin\u00eb n\u00eb vitin 2015 ku takohet me Presidentin kinez dhe Kryeministrin.<\/p>\n<p>Po ashtu Rama takohet me drejtuesit e kompanis\u00eb kinezez CEFC me t\u00eb cil\u00ebt krijon lidhje t\u00eb fota p\u00ebrmes k\u00ebshilltarit t\u00eb tij, Du\u00e7ka.<\/p>\n<p>Dy biznesmen\u00ebt kinez\u00eb q\u00eb sponsorizuan ekspozit\u00ebn personale t\u00eb Kryeministrit Edi Rama n\u00eb Hong Kong n\u00eb vitin 2015, rezultojn\u00eb se jan\u00eb d\u00ebnuar p\u00ebr korrupsion dhe komplot n\u00eb SHBA dhe Kin\u00eb. Patrik Ho\u00a0 dhe Ye Jianming, drejtues t\u00eb kompanis\u00eb kineze CEFC Energy Company, jan\u00eb d\u00ebnuar n\u00eb vitin 2018, periudh\u00eb q\u00eb korrenspodon pik\u00ebrisht me takimet intensive t\u00eb Kryeministrit Edi Rama, ish-agjentit t\u00eb FBI Charles Mcgonigal dhe nd\u00ebrmjet\u00ebsit t\u00eb tyre, Dorian Du\u00e7ka, i cili rezulton se ka punuar p\u00ebr kompanin\u00eb Kineze.<\/p>\n<p>Lidhjet e Ram\u00ebs me njer\u00ebzit kryesor\u00eb q\u00eb kan\u00eb komplotuar kund\u00ebr SHBA n\u00eb rastin konkret drejtuesit e CEFC, McGonigal dhe k\u00ebshilltari i Ram\u00ebs, Du\u00e7ka e kompromentojn\u00eb Ram\u00ebn n\u00eb afer\u00ebn kineze kund\u00ebr FBI dhe SHBA. <em>\u00a0<\/em><\/p>\n<p><em>\u00a0<\/em><\/p>\n","protected":false},"excerpt":{"rendered":"<p>N\u00eb Shtator 2014, Rama vizitoi Kin\u00ebn. Kjo ishte nj\u00eb nga dy vizitat e tij treditore n\u00eb Kin\u00eb. rama udh\u00ebtoi dret Kins me nj\u00eb avion charter. N\u00eb at\u00eb koh\u00eb Rama u akuzua nga opozita se kiste udh\u00ebtuar me avion charter t\u00eb paguar nga taksat e shqiptar\u00ebve. Vet\u00ebm pak dit\u00eb m\u00eb pas, Zyra e Shtypit e Ram\u00ebs &hellip;<\/p>\n","protected":false},"author":3,"featured_media":122707,"comment_status":"closed","ping_status":"closed","sticky":false,"template":"","format":"standard","meta":{"footnotes":""},"categories":[37],"tags":[],"class_list":["post-122706","post","type-post","status-publish","format-standard","has-post-thumbnail","","category-politike"],"_links":{"self":[{"href":"https:\/\/rdnews.al\/index.php\/wp-json\/wp\/v2\/posts\/122706","targetHints":{"allow":["GET"]}}],"collection":[{"href":"https:\/\/rdnews.al\/index.php\/wp-json\/wp\/v2\/posts"}],"about":[{"href":"https:\/\/rdnews.al\/index.php\/wp-json\/wp\/v2\/types\/post"}],"author":[{"embeddable":true,"href":"https:\/\/rdnews.al\/index.php\/wp-json\/wp\/v2\/users\/3"}],"replies":[{"embeddable":true,"href":"https:\/\/rdnews.al\/index.php\/wp-json\/wp\/v2\/comments?post=122706"}],"version-history":[{"count":2,"href":"https:\/\/rdnews.al\/index.php\/wp-json\/wp\/v2\/posts\/122706\/revisions"}],"predecessor-version":[{"id":122709,"href":"https:\/\/rdnews.al\/index.php\/wp-json\/wp\/v2\/posts\/122706\/revisions\/122709"}],"wp:featuredmedia":[{"embeddable":true,"href":"https:\/\/rdnews.al\/index.php\/wp-json\/wp\/v2\/media\/122707"}],"wp:attachment":[{"href":"https:\/\/rdnews.al\/index.php\/wp-json\/wp\/v2\/media?parent=122706"}],"wp:term":[{"taxonomy":"category","embeddable":true,"href":"https:\/\/rdnews.al\/index.php\/wp-json\/wp\/v2\/categories?post=122706"},{"taxonomy":"post_tag","embeddable":true,"href":"https:\/\/rdnews.al\/index.php\/wp-json\/wp\/v2\/tags?post=122706"}],"curies":[{"name":"wp","href":"https:\/\/api.w.org\/{rel}","templated":true}]}}