{"id":122727,"date":"2025-09-08T15:25:12","date_gmt":"2025-09-08T15:25:12","guid":{"rendered":"https:\/\/rdnews.al\/?p=122727"},"modified":"2025-09-08T21:12:50","modified_gmt":"2025-09-08T21:12:50","slug":"eliona-shkreli-shkodra-eshte-kthyer-ne-arene-lufte-nen-drejtimin-e-edi-rames-dhe-benet-becit","status":"publish","type":"post","link":"https:\/\/rdnews.al\/index.php\/2025\/09\/08\/eliona-shkreli-shkodra-eshte-kthyer-ne-arene-lufte-nen-drejtimin-e-edi-rames-dhe-benet-becit\/","title":{"rendered":"Shkreli: Shkodra, aren\u00eb lufte! Qyteti nuk ka siguri n\u00ebn drejtimin e Edi Ram\u00ebs dhe Benet Becit!"},"content":{"rendered":"<p>Kryetarja e PD, Shkod\u00ebr, Eliona Kodra Shkreli ka reaguar ashp\u00ebr pas masakr\u00ebs kriminale q\u00eb trondioti qytetin verior.<\/p>\n<p>N\u00eb nj\u00eb deklarat\u00eb p\u00ebr mediat, Shkreli d\u00ebnoi k\u00ebt\u00eb krim makab\u00ebr duke e cil\u00ebsuar ngjarjen si nj\u00eb bilanc lufte q\u00eb i ka marr\u00eb Shkodr\u00ebs s\u00eb kultur\u00ebs dhe dijes paqen dhe sigurin\u00eb, duke e kthyer dit\u00ebn e par\u00eb t\u00eb vitit shkollor nga fest\u00eb n\u00eb tragjedi.<\/p>\n<p>Shkreli ka akuzuar drejtp\u00ebrdrejt qeverin\u00eb Rama dhe kryebashkiakun Benet Beci p\u00ebr paaft\u00ebsin\u00eb dhe munges\u00ebn e masave p\u00ebr parandalimin e krimit, duke theksuar se nd\u00ebrkoh\u00eb q\u00eb qytetar\u00ebt jetojn\u00eb mes frik\u00ebs dhe plumbave, pushtetar\u00ebt merren me em\u00ebrime dhe shkarkime politike.<\/p>\n<p><strong>Deklarata e plot\u00eb<\/strong><\/p>\n<p>Sot Shkodra u trondit nga breshnit\u00eb e automatikut.<\/p>\n<p>Nj\u00eb bilanc tragjik me 2 t\u00eb vdekur dhe 2 t\u00eb plagosur \u00ebsht\u00eb kjo q\u00eb Shkodr\u00ebs s\u00eb kultur\u00ebs dhe dijes i ofrohet n\u00eb dit\u00ebn e par\u00eb t\u00eb shkollave!<\/p>\n<p>Nd\u00ebrkoh\u00eb q\u00eb sot, rrug\u00ebt e qytetit duhej t\u00eb gum\u00ebzhinin nga z\u00ebrat e g\u00ebzuar t\u00eb f\u00ebmij\u00ebve dhe nga urimet p\u00ebr nj\u00eb vit shkollor t\u00eb mbar\u00eb, q\u00ebndra e Shkodr\u00ebs u mbulua nga bresh\u00ebrit\u00eb e plumbave dhe gjaku i shkodran\u00ebve.<\/p>\n<p>Shkodra jeton koh\u00ebt e pasiguris\u00eb pasi vet\u00ebm pak dit\u00eb m\u00eb par\u00eb, nj\u00eb tjet\u00ebr vrasje ndodhi n\u00eb q\u00ebnd\u00ebr t\u00eb \u00ebytetit. Tashm\u00eb krimi nuk njeh v\u00ebnd e as koh\u00eb\u2026.Shkodra nuk ka m\u00eb siguri as n\u00eb rrug\u00eb, as n\u00eb lokal, as dit\u00ebn e as nat\u00ebn! Sot krimi ndodh n\u00eb q\u00ebnd\u00ebr t\u00eb qyteti, n\u00eb oraret m\u00eb t\u00eb frekuentuara, br\u00ebnda n\u00eb lokale. Sot plumbat po marrin jet\u00eb t\u00eb pafajshmish. Dita e sotme \u00ebsht\u00eb nj\u00eb bilanc lufte!<\/p>\n<p>Ky \u00ebsht\u00eb shteti i Edi Ram\u00ebs dhe Benet Becit, nj\u00eb shtet i paaft\u00eb p\u00ebr t\u00eb parandaluar ngjarje t\u00eb tilla tragjike. Kjo \u00ebsht\u00eb pasiguria me t\u00eb cil\u00ebn p\u00ebrballet Shkodra dhe qytetar\u00ebt shkodran\u00eb.<\/p>\n<p>Kjo vrasje kriminale ndodhi vet\u00ebm pak metra larg zyr\u00ebs t\u00eb kryebashkiakut dhe drejtuesit politik Rilindas, Benet Beci, i cili nd\u00ebrkoh\u00eb q\u00eb blindohet n\u00eb zyr\u00ebn e Tij p\u00ebr t\u00eb b\u00ebr\u00eb listat e shkarkimeve nga puna, jasht\u00eb dyerve t\u00eb mbyllura t\u00eb Tij ndodh makabriteti me viktima t\u00eb pafajshme. Taksat e qytetar\u00ebve shkodran\u00eb p\u00ebrdoren mga Benet Beci p\u00ebr pun\u00ebsime partie, nd\u00ebrkoh\u00eb q\u00eb do duhej t\u00eb shkonin n\u00eb mbrojtjen e qytetar\u00ebve, t\u00eb sigurimit t\u00eb rendit n\u00eb Shkod\u00ebr nga struktura e policis\u00eb bashkiake e drejtuar nga Ai.<\/p>\n<p>Pasaporta Euorpiane e kryeministrit Rama \u00ebsht\u00eb n\u00eb fakt pasaporta e krimit, paaft\u00ebsia e nj\u00eb shteti p\u00ebr t\u2019i siguruar qytetar\u00ebve t\u00eb\u00a0 t\u00eb tij rend dhe siguri. Pasaporta Europiane \u00ebsht\u00eb policia totalisht e paaft\u00eb p\u00ebr t\u00eb siguruar jet\u00ebn e njer\u00ebzve pavar\u00ebsisht se paguhen nga taksat e shqiptar\u00ebve p\u00ebr t\u2019i mbrojtur dhe p\u00ebr t\u00eb parandaluar krime t\u00eb tilla trondit\u00ebse, t\u00eb denja p\u00ebr skenare filmash q\u00eb jan\u00eb par\u00eb e d\u00ebgjuar n\u00eb Si\u00e7ilin\u00eb e viteve 80.<\/p>\n<p>Partia Demokratike i b\u00ebn thirrje strukturave policore t\u00eb kryejn\u00eb detyr\u00ebn q\u00eb i k\u00ebrkon ligji, t\u00eb parandalojn\u00eb ngjarje t\u00eb tilla kriminale dhe t\u00eb sigurojn\u00eb jet\u00ebt e qytetar\u00ebve shkodran\u00eb! Detyra e policis\u00eb s\u00eb shtetit nuk \u00ebsht\u00eb vet\u00ebm vendosja e gjobave me urdh\u00ebr t\u00eb shefave, por detyrat kryesore te saj jan\u00eb lufta ndaj krimit, siguria dhe rendi dhe mbrojtja e jet\u00ebs s\u00eb \u00ebytetar\u00ebve shkodran\u00eb.<\/p>\n<p>Partia Demokratike shpreh ngush\u00ebllimet m\u00eb t\u00eb sinqerta p\u00ebr familjar\u00ebt e viktimave t\u00eb k\u00ebsaj ngjarje makabre.<\/p>\n<p><iframe loading=\"lazy\" style=\"border: none; overflow: hidden;\" src=\"https:\/\/www.facebook.com\/plugins\/video.php?height=315&amp;href=https%3A%2F%2Fwww.facebook.com%2Feliona.kodrashkreli%2Fvideos%2F1761247097843847%2F&amp;show_text=false&amp;width=560&amp;t=0\" width=\"560\" height=\"315\" frameborder=\"0\" scrolling=\"no\" allowfullscreen=\"allowfullscreen\"><\/iframe><\/p>\n","protected":false},"excerpt":{"rendered":"<p>Kryetarja e PD, Shkod\u00ebr, Eliona Kodra Shkreli ka reaguar ashp\u00ebr pas masakr\u00ebs kriminale q\u00eb trondioti qytetin verior. N\u00eb nj\u00eb deklarat\u00eb p\u00ebr mediat, Shkreli d\u00ebnoi k\u00ebt\u00eb krim makab\u00ebr duke e cil\u00ebsuar ngjarjen si nj\u00eb bilanc lufte q\u00eb i ka marr\u00eb Shkodr\u00ebs s\u00eb kultur\u00ebs dhe dijes paqen dhe sigurin\u00eb, duke e kthyer dit\u00ebn e par\u00eb t\u00eb vitit &hellip;<\/p>\n","protected":false},"author":4,"featured_media":122728,"comment_status":"closed","ping_status":"closed","sticky":false,"template":"","format":"standard","meta":{"footnotes":""},"categories":[37],"tags":[],"class_list":["post-122727","post","type-post","status-publish","format-standard","has-post-thumbnail","","category-politike"],"_links":{"self":[{"href":"https:\/\/rdnews.al\/index.php\/wp-json\/wp\/v2\/posts\/122727","targetHints":{"allow":["GET"]}}],"collection":[{"href":"https:\/\/rdnews.al\/index.php\/wp-json\/wp\/v2\/posts"}],"about":[{"href":"https:\/\/rdnews.al\/index.php\/wp-json\/wp\/v2\/types\/post"}],"author":[{"embeddable":true,"href":"https:\/\/rdnews.al\/index.php\/wp-json\/wp\/v2\/users\/4"}],"replies":[{"embeddable":true,"href":"https:\/\/rdnews.al\/index.php\/wp-json\/wp\/v2\/comments?post=122727"}],"version-history":[{"count":5,"href":"https:\/\/rdnews.al\/index.php\/wp-json\/wp\/v2\/posts\/122727\/revisions"}],"predecessor-version":[{"id":122767,"href":"https:\/\/rdnews.al\/index.php\/wp-json\/wp\/v2\/posts\/122727\/revisions\/122767"}],"wp:featuredmedia":[{"embeddable":true,"href":"https:\/\/rdnews.al\/index.php\/wp-json\/wp\/v2\/media\/122728"}],"wp:attachment":[{"href":"https:\/\/rdnews.al\/index.php\/wp-json\/wp\/v2\/media?parent=122727"}],"wp:term":[{"taxonomy":"category","embeddable":true,"href":"https:\/\/rdnews.al\/index.php\/wp-json\/wp\/v2\/categories?post=122727"},{"taxonomy":"post_tag","embeddable":true,"href":"https:\/\/rdnews.al\/index.php\/wp-json\/wp\/v2\/tags?post=122727"}],"curies":[{"name":"wp","href":"https:\/\/api.w.org\/{rel}","templated":true}]}}