{"id":122876,"date":"2025-09-10T10:08:22","date_gmt":"2025-09-10T10:08:22","guid":{"rendered":"https:\/\/rdnews.al\/?p=122876"},"modified":"2025-09-10T10:08:38","modified_gmt":"2025-09-10T10:08:38","slug":"protesta-ne-te-gjithe-francen-kunder-macron","status":"publish","type":"post","link":"https:\/\/rdnews.al\/index.php\/2025\/09\/10\/protesta-ne-te-gjithe-francen-kunder-macron\/","title":{"rendered":"Nisin protestat n\u00eb t\u00eb gjith\u00eb Franc\u00ebn kund\u00ebr Macron"},"content":{"rendered":"<p class=\"selectionShareable\">Franca e filloi dit\u00ebn me protesta kund\u00ebr politikave socio-ekonomike t\u00eb Presidentit Emmanuel Macron, transmeton Anadolu.<\/p>\n<p class=\"selectionShareable\">P\u00ebr muaj t\u00eb t\u00ebr\u00eb, protestat jan\u00eb sh\u00ebnuar n\u00eb t\u00eb gjith\u00eb Franc\u00ebn, pas thirrjeve t\u00eb b\u00ebra n\u00eb platformat e mediave sociale n\u00ebn sloganin &#8220;Le t\u00eb ndalojm\u00eb gjith\u00e7ka&#8221;.<\/p>\n<p class=\"selectionShareable\">Protestuesit q\u00eb kund\u00ebrshtojn\u00eb politikat socio-ekonomike t\u00eb Macronit kan\u00eb nd\u00ebrmarr\u00eb iniciativa t\u00eb ndryshme q\u00eb nga or\u00ebt e para t\u00eb m\u00ebngjesit n\u00eb kryeqytetin Parisi si dhe qytetet Lion dhe Rennes p\u00ebr t\u00eb ndaluar trafikun dhe p\u00ebr t\u00eb penguar hyrjen e autobus\u00ebve n\u00eb qytet.<\/p>\n<p class=\"selectionShareable\">Sipas lajmeve n\u00eb mediave komb\u00ebtare, qindra protestues u mblodh\u00ebn n\u00eb rrug\u00ebn e unaz\u00ebs n\u00eb jug dhe n\u00eb veri t\u00eb Rennes dhe ngrit\u00ebn bllokime rrugore p\u00ebr t\u00eb ndaluar trafikun.<\/p>\n<p class=\"selectionShareable\">Protestuesit n\u00eb veri t\u00eb qytetit i vun\u00eb flak\u00ebn barrikadave. Forcat e siguris\u00eb i larguan protestuesit nga zona, duke lejuar q\u00eb trafiku, i cili ishte nd\u00ebrprer\u00eb p\u00ebrkoh\u00ebsisht, t\u00eb rrjedh\u00eb p\u00ebrs\u00ebri.<\/p>\n<p class=\"selectionShareable\">Gjithashtu njoftohet se posht\u00eb ur\u00ebs Alma n\u00eb Rennes u dogj nj\u00eb autobus.<\/p>\n<p class=\"selectionShareable\">N\u00eb Lion, nj\u00eb nga qytetet m\u00eb t\u00eb m\u00ebdha t\u00eb vendit, protestuesit p\u00ebrmbys\u00ebn koshat e mbeturinave n\u00eb shinat e tramvajit dhe u vun\u00eb flak\u00ebn.<\/p>\n<p class=\"selectionShareable\">Protestat nd\u00ebrpren\u00eb trafikun n\u00eb autostrad\u00ebn M7 n\u00eb qytet, nd\u00ebrsa para Universitetit Lyon-1 u ngrit\u00ebn gjithashtu barrikada.<\/p>\n<p class=\"selectionShareable\">Gjat\u00eb demonstratave mbar\u00ebkomb\u00ebtare u arrestuan gjithsej 85 persona, 75 prej t\u00eb cil\u00ebve ishin n\u00eb kryeqytet, Paris.<\/p>\n<p class=\"selectionShareable\">Sipas pamjeve t\u00eb shp\u00ebrndara n\u00eb mediat sociale, policia po q\u00ebndron para terminalit t\u00eb autobus\u00ebve n\u00eb Paris, ku ndodhen protestuesit t\u00eb cil\u00ebt po p\u00ebrpiqen t\u00eb pengojn\u00eb daljen n\u00eb trafik t\u00eb autobus\u00ebve t\u00eb transportit publik.<\/p>\n<p class=\"selectionShareable\">Ekipet e policis\u00eb p\u00ebrdor\u00ebn gaz lotsjell\u00ebs p\u00ebr t\u00eb shp\u00ebrndar\u00eb protestuesit q\u00eb dol\u00ebn n\u00eb rrug\u00eb p\u00ebr t\u00eb bllokuar trafikun n\u00eb pik\u00ebn e Port\u00ebs Montreuil n\u00eb unaz\u00ebn e Parisit.<\/p>\n<p class=\"selectionShareable\">Edhe disa nx\u00ebn\u00ebs t\u00eb shkollave t\u00eb mesme n\u00eb pjes\u00eb t\u00eb ndryshme t\u00eb kryeqytetit kan\u00eb ngritur gjithashtu barrikada me kosha plehrash para shkollave t\u00eb tyre.<\/p>\n<p class=\"selectionShareable\">Demonstratat n\u00eb t\u00eb cilat pritet t\u00eb marrin pjes\u00eb 100.000 njer\u00ebz n\u00eb t\u00eb gjith\u00eb vendin, thuhet se do t\u00eb vazhdojn\u00eb gjat\u00eb gjith\u00eb dit\u00ebs.<\/p>\n","protected":false},"excerpt":{"rendered":"<p>Franca e filloi dit\u00ebn me protesta kund\u00ebr politikave socio-ekonomike t\u00eb Presidentit Emmanuel Macron, transmeton Anadolu. P\u00ebr muaj t\u00eb t\u00ebr\u00eb, protestat jan\u00eb sh\u00ebnuar n\u00eb t\u00eb gjith\u00eb Franc\u00ebn, pas thirrjeve t\u00eb b\u00ebra n\u00eb platformat e mediave sociale n\u00ebn sloganin &#8220;Le t\u00eb ndalojm\u00eb gjith\u00e7ka&#8221;. Protestuesit q\u00eb kund\u00ebrshtojn\u00eb politikat socio-ekonomike t\u00eb Macronit kan\u00eb nd\u00ebrmarr\u00eb iniciativa t\u00eb ndryshme q\u00eb nga &hellip;<\/p>\n","protected":false},"author":3,"featured_media":122877,"comment_status":"closed","ping_status":"closed","sticky":false,"template":"","format":"standard","meta":{"footnotes":""},"categories":[38],"tags":[],"class_list":["post-122876","post","type-post","status-publish","format-standard","has-post-thumbnail","","category-bota"],"_links":{"self":[{"href":"https:\/\/rdnews.al\/index.php\/wp-json\/wp\/v2\/posts\/122876","targetHints":{"allow":["GET"]}}],"collection":[{"href":"https:\/\/rdnews.al\/index.php\/wp-json\/wp\/v2\/posts"}],"about":[{"href":"https:\/\/rdnews.al\/index.php\/wp-json\/wp\/v2\/types\/post"}],"author":[{"embeddable":true,"href":"https:\/\/rdnews.al\/index.php\/wp-json\/wp\/v2\/users\/3"}],"replies":[{"embeddable":true,"href":"https:\/\/rdnews.al\/index.php\/wp-json\/wp\/v2\/comments?post=122876"}],"version-history":[{"count":2,"href":"https:\/\/rdnews.al\/index.php\/wp-json\/wp\/v2\/posts\/122876\/revisions"}],"predecessor-version":[{"id":122879,"href":"https:\/\/rdnews.al\/index.php\/wp-json\/wp\/v2\/posts\/122876\/revisions\/122879"}],"wp:featuredmedia":[{"embeddable":true,"href":"https:\/\/rdnews.al\/index.php\/wp-json\/wp\/v2\/media\/122877"}],"wp:attachment":[{"href":"https:\/\/rdnews.al\/index.php\/wp-json\/wp\/v2\/media?parent=122876"}],"wp:term":[{"taxonomy":"category","embeddable":true,"href":"https:\/\/rdnews.al\/index.php\/wp-json\/wp\/v2\/categories?post=122876"},{"taxonomy":"post_tag","embeddable":true,"href":"https:\/\/rdnews.al\/index.php\/wp-json\/wp\/v2\/tags?post=122876"}],"curies":[{"name":"wp","href":"https:\/\/api.w.org\/{rel}","templated":true}]}}