{"id":122883,"date":"2025-09-10T11:44:50","date_gmt":"2025-09-10T11:44:50","guid":{"rendered":"https:\/\/rdnews.al\/?p=122883"},"modified":"2025-09-10T11:44:50","modified_gmt":"2025-09-10T11:44:50","slug":"berisha-shqiperia-po-perjeton-nje-diktature-autokratike","status":"publish","type":"post","link":"https:\/\/rdnews.al\/index.php\/2025\/09\/10\/berisha-shqiperia-po-perjeton-nje-diktature-autokratike\/","title":{"rendered":"Berisha: Shqip\u00ebria po p\u00ebrjeton nj\u00eb diktatur\u00eb autokratike!\u00a0"},"content":{"rendered":"<p>Kryetari i PD, Sali Berisha, n\u00eb mbledhjen e kryesis\u00eb s\u00eb Partis\u00eb Demokratike tha se, Shqip\u00ebria po p\u00ebrjeton nj\u00eb diktatur\u00eb autokratike dhe nuk kemi \u00a0b\u00ebr\u00eb aq sa duhet p\u00ebr t\u00eb qart\u00ebsuar edhe an\u00ebtar\u00ebsin\u00eb ton\u00eb p\u00ebr k\u00ebto koncepte fondamentale<\/p>\n<p>\u201cT\u00eb nderuar an\u00ebtar\u00eb t\u00eb kryesis\u00eb s\u00eb PD.<\/p>\n<p>Mblidhemi sot p\u00ebr nj\u00eb vendim jasht\u00ebzakonisht t\u00eb r\u00ebnd\u00ebsish\u00ebm, q\u00ebndrimin e forc\u00ebs ton\u00eb politike ndaj fars\u00ebs elektorale t\u00eb 11 majit 2025.<\/p>\n<p>PD si forca kryesore opozitare u angazhua n\u00eb nj\u00eb p\u00ebrpjekje intensive serioze nd\u00ebrkomb\u00ebtare p\u00ebr paraqitjen e gjendjes s\u00eb r\u00ebnd\u00eb, p\u00ebr denoncimin e diktatur\u00ebs autokratike t\u00eb Edi Ram\u00ebs n\u00eb t\u00eb gjitha organizatat nd\u00ebrkomb\u00ebtare ku ne jemi t\u00eb federuar apo t\u00eb an\u00ebtar\u00ebsuar.<\/p>\n<p>E theksoj k\u00ebt\u00eb moment si nj\u00eb moment t\u00eb nj\u00eb r\u00ebnd\u00ebsie kapitale, sepse p\u00ebr fat t\u00eb keq, e them k\u00ebtu, p\u00ebr shkaqe m\u00eb shum\u00eb njohje, nuk \u00ebsht\u00eb gjer\u00ebsisht e realizuar se Shqip\u00ebria p\u00ebrjeton nj\u00eb diktatur\u00eb autokratike.<\/p>\n<p>Kjo sigurisht m\u00eb shqet\u00ebson n\u00eb opinionin publik, por m\u00eb tep\u00ebr m\u00eb shqet\u00ebson n\u00eb an\u00ebtar\u00ebsin\u00eb dhe mb\u00ebshtet\u00ebsit tan\u00eb.<\/p>\n<p>Kjo nuk vjen nga mosdashja e tyre, kjo ka disa faktor\u00eb, por nj\u00eb nga k\u00ebta faktor\u00eb \u00ebsht\u00eb puna e dob\u00ebt e jona p\u00ebr t\u00eb qart\u00ebsuar an\u00ebtar\u00ebsin\u00eb dhe mb\u00ebshtet\u00ebsit tan\u00eb n\u00eb k\u00ebto koncepte fondamentale politike.<\/p>\n<p>Diktaturat totalitare, ata q\u00eb e p\u00ebrjetuan, ata thon\u00eb se kjo e sotmja nuk \u00ebsht\u00eb e till\u00eb. Dhe kan\u00eb t\u00eb drejt\u00eb sepse diktaturat totalitare e p\u00ebrjashtojn\u00eb pluralizmin, diktatura autoritare nuk e p\u00ebrjashton pluralizmin, por e shtyp pluralizmin.<\/p>\n<p>Kjo e dyta e shtyp pluralizmin dhe \u00ebsht\u00eb mizore n\u00eb p\u00ebrqendrimin e t\u00eb gjith\u00eb pushteteve n\u00eb nj\u00eb dor\u00eb.<\/p>\n<p>T\u00eb nderuar zonja dhe zot\u00ebrinj dhe t\u00eb dashur qytetar\u00eb q\u00eb nga ndiqni, nga 220 mij\u00eb rrog\u00ebtar\u00eb t\u00eb k\u00ebtij shteti, nga presidenti i republik\u00ebs tek punonj\u00ebsi m\u00eb i thjesht\u00eb, vet\u00ebm 2 mij\u00eb prej tyre nuk jan\u00eb em\u00ebruar apo zgjedhur nga partia shtet. 218 mij\u00eb n\u00eb nj\u00eb p\u00ebrqendrim pra pothuaj total, i p\u00ebrkasin partis\u00eb shtet, partis\u00eb s\u00eb krimit.<\/p>\n<p>Nuk ka p\u00ebrqendrim m\u00eb t\u00eb lart\u00eb pushteti n\u00eb nj\u00eb diktature autokratike se sa ky\u201d, tha Berisha.<\/p>\n","protected":false},"excerpt":{"rendered":"<p>Kryetari i PD, Sali Berisha, n\u00eb mbledhjen e kryesis\u00eb s\u00eb Partis\u00eb Demokratike tha se, Shqip\u00ebria po p\u00ebrjeton nj\u00eb diktatur\u00eb autokratike dhe nuk kemi \u00a0b\u00ebr\u00eb aq sa duhet p\u00ebr t\u00eb qart\u00ebsuar edhe an\u00ebtar\u00ebsin\u00eb ton\u00eb p\u00ebr k\u00ebto koncepte fondamentale \u201cT\u00eb nderuar an\u00ebtar\u00eb t\u00eb kryesis\u00eb s\u00eb PD. Mblidhemi sot p\u00ebr nj\u00eb vendim jasht\u00ebzakonisht t\u00eb r\u00ebnd\u00ebsish\u00ebm, q\u00ebndrimin e forc\u00ebs &hellip;<\/p>\n","protected":false},"author":4,"featured_media":122884,"comment_status":"closed","ping_status":"closed","sticky":false,"template":"","format":"standard","meta":{"footnotes":""},"categories":[37],"tags":[],"class_list":["post-122883","post","type-post","status-publish","format-standard","has-post-thumbnail","","category-politike"],"_links":{"self":[{"href":"https:\/\/rdnews.al\/index.php\/wp-json\/wp\/v2\/posts\/122883","targetHints":{"allow":["GET"]}}],"collection":[{"href":"https:\/\/rdnews.al\/index.php\/wp-json\/wp\/v2\/posts"}],"about":[{"href":"https:\/\/rdnews.al\/index.php\/wp-json\/wp\/v2\/types\/post"}],"author":[{"embeddable":true,"href":"https:\/\/rdnews.al\/index.php\/wp-json\/wp\/v2\/users\/4"}],"replies":[{"embeddable":true,"href":"https:\/\/rdnews.al\/index.php\/wp-json\/wp\/v2\/comments?post=122883"}],"version-history":[{"count":1,"href":"https:\/\/rdnews.al\/index.php\/wp-json\/wp\/v2\/posts\/122883\/revisions"}],"predecessor-version":[{"id":122885,"href":"https:\/\/rdnews.al\/index.php\/wp-json\/wp\/v2\/posts\/122883\/revisions\/122885"}],"wp:featuredmedia":[{"embeddable":true,"href":"https:\/\/rdnews.al\/index.php\/wp-json\/wp\/v2\/media\/122884"}],"wp:attachment":[{"href":"https:\/\/rdnews.al\/index.php\/wp-json\/wp\/v2\/media?parent=122883"}],"wp:term":[{"taxonomy":"category","embeddable":true,"href":"https:\/\/rdnews.al\/index.php\/wp-json\/wp\/v2\/categories?post=122883"},{"taxonomy":"post_tag","embeddable":true,"href":"https:\/\/rdnews.al\/index.php\/wp-json\/wp\/v2\/tags?post=122883"}],"curies":[{"name":"wp","href":"https:\/\/api.w.org\/{rel}","templated":true}]}}