{"id":122895,"date":"2025-09-10T12:19:51","date_gmt":"2025-09-10T12:19:51","guid":{"rendered":"https:\/\/rdnews.al\/?p=122895"},"modified":"2025-09-10T12:33:09","modified_gmt":"2025-09-10T12:33:09","slug":"berisha-asnjeri-ska-bere-sa-ka-mundur-kerkohet-ndryshim-dhe-energji-te-reja","status":"publish","type":"post","link":"https:\/\/rdnews.al\/index.php\/2025\/09\/10\/berisha-asnjeri-ska-bere-sa-ka-mundur-kerkohet-ndryshim-dhe-energji-te-reja\/","title":{"rendered":"Berisha: Asnj\u00ebri s\u2019ka b\u00ebr\u00eb sa ka mundur, k\u00ebrkohet ndryshim dhe energji t\u00eb reja"},"content":{"rendered":"<p>Kryetari i PD, Berisha ka deklaruar sot se k\u00ebrkohet ndryshim dhe energji t\u00eb reja p\u00ebr tu p\u00ebrballur me malin e fars\u00ebs elektorale.<\/p>\n<p>Berisha, deklaroi sot n\u00eb mbledhjen e Kryesis\u00eb s\u00eb PD-s\u00eb, se opozita do t\u00eb futet n\u00eb Parlament gjat\u00eb legjislatur\u00ebs s\u00eb re, e cila nis m\u00eb dat\u00eb 12 shtator,por theksoi se zgjedhjet jan\u00eb nj\u00eb fars\u00eb elektorale t\u00eb manipuluar nga kryeministri Rama.<\/p>\n<p>Berisha tha se k\u00ebrkon q\u00eb Kryesia e PD-s\u00eb t\u00eb mos njoh\u00eb rezultatet e zgjedhjeve t\u00eb 11 Majit, duke e cil\u00ebsuar procesin si nj\u00eb kthim n\u00eb fars\u00eb elektorale, e cila sipas tij \u00ebsht\u00eb e organizuar nga \u201corganizata kriminale\u201d e drejtuar nga kryeministri Rama.<\/p>\n<p><strong>Deklarata<\/strong><\/p>\n<p>Njohja e k\u00ebtyre zgjedhjeve do t\u00eb b\u00ebnte PD bashkautore n\u00eb nj\u00eb fars\u00eb m\u00eb e sh\u00ebmtuara n\u00eb 32 vite, duke k\u00ebrkuar k\u00ebt\u00eb nga Kryesia, un\u00eb di se ka nj\u00eb debat t\u00eb marrin , t\u00eb marrin ajo pjes\u00eb n\u00eb parlament. Ja u them ju personalisht un\u00eb mendoj se n\u00eb k\u00ebt\u00eb diktatur\u00eb ne nuk duhet t\u00eb l\u00ebm\u00eb asnj\u00eb hap\u00ebsir\u00eb bosh nga e cila t\u00eb mos luftojm\u00eb kund\u00ebr saj. Dhe n\u00ebse ka nj\u00eb gj\u00eb themelore q\u00eb k\u00ebrkohet nga secili prej nesh , k\u00ebrkohet q\u00ebndrimi si do ndryshojm\u00eb ne n\u00eb raport me narkodiktatur\u00ebn dhe organizat\u00ebn kriminale q\u00eb ka uzurpuar pushtetin.<\/p>\n<p>Cili do t\u00eb jet\u00eb q\u00ebndrimi yn\u00eb i ri. Asnjeri s\u2019kemi b\u00ebr\u00eb sa ka mundur. Tani k\u00ebrkohet ribrendim, k\u00ebrkohet ndryshim para k\u00ebtij mali t\u00eb fars\u00ebn elektorale. Beteja jon\u00eb k\u00ebrkon energji t\u00eb reja, forca dhe forma t\u00eb reja. Nuk \u00ebsht\u00eb nj\u00eb variant t\u00eb mos futemi n\u00eb parlament, jo nuk \u00ebsht\u00eb m\u00eb mir\u00eb. Edhe demokrat\u00ebve q\u00eb mendojn\u00eb se \u00ebsht\u00eb m\u00eb mir\u00eb mos futemi n\u00eb parlament, o nuk \u00ebsht\u00eb m\u00eb mir\u00eb.<\/p>\n<p>N\u00eb nj\u00eb diktatur\u00eb duhet t\u00eb falenderosh Zotin q\u00eb t\u00eb jep mund\u00ebsin\u00eb ta luftosh at\u00eb. N\u00eb k\u00ebt\u00eb diktatur\u00eb e p\u00ebson si Salinji, por p\u00ebrs\u00ebri s\u2019mund ta mohojm\u00eb se mund\u00ebsit\u00eb p\u00ebr ta luftuar jan\u00eb dhe k\u00ebrkon nj\u00eb angazhim dhe p\u00ebrkushtim shum\u00eb t\u00eb madh nga secili prej nesh, k\u00ebrkon shfryt\u00ebzimin e t\u00eb gjitha kapaciteteve n\u00eb nj\u00eb betej\u00eb p\u00ebr t\u2019u rikthyer shqiptar\u00ebve vot\u00ebn e lir\u00eb e cila me Edi Ram\u00ebn nuk ndodh kurr\u00eb. Me Edi Ram\u00ebn nuk ka zgjedhje.<\/p>\n<p><strong>\u00a0<\/strong><\/p>\n","protected":false},"excerpt":{"rendered":"<p>Kryetari i PD, Berisha ka deklaruar sot se k\u00ebrkohet ndryshim dhe energji t\u00eb reja p\u00ebr tu p\u00ebrballur me malin e fars\u00ebs elektorale. Berisha, deklaroi sot n\u00eb mbledhjen e Kryesis\u00eb s\u00eb PD-s\u00eb, se opozita do t\u00eb futet n\u00eb Parlament gjat\u00eb legjislatur\u00ebs s\u00eb re, e cila nis m\u00eb dat\u00eb 12 shtator,por theksoi se zgjedhjet jan\u00eb nj\u00eb fars\u00eb &hellip;<\/p>\n","protected":false},"author":3,"featured_media":122893,"comment_status":"closed","ping_status":"closed","sticky":false,"template":"","format":"standard","meta":{"footnotes":""},"categories":[37],"tags":[],"class_list":["post-122895","post","type-post","status-publish","format-standard","has-post-thumbnail","","category-politike"],"_links":{"self":[{"href":"https:\/\/rdnews.al\/index.php\/wp-json\/wp\/v2\/posts\/122895","targetHints":{"allow":["GET"]}}],"collection":[{"href":"https:\/\/rdnews.al\/index.php\/wp-json\/wp\/v2\/posts"}],"about":[{"href":"https:\/\/rdnews.al\/index.php\/wp-json\/wp\/v2\/types\/post"}],"author":[{"embeddable":true,"href":"https:\/\/rdnews.al\/index.php\/wp-json\/wp\/v2\/users\/3"}],"replies":[{"embeddable":true,"href":"https:\/\/rdnews.al\/index.php\/wp-json\/wp\/v2\/comments?post=122895"}],"version-history":[{"count":4,"href":"https:\/\/rdnews.al\/index.php\/wp-json\/wp\/v2\/posts\/122895\/revisions"}],"predecessor-version":[{"id":122905,"href":"https:\/\/rdnews.al\/index.php\/wp-json\/wp\/v2\/posts\/122895\/revisions\/122905"}],"wp:featuredmedia":[{"embeddable":true,"href":"https:\/\/rdnews.al\/index.php\/wp-json\/wp\/v2\/media\/122893"}],"wp:attachment":[{"href":"https:\/\/rdnews.al\/index.php\/wp-json\/wp\/v2\/media?parent=122895"}],"wp:term":[{"taxonomy":"category","embeddable":true,"href":"https:\/\/rdnews.al\/index.php\/wp-json\/wp\/v2\/categories?post=122895"},{"taxonomy":"post_tag","embeddable":true,"href":"https:\/\/rdnews.al\/index.php\/wp-json\/wp\/v2\/tags?post=122895"}],"curies":[{"name":"wp","href":"https:\/\/api.w.org\/{rel}","templated":true}]}}