{"id":122902,"date":"2025-09-10T12:24:10","date_gmt":"2025-09-10T12:24:10","guid":{"rendered":"https:\/\/rdnews.al\/?p=122902"},"modified":"2025-09-10T12:24:10","modified_gmt":"2025-09-10T12:24:10","slug":"berisha-departamenti-i-shtetit-nuk-e-uroi-ramen-sepse-zgjedhjet-nuk-ishin-te-lira","status":"publish","type":"post","link":"https:\/\/rdnews.al\/index.php\/2025\/09\/10\/berisha-departamenti-i-shtetit-nuk-e-uroi-ramen-sepse-zgjedhjet-nuk-ishin-te-lira\/","title":{"rendered":"Berisha: Departamenti i Shtetit nuk e uroi Ram\u00ebn sepse zgjedhjet nuk ishin t\u00eb lira!"},"content":{"rendered":"<p>Kryetari i PD, Sali Berisha n\u00eb mbledhjen e Kryesis\u00eb denoncoi edhe nj\u00eb her\u00eb fars\u00ebn elektorale t\u00eb 11 majit.<\/p>\n<p>Berisha tha se, Departamenti i Shtetit Amerikan, nuk e uroi Ram\u00ebn, sepse zgjedhjet nuk ishin t\u00eb lira.<\/p>\n<p>\u201cPra, nj\u00eb pun\u00eb e r\u00ebnd\u00ebsishme \u00ebsht\u00eb b\u00ebr\u00eb.<\/p>\n<p>Shum\u00eb m\u00eb tep\u00ebr duhet t\u00eb thellohet.<\/p>\n<p>Por tani, secili nga ne ka n\u00eb dor\u00eb dokumente nd\u00ebrkomb\u00ebtare p\u00ebr ato q\u00eb thot\u00eb.<\/p>\n<p>Ishin dje n\u00eb komisionin e monitorimit t\u00eb K\u00ebshillit t\u00eb Europ\u00ebs.<\/p>\n<p>Nuk e \u00e7el\u00ebn goj\u00ebn t\u00eb deleguarat e Edi Ram\u00ebs. E p\u00ebrg\u00ebzoj Alban\u00ebn p\u00ebr pun\u00ebn. I nisi t\u00eb tria, po \u00e7far\u00eb t\u00eb thoshin.<\/p>\n<p>Demokrat\u00eb e socialist\u00eb d\u00ebnuan q\u00ebndrimin ndaj medieve, q\u00ebndrimin n\u00eb t\u00ebr\u00ebsi.<\/p>\n<p>Pra n\u00eb p\u00ebrputhje me k\u00ebto u angazhuam p\u00ebr t\u00eb paraqitur, p\u00ebr t\u00eb dokumentuar, p\u00ebr t\u00eb mbledhur t\u00eb gjith\u00eb dokumentacionin zyrtar t\u00eb t\u00eb gjitha aspekteve t\u00eb k\u00ebsaj farse elektorale.<\/p>\n<p>Dhe kjo \u00ebsht\u00eb paraqitur k\u00ebtu n\u00eb mbi 1 mij\u00eb e sa faqe sipas kapitujve dhe natyrisht ka edhe nj\u00eb, n\u00eb proporcion me k\u00ebt\u00eb, ka edhe nj\u00eb p\u00ebrmbledhje ekzekutive.<\/p>\n<p>N\u00eb k\u00ebt\u00eb m\u00ebnyr\u00eb, ne faktojm\u00eb n\u00eb nj\u00eb dimension shum\u00eb m\u00eb t\u00eb gjer\u00eb, t\u00eb gjitha konstatimet e raportit t\u00eb p\u00ebrbashk\u00ebt t\u00eb 4 delegacioneve.<\/p>\n<p>Dhe natyrisht ky ishte detyrim madhor i yni.<\/p>\n<p>Ishte detyrimi m\u00eb absolut ndaj demokrat\u00ebve dhe qytetar\u00ebve q\u00eb na besuan.<\/p>\n<p>Por edhe ndaj shqiptar\u00ebve q\u00eb besojn\u00eb se vota e lir\u00eb duhet t\u00eb jet\u00eb procesi i tyre.<\/p>\n<p>Ishte detyrim edhe ndaj atyre miqve n\u00eb rajon, n\u00eb Europ\u00eb dhe n\u00eb bot\u00eb, t\u00eb cil\u00ebt votuan n\u00eb rezolutat e tyre denoncimin e k\u00ebtyre zgjedhjeve.<\/p>\n<p>Kjo analiz\u00eb natyrisht n\u00eb disa fusha \u00ebsht\u00eb e plot\u00eb, n\u00eb disa fusha nuk b\u00ebhet kurr\u00eb e plot\u00eb, po mund ta b\u00ebsh t\u00eb plot\u00eb me kartelet e drog\u00ebs?<\/p>\n<p>Nuk mund ta b\u00ebsh t\u00eb plot\u00eb se ato i njeh qeveria q\u00eb i udh\u00ebheq dhe i drejton.<\/p>\n<p>Por ne kemi mbledhur veprimtarin\u00eb e tyre dhe do i denoncojm\u00eb.<\/p>\n<p>Por nj\u00eb gj\u00eb u them se ata nuk jan\u00eb vet\u00ebm emra t\u00eb Xhafzotajt apo t\u00eb nj\u00eb lagjeje n\u00eb Elbasan, por jan\u00eb emra t\u00eb zinj n\u00eb Bruksel, Strasburg dhe do jen\u00eb emra t\u00eb zinj n\u00eb t\u00eb gjith\u00eb Europ\u00ebn dhe bot\u00ebn.<\/p>\n<p>Nj\u00eb zhvillim madhor pozitiv do ta quaja q\u00ebndrimin e ri dhe t\u00eb drejt\u00eb, p\u00ebr \u00e7ka un\u00eb fal\u00ebnderoj, t\u00eb Departamentit t\u00eb Shtetit dhe qeveris\u00eb s\u00eb SHBA.<\/p>\n<p>Qeveria e SHBA ka vendosur t\u00eb mos uroj\u00eb zgjedhje jo t\u00eb lira.<\/p>\n<p>T\u00eb uroj\u00eb vet\u00ebm zgjedhje t\u00eb lira.<\/p>\n<p>Kjo \u00ebsht\u00eb direktiva e presidentit Trump.<\/p>\n<p>Ndaj dhe gazetari q\u00eb pyeti Departamentin e Shtetit, si nuk i \u00e7uat nj\u00eb urim Edi Ram\u00ebs, ata u p\u00ebrgjigj\u00ebn, zgjedhjet nuk ishin t\u00eb lira dhe nuk urojm\u00eb.<\/p>\n<p>Ky \u00ebsht\u00eb nj\u00eb zhvillim pozitiv.<\/p>\n<p>Sikund\u00ebr zhvillimi i dyt\u00eb pozitiv \u00ebsht\u00eb se kartelet elektorale, se tani do i quajm\u00eb kartele elektorale dhe droge bashk\u00eb, ato jan\u00eb b\u00ebr\u00eb shqet\u00ebsim edhe p\u00ebr SHBA, edhe p\u00ebr Europ\u00ebn dhe p\u00ebr sigurin\u00eb n\u00eb t\u00ebr\u00ebsi\u201d, u shpreh Berisha.<\/p>\n","protected":false},"excerpt":{"rendered":"<p>Kryetari i PD, Sali Berisha n\u00eb mbledhjen e Kryesis\u00eb denoncoi edhe nj\u00eb her\u00eb fars\u00ebn elektorale t\u00eb 11 majit. Berisha tha se, Departamenti i Shtetit Amerikan, nuk e uroi Ram\u00ebn, sepse zgjedhjet nuk ishin t\u00eb lira. \u201cPra, nj\u00eb pun\u00eb e r\u00ebnd\u00ebsishme \u00ebsht\u00eb b\u00ebr\u00eb. Shum\u00eb m\u00eb tep\u00ebr duhet t\u00eb thellohet. Por tani, secili nga ne ka n\u00eb &hellip;<\/p>\n","protected":false},"author":4,"featured_media":122884,"comment_status":"closed","ping_status":"closed","sticky":false,"template":"","format":"standard","meta":{"footnotes":""},"categories":[37],"tags":[],"class_list":["post-122902","post","type-post","status-publish","format-standard","has-post-thumbnail","","category-politike"],"_links":{"self":[{"href":"https:\/\/rdnews.al\/index.php\/wp-json\/wp\/v2\/posts\/122902","targetHints":{"allow":["GET"]}}],"collection":[{"href":"https:\/\/rdnews.al\/index.php\/wp-json\/wp\/v2\/posts"}],"about":[{"href":"https:\/\/rdnews.al\/index.php\/wp-json\/wp\/v2\/types\/post"}],"author":[{"embeddable":true,"href":"https:\/\/rdnews.al\/index.php\/wp-json\/wp\/v2\/users\/4"}],"replies":[{"embeddable":true,"href":"https:\/\/rdnews.al\/index.php\/wp-json\/wp\/v2\/comments?post=122902"}],"version-history":[{"count":1,"href":"https:\/\/rdnews.al\/index.php\/wp-json\/wp\/v2\/posts\/122902\/revisions"}],"predecessor-version":[{"id":122903,"href":"https:\/\/rdnews.al\/index.php\/wp-json\/wp\/v2\/posts\/122902\/revisions\/122903"}],"wp:featuredmedia":[{"embeddable":true,"href":"https:\/\/rdnews.al\/index.php\/wp-json\/wp\/v2\/media\/122884"}],"wp:attachment":[{"href":"https:\/\/rdnews.al\/index.php\/wp-json\/wp\/v2\/media?parent=122902"}],"wp:term":[{"taxonomy":"category","embeddable":true,"href":"https:\/\/rdnews.al\/index.php\/wp-json\/wp\/v2\/categories?post=122902"},{"taxonomy":"post_tag","embeddable":true,"href":"https:\/\/rdnews.al\/index.php\/wp-json\/wp\/v2\/tags?post=122902"}],"curies":[{"name":"wp","href":"https:\/\/api.w.org\/{rel}","templated":true}]}}