{"id":122940,"date":"2025-09-10T20:15:40","date_gmt":"2025-09-10T20:15:40","guid":{"rendered":"https:\/\/rdnews.al\/?p=122940"},"modified":"2025-09-10T20:15:53","modified_gmt":"2025-09-10T20:15:53","slug":"franca-ne-flake-radikalizohen-protestat-anti-qeveritare","status":"publish","type":"post","link":"https:\/\/rdnews.al\/index.php\/2025\/09\/10\/franca-ne-flake-radikalizohen-protestat-anti-qeveritare\/","title":{"rendered":"Franca n\u00eb flak\u00eb\/ Radikalizohen protestat anti-qeveritare"},"content":{"rendered":"<p>Franca u zhyt n\u00eb kaos rrug\u00ebsh k\u00ebt\u00eb m\u00ebngjes, nd\u00ebrsa nj\u00eb fushat\u00eb antiqeveritare me greva dhe protesta &#8220;Blloko gjith\u00e7ka&#8221; nisi n\u00eb t\u00eb gjith\u00eb vendin.<\/p>\n<p>Ministri i Brendsh\u00ebm njoftoi gati 200 arrestime n\u00eb or\u00ebt e para, nd\u00ebrsa u b\u00ebn\u00eb p\u00ebrpjekje p\u00ebr t\u00eb prishur lidhjet kryesore t\u00eb transportit, p\u00ebrfshir\u00eb qendr\u00ebn e Eurostar n\u00eb Gare du Nord.<\/p>\n<p>&#8220;Shumica e atyre q\u00eb u mor\u00ebn n\u00eb paraburgim po k\u00ebrc\u00ebnonin rendin publik&#8221;, tha nj\u00eb z\u00ebdh\u00ebn\u00ebs i policis\u00eb n\u00eb kryeqytetin francez.<\/p>\n<aside class=\"placeholder-a-block\">\n<div id=\"00000001-209c8000-83b5-4887-9446-241c1831166c\" class=\"_ap_apex_ad\" data-section=\"00000001-209c8000-83b5-4887-9446-241c1831166c\" data-orig-id=\"2a7c753c-ed9f-49ca-bdda-f261d990f47c\" data-render-time=\"1757535111396\" data-ap-network=\"adpTags\" data-timeout=\"43\">\n<div id=\"ADP_48070_300x250_00000001-209c8000-83b5-4887-9446-241c1831166c\" data-google-query-id=\"CLjZucGAz48DFU7nDQkdpTIcaQ\">\n<div id=\"google_ads_iframe_\/103512698,22646657118\/ADP_48070_300X250_2a7c753c-ed9f-49ca-bdda-f261d990f47c_0__container__\"><\/div>\n<\/div>\n<\/div>\n<\/aside>\n<div class=\"share-tab-img share-buttons share-trigger\"><img loading=\"lazy\" decoding=\"async\" id=\"0c24e\" class=\"rm-shortcode rm-lazyloadable-image \" src=\"https:\/\/telegrafi.com\/media-library\/image.jpg?id=61581870&amp;width=600&amp;quality=90\" alt=\"\" width=\"1209\" height=\"737\" data-rm-shortcode-id=\"a1576a32f2c478d289203e7154bd8e70\" data-rm-shortcode-name=\"rebelmouse-image\" data-adjusted-src=\"true\" \/><\/div>\n<p>&#8220;Shum\u00eb t\u00eb tjer\u00eb pritet t\u00eb mblidhen nd\u00ebrsa dita p\u00ebrparon&#8221;, tha nd\u00ebr tjera, transmeton Telegrafi<\/p>\n<p>Grupe protestuesish u p\u00ebrpoq\u00ebn vazhdimisht t\u00eb bllokonin rrug\u00ebn unazore t\u00eb Parisit gjat\u00eb or\u00ebs s\u00eb pikut t\u00eb m\u00ebngjesit t\u00eb m\u00ebrkur\u00ebn.<\/p>\n<aside class=\"placeholder-a-block\">\n<div id=\"00000001-b89a3e53-995f-4573-8461-eee22c6e5ffc\" class=\"_ap_apex_ad\" data-section=\"00000001-b89a3e53-995f-4573-8461-eee22c6e5ffc\" data-orig-id=\"4212a905-7bff-4e73-929e-44a71ba2a3b7\" data-render-time=\"1757535111417\" data-ap-network=\"adpTags\" data-timeout=\"88\" data-refresh-time=\"1757535176804\">\n<div id=\"ADP_48070_300x250_00000001-b89a3e53-995f-4573-8461-eee22c6e5ffc\" data-google-query-id=\"CO2uu9-Az48DFerrDQkdHdYzgw\">\n<div id=\"google_ads_iframe_\/103512698,22646657118\/ADP_48070_300X250_4212a905-7bff-4e73-929e-44a71ba2a3b7_0__container__\"><\/div>\n<\/div>\n<\/div>\n<\/aside>\n<div class=\"share-tab-img share-buttons share-trigger\"><img loading=\"lazy\" decoding=\"async\" id=\"51451\" class=\"rm-shortcode rm-lazyloadable-image \" src=\"https:\/\/telegrafi.com\/media-library\/image.jpg?id=61581872&amp;width=600&amp;quality=90\" alt=\"\" width=\"1212\" height=\"738\" data-rm-shortcode-id=\"2f5a1daccf2d3d07d56f5cdc0e7c9b96\" data-rm-shortcode-name=\"rebelmouse-image\" data-adjusted-src=\"true\" \/><\/div>\n<p>Ata ngrit\u00ebn barrikada dhe hodh\u00ebn objekte drejt oficer\u00ebve t\u00eb policis\u00eb, bllokuan dhe ngadal\u00ebsuan trafikun dhe kryen veprime t\u00eb tjera proteste.<\/p>\n<p>Nd\u00ebrkoh\u00eb, protestues t\u00eb veshur me maska dhe bluza me kapu\u00e7, mund t\u00eb shiheshin duke u p\u00ebrpjekur t\u00eb ngrinin barrikada dhe t\u00eb bllokonin kryq\u00ebzimet rrugore n\u00eb qytete duke p\u00ebrfshir\u00eb Bordeaux dhe Marseilleau.<\/p>\n<aside class=\"placeholder-a-block\">\n<div id=\"00000001-3e3d669a-4702-4963-95fc-f1ca2bb1b953\" class=\"_ap_apex_ad\" data-section=\"00000001-3e3d669a-4702-4963-95fc-f1ca2bb1b953\" data-orig-id=\"b329a7e6-8fb9-48ab-ba81-bf6264a73fb9\" data-render-time=\"1757535111428\" data-ap-network=\"adpTags\" data-timeout=\"74\" data-refresh-time=\"1757535171170\">\n<div id=\"ADP_48070_300x250_00000001-3e3d669a-4702-4963-95fc-f1ca2bb1b953\" data-google-query-id=\"CNG459yAz48DFTYpBgAd1lUydA\">\n<div id=\"google_ads_iframe_\/103512698,22646657118\/ADP_48070_300X250_b329a7e6-8fb9-48ab-ba81-bf6264a73fb9_0__container__\"><\/div>\n<\/div>\n<\/div>\n<\/aside>\n<div class=\"share-tab-img share-buttons share-trigger\"><img loading=\"lazy\" decoding=\"async\" id=\"2b49d\" class=\"rm-shortcode rm-lazyloadable-image \" src=\"https:\/\/telegrafi.com\/media-library\/image.jpg?id=61581873&amp;width=600&amp;quality=90\" alt=\"\" width=\"1206\" height=\"763\" data-rm-shortcode-id=\"2ac1f6a17da5f1af5c1d61c7a7114c62\" data-rm-shortcode-name=\"rebelmouse-image\" data-adjusted-src=\"true\" \/><\/div>\n<p>Ministri i Brendsh\u00ebm, Bruno Retailleau tha se nj\u00eb autobus u vu n\u00eb flak\u00eb n\u00eb qytetin per\u00ebndimor t\u00eb Rennes dhe se d\u00ebmtimi i nj\u00eb linje elektrike bllokoi trenat n\u00eb nj\u00eb linj\u00eb n\u00eb jugper\u00ebndim.<\/p>\n<p>Ai pretendoi se protestuesit po p\u00ebrpiqeshin t\u00eb krijonin &#8220;nj\u00eb klim\u00eb kryengritjeje&#8221;.<\/p>\n<div class=\"share-tab-img share-buttons share-trigger\"><img loading=\"lazy\" decoding=\"async\" id=\"9ae8b\" class=\"rm-shortcode rm-lazyloadable-image \" src=\"https:\/\/telegrafi.com\/media-library\/image.jpg?id=61581875&amp;width=600&amp;quality=90\" alt=\"\" width=\"1211\" height=\"754\" data-rm-shortcode-id=\"d751fb0b99937497ab86a9a99c80ba3e\" data-rm-shortcode-name=\"rebelmouse-image\" data-adjusted-src=\"true\" \/><\/div>\n<p>Kryengritja ndodhi m\u00eb pak se 24 or\u00eb pasi presidenti Emmanuel Macron em\u00ebroi kryeministrin e tij t\u00eb shtat\u00eb n\u00eb m\u00eb pak se n\u00ebnt\u00eb vjet.<\/p>\n<p>Sebastien Lecornu \u00ebsht\u00eb zotuar t\u00eb b\u00ebj\u00eb nj\u00eb pun\u00eb m\u00eb t\u00eb mir\u00eb se paraardh\u00ebsi i tij i menj\u00ebhersh\u00ebm, Francois Bayrou, i cili u detyrua t\u00eb largohej nga nj\u00eb votim besimi i vet\u00ebimponuar n\u00eb parlamentin francez t\u00eb h\u00ebn\u00ebn n\u00eb mbr\u00ebmje.<\/p>\n<aside class=\"placeholder-a-block\">\n<div id=\"00000001-4c66a974-63c9-4253-804c-73a2c4594c31\" class=\"_ap_apex_ad\" data-section=\"00000001-4c66a974-63c9-4253-804c-73a2c4594c31\" data-orig-id=\"3a18ccef-f4c2-4609-9b4d-684f50b0b823\" data-render-time=\"1757535111446\" data-ap-network=\"adpTags\" data-timeout=\"92\">\n<div id=\"ADP_48070_300x250_00000001-4c66a974-63c9-4253-804c-73a2c4594c31\" data-google-query-id=\"CLzZucGAz48DFU7nDQkdpTIcaQ\">\n<div id=\"google_ads_iframe_\/103512698,22646657118\/ADP_48070_300X250_3a18ccef-f4c2-4609-9b4d-684f50b0b823_0__container__\"><\/div>\n<\/div>\n<\/div>\n<\/aside>\n<div class=\"share-tab-img share-buttons share-trigger\"><img loading=\"lazy\" decoding=\"async\" id=\"8fd67\" class=\"rm-shortcode rm-lazyloadable-image \" src=\"https:\/\/telegrafi.com\/media-library\/image.jpg?id=61581876&amp;width=600&amp;quality=90\" alt=\"\" width=\"1205\" height=\"761\" data-rm-shortcode-id=\"30130bcce2723304a8b19c97ec55f6fe\" data-rm-shortcode-name=\"rebelmouse-image\" data-adjusted-src=\"true\" \/><\/div>\n<p>Bayrou n\u00eb fund t\u00eb fundit u largua sepse donte t\u00eb shkurtonte ekuivalentin e rreth 35 miliard\u00eb funteve nga shpenzimet publike, sepse borxhi komb\u00ebtar \u00ebsht\u00eb aktualisht 114% e GDP-s\u00eb.<\/p>\n<p>Ai donte konkretisht t\u00eb shkurtonte dy festa zyrtare dhe t\u00eb ngrinte pensionet dhe pagesat e ndihm\u00ebs sociale, nd\u00ebrsa linte mij\u00ebra n\u00ebpun\u00ebs civil\u00eb t\u00eb papun\u00eb.<\/p>\n<div class=\"share-tab-img share-buttons share-trigger\"><img loading=\"lazy\" decoding=\"async\" id=\"35521\" class=\"rm-shortcode rm-lazyloadable-image \" src=\"https:\/\/telegrafi.com\/media-library\/image.jpg?id=61581878&amp;width=600&amp;quality=90\" alt=\"\" width=\"1276\" height=\"686\" data-rm-shortcode-id=\"8bf2cb47c493e40b4eff7604e913ab57\" data-rm-shortcode-name=\"rebelmouse-image\" data-adjusted-src=\"true\" \/><\/div>\n<p>Lecornu \u00ebsht\u00eb i vendosur t\u00eb nd\u00ebrtoj\u00eb nj\u00eb shumic\u00eb n\u00eb Asamblen\u00eb Komb\u00ebtare p\u00ebr t\u00eb \u00e7uar p\u00ebrpara t\u00eb nj\u00ebjtin buxhet shtr\u00ebngues t\u00eb miratuar nga Macron, dhe kjo ka zem\u00ebruar miliona njer\u00ebz.<\/p>\n<p>Rreth 80,000 polic\u00eb dhe xhandar\u00eb jan\u00eb vendosur n\u00eb t\u00eb gjith\u00eb Franc\u00ebn p\u00ebr t&#8217;u marr\u00eb me fushat\u00ebn &#8220;Blloko Gjith\u00e7ka&#8221;.<\/p>\n<aside class=\"placeholder-a-block\">\n<div id=\"00000001-970736d3-d3d1-4091-b234-c9476e13764b\" class=\"_ap_apex_ad\" data-section=\"00000001-970736d3-d3d1-4091-b234-c9476e13764b\" data-orig-id=\"77304ce7-679a-453a-97b1-b978418c827b\" data-render-time=\"1757535111463\" data-ap-network=\"adpTags\" data-timeout=\"96\">\n<div id=\"ADP_48070_300x250_00000001-970736d3-d3d1-4091-b234-c9476e13764b\" data-google-query-id=\"CL7ZucGAz48DFU7nDQkdpTIcaQ\">\n<div id=\"google_ads_iframe_\/103512698,22646657118\/ADP_48070_300X250_77304ce7-679a-453a-97b1-b978418c827b_0__container__\"><\/div>\n<\/div>\n<\/div>\n<\/aside>\n<div class=\"share-tab-img share-buttons share-trigger\"><img loading=\"lazy\" decoding=\"async\" id=\"799b4\" class=\"rm-shortcode rm-lazyloadable-image \" src=\"https:\/\/telegrafi.com\/media-library\/image.jpg?id=61581880&amp;width=600&amp;quality=90\" alt=\"\" width=\"1277\" height=\"684\" data-rm-shortcode-id=\"477dbbd4403d187494196d516bed78ac\" data-rm-shortcode-name=\"rebelmouse-image\" data-adjusted-src=\"true\" \/><\/div>\n<p>L\u00ebvizja protest\u00eb bazohet n\u00eb mediat sociale dhe mb\u00ebshtetet nga CGT (Konfederata e Pun\u00ebtor\u00ebve t\u00eb P\u00ebrgjithsh\u00ebm), sindikata m\u00eb e madhe tregtare n\u00eb vend.<\/p>\n<p>Ata gjithashtu synojn\u00eb t\u00eb bllokojn\u00eb depot e karburantit, t\u00eb zhvillojn\u00eb operacione ngadal\u00ebsimi n\u00eb rrug\u00eb dhe t\u00eb demonstrojn\u00eb n\u00eb qendrat e qyteteve dhe qytezave.<\/p>\n<aside class=\"placeholder-a-block\">\n<div id=\"00000001-3ee178c7-3ac6-4858-9992-172e9d1ecb04\" class=\"_ap_apex_ad\" data-section=\"00000001-3ee178c7-3ac6-4858-9992-172e9d1ecb04\" data-orig-id=\"0e3191ba-23b1-4f85-9e27-387d84734ee2\" data-render-time=\"1757535111472\" data-ap-network=\"adpTags\" data-timeout=\"98\">\n<div id=\"ADP_48070_300x250_00000001-3ee178c7-3ac6-4858-9992-172e9d1ecb04\" data-google-query-id=\"CL_ZucGAz48DFU7nDQkdpTIcaQ\">\n<div id=\"google_ads_iframe_\/103512698,22646657118\/ADP_48070_300X250_0e3191ba-23b1-4f85-9e27-387d84734ee2_0__container__\"><\/div>\n<\/div>\n<\/div>\n<\/aside>\n<div class=\"share-tab-img share-buttons share-trigger\"><img loading=\"lazy\" decoding=\"async\" id=\"82658\" class=\"rm-shortcode rm-lazyloadable-image \" src=\"https:\/\/telegrafi.com\/media-library\/image.jpg?id=61581882&amp;width=600&amp;quality=90\" alt=\"\" width=\"1277\" height=\"685\" data-rm-shortcode-id=\"1c8f6467e47d1174ad0642f473a91460\" data-rm-shortcode-name=\"rebelmouse-image\" data-adjusted-src=\"true\" \/><\/div>\n<p>Disa mesazhe online madje i kan\u00eb inkurajuar njer\u00ebzit t\u00eb shkojn\u00eb n\u00eb supermarkete, t\u00eb mbushin \u00e7antat e tyre me ushqime dhe pastaj t\u00eb largohen pa paguar. \/Telegrafi\/<\/p>\n<p>&nbsp;<\/p>\n<div id=\"rebelltitem1\" class=\"rebellt-item col1\" data-id=\"1\" data-reload-ads=\"false\" data-is-image=\"True\" data-href=\"https:\/\/telegrafi.com\/protesta-te-dhunshme-shperthejne-ne-france\/?rebelltitem=1#rebelltitem1\" data-basename=\"particle-1\" data-post-id=\"2673979148\" data-published-at=\"1757507928\" data-use-pagination=\"False\">\n<div class=\"share-tab-img share-buttons share-trigger\"><img loading=\"lazy\" decoding=\"async\" id=\"17bfc\" class=\"rm-shortcode rm-lazyloadable-image \" src=\"https:\/\/telegrafi.com\/media-library\/image.jpg?id=61581848&amp;width=600&amp;quality=90\" alt=\"\" width=\"1206\" height=\"754\" data-rm-shortcode-id=\"098198e660ba48593831ed7b2464caaa\" data-rm-shortcode-name=\"rebelmouse-image\" data-adjusted-src=\"true\" \/><\/div>\n<\/div>\n<aside class=\"placeholder-a-block\">\n<div id=\"00000001-a4b459ae-0794-4643-aa13-97559147e12e\" class=\"_ap_apex_ad\" data-section=\"00000001-a4b459ae-0794-4643-aa13-97559147e12e\" data-orig-id=\"442e29e4-62b9-44bc-a840-0eec1481e0b3\" data-render-time=\"1757535111484\" data-ap-network=\"adpTags\" data-timeout=\"100\">\n<div id=\"ADP_48070_300x250_00000001-a4b459ae-0794-4643-aa13-97559147e12e\" data-google-query-id=\"CMDZucGAz48DFU7nDQkdpTIcaQ\">\n<div id=\"google_ads_iframe_\/103512698,22646657118\/ADP_48070_300X250_442e29e4-62b9-44bc-a840-0eec1481e0b3_0__container__\"><\/div>\n<\/div>\n<\/div>\n<\/aside>\n<div id=\"rebelltitem2\" class=\"rebellt-item col1\" data-id=\"2\" data-reload-ads=\"false\" data-is-image=\"True\" data-href=\"https:\/\/telegrafi.com\/protesta-te-dhunshme-shperthejne-ne-france\/?rebelltitem=2#rebelltitem2\" data-basename=\"particle-2\" data-post-id=\"2673979148\" data-published-at=\"1757507928\" data-use-pagination=\"False\">\n<div class=\"share-tab-img share-buttons share-trigger\"><img loading=\"lazy\" decoding=\"async\" id=\"17b9c\" class=\"rm-shortcode rm-lazyloadable-image \" src=\"https:\/\/telegrafi.com\/media-library\/image.jpg?id=61581847&amp;width=600&amp;quality=90\" alt=\"\" width=\"1208\" height=\"758\" data-rm-shortcode-id=\"e6e0267f62377c94c883ee1b208f8e43\" data-rm-shortcode-name=\"rebelmouse-image\" data-adjusted-src=\"true\" \/><\/div>\n<\/div>\n<aside class=\"placeholder-a-block\">\n<div id=\"00000001-1a1f0d06-c36f-48a1-afa0-8c6affd218c3\" class=\"_ap_apex_ad\" data-section=\"00000001-1a1f0d06-c36f-48a1-afa0-8c6affd218c3\" data-orig-id=\"d5397634-2fa9-4626-9256-9369bff0a789\" data-render-time=\"1757535111512\" data-ap-network=\"adpTags\">\n<div id=\"ADP_48070_300x250_00000001-1a1f0d06-c36f-48a1-afa0-8c6affd218c3\" data-google-query-id=\"CMHZucGAz48DFU7nDQkdpTIcaQ\">\n<div id=\"google_ads_iframe_\/103512698,22646657118\/ADP_48070_300X250_d5397634-2fa9-4626-9256-9369bff0a789_0__container__\"><\/div>\n<\/div>\n<\/div>\n<\/aside>\n<div id=\"rebelltitem3\" class=\"rebellt-item col1\" data-id=\"3\" data-reload-ads=\"true\" data-is-image=\"True\" data-href=\"https:\/\/telegrafi.com\/protesta-te-dhunshme-shperthejne-ne-france\/?rebelltitem=3#rebelltitem3\" data-basename=\"particle-3\" data-post-id=\"2673979148\" data-published-at=\"1757507928\" data-use-pagination=\"False\">\n<div class=\"share-tab-img share-buttons share-trigger\"><img loading=\"lazy\" decoding=\"async\" id=\"909b8\" class=\"rm-shortcode rm-lazyloadable-image \" src=\"https:\/\/telegrafi.com\/media-library\/image.jpg?id=61581853&amp;width=600&amp;quality=90\" alt=\"\" width=\"1206\" height=\"760\" data-rm-shortcode-id=\"44879cad4f1928b3709aee986b9f82f1\" data-rm-shortcode-name=\"rebelmouse-image\" data-adjusted-src=\"true\" \/><\/div>\n<\/div>\n<aside class=\"placeholder-a-block\">\n<div id=\"00000001-047ccb75-289d-42f2-b32c-e5f8447b1ebe\" class=\"_ap_apex_ad\" data-section=\"00000001-047ccb75-289d-42f2-b32c-e5f8447b1ebe\" data-orig-id=\"d5f9e224-9f83-4925-8864-18a5350d24a2\" data-render-time=\"1757535111518\" data-ap-network=\"adpTags\" data-timeout=\"108\" data-refresh-time=\"1757535188389\">\n<div id=\"ADP_48070_300x250_00000001-047ccb75-289d-42f2-b32c-e5f8447b1ebe\" data-google-query-id=\"CI7t9uSAz48DFV7rDQkdY4Aieg\">\n<div id=\"google_ads_iframe_\/103512698,22646657118\/ADP_48070_300X250_d5f9e224-9f83-4925-8864-18a5350d24a2_0__container__\"><\/div>\n<\/div>\n<\/div>\n<\/aside>\n<div id=\"rebelltitem4\" class=\"rebellt-item col1\" data-id=\"4\" data-reload-ads=\"false\" data-is-image=\"True\" data-href=\"https:\/\/telegrafi.com\/protesta-te-dhunshme-shperthejne-ne-france\/?rebelltitem=4#rebelltitem4\" data-basename=\"particle-4\" data-post-id=\"2673979148\" data-published-at=\"1757507928\" data-use-pagination=\"False\">\n<div class=\"share-tab-img share-buttons share-trigger\"><img loading=\"lazy\" decoding=\"async\" id=\"53793\" class=\"rm-shortcode rm-lazyloadable-image \" src=\"https:\/\/telegrafi.com\/media-library\/image.jpg?id=61581861&amp;width=600&amp;quality=90\" alt=\"\" width=\"1210\" height=\"757\" data-rm-shortcode-id=\"7681b520ec0b0952ac4faab6cb96179a\" data-rm-shortcode-name=\"rebelmouse-image\" data-adjusted-src=\"true\" \/><\/div>\n<\/div>\n<aside class=\"placeholder-a-block\">\n<div id=\"00000001-7f55241b-5b01-4edd-8ba9-0cafd8a4056c\" class=\"_ap_apex_ad\" data-section=\"00000001-7f55241b-5b01-4edd-8ba9-0cafd8a4056c\" data-orig-id=\"3800f947-f9dc-4404-99ed-afd427d06bac\" data-render-time=\"1757535111527\" data-ap-network=\"adpTags\" data-timeout=\"112\">\n<div id=\"ADP_48070_300x250_00000001-7f55241b-5b01-4edd-8ba9-0cafd8a4056c\" data-google-query-id=\"CMCR48GAz48DFRlGHQkdAWgoyA\">\n<div id=\"google_ads_iframe_\/103512698,22646657118\/ADP_48070_300X250_3800f947-f9dc-4404-99ed-afd427d06bac_0__container__\"><\/div>\n<\/div>\n<\/div>\n<\/aside>\n","protected":false},"excerpt":{"rendered":"<p>Franca u zhyt n\u00eb kaos rrug\u00ebsh k\u00ebt\u00eb m\u00ebngjes, nd\u00ebrsa nj\u00eb fushat\u00eb antiqeveritare me greva dhe protesta &#8220;Blloko gjith\u00e7ka&#8221; nisi n\u00eb t\u00eb gjith\u00eb vendin. Ministri i Brendsh\u00ebm njoftoi gati 200 arrestime n\u00eb or\u00ebt e para, nd\u00ebrsa u b\u00ebn\u00eb p\u00ebrpjekje p\u00ebr t\u00eb prishur lidhjet kryesore t\u00eb transportit, p\u00ebrfshir\u00eb qendr\u00ebn e Eurostar n\u00eb Gare du Nord. &#8220;Shumica e &hellip;<\/p>\n","protected":false},"author":3,"featured_media":122941,"comment_status":"closed","ping_status":"closed","sticky":false,"template":"","format":"standard","meta":{"footnotes":""},"categories":[38],"tags":[],"class_list":["post-122940","post","type-post","status-publish","format-standard","has-post-thumbnail","","category-bota"],"_links":{"self":[{"href":"https:\/\/rdnews.al\/index.php\/wp-json\/wp\/v2\/posts\/122940","targetHints":{"allow":["GET"]}}],"collection":[{"href":"https:\/\/rdnews.al\/index.php\/wp-json\/wp\/v2\/posts"}],"about":[{"href":"https:\/\/rdnews.al\/index.php\/wp-json\/wp\/v2\/types\/post"}],"author":[{"embeddable":true,"href":"https:\/\/rdnews.al\/index.php\/wp-json\/wp\/v2\/users\/3"}],"replies":[{"embeddable":true,"href":"https:\/\/rdnews.al\/index.php\/wp-json\/wp\/v2\/comments?post=122940"}],"version-history":[{"count":2,"href":"https:\/\/rdnews.al\/index.php\/wp-json\/wp\/v2\/posts\/122940\/revisions"}],"predecessor-version":[{"id":122943,"href":"https:\/\/rdnews.al\/index.php\/wp-json\/wp\/v2\/posts\/122940\/revisions\/122943"}],"wp:featuredmedia":[{"embeddable":true,"href":"https:\/\/rdnews.al\/index.php\/wp-json\/wp\/v2\/media\/122941"}],"wp:attachment":[{"href":"https:\/\/rdnews.al\/index.php\/wp-json\/wp\/v2\/media?parent=122940"}],"wp:term":[{"taxonomy":"category","embeddable":true,"href":"https:\/\/rdnews.al\/index.php\/wp-json\/wp\/v2\/categories?post=122940"},{"taxonomy":"post_tag","embeddable":true,"href":"https:\/\/rdnews.al\/index.php\/wp-json\/wp\/v2\/tags?post=122940"}],"curies":[{"name":"wp","href":"https:\/\/api.w.org\/{rel}","templated":true}]}}