{"id":122950,"date":"2025-09-11T08:55:42","date_gmt":"2025-09-11T08:55:42","guid":{"rendered":"https:\/\/rdnews.al\/?p=122950"},"modified":"2025-09-11T08:55:55","modified_gmt":"2025-09-11T08:55:55","slug":"trump-fajeson-fajeso-te-majten-radikale-per-vrasjen-e-charlie-kirk","status":"publish","type":"post","link":"https:\/\/rdnews.al\/index.php\/2025\/09\/11\/trump-fajeson-fajeso-te-majten-radikale-per-vrasjen-e-charlie-kirk\/","title":{"rendered":"Trump faj\u00ebson \u201ct\u00eb majt\u00ebn radikale\u201d p\u00ebr vrasjen e Charlie Kirk"},"content":{"rendered":"<p>Ka nd\u00ebrruar jet\u00eb n\u00eb spital Charles James Kirk, ku edhe pasi iu n\u00ebnshtrua nj\u00eb nd\u00ebrhyrje kirurgjikale, s\u00ebrish nuk ka arritur dot t\u2019i mbijetoj\u00eb plag\u00ebs s\u00eb marr\u00eb.<\/p>\n<p>Charles James Kirk, i njohur si Charlie, 31 vje\u00e7, aktivist politik i djatht\u00eb amerikan dhe mik i Donald Trump, u q\u00ebllua nga nj\u00eb snajper n\u00eb qaf\u00eb gjat\u00eb nj\u00eb eventi publik n\u00eb Utah Valley University.<\/p>\n<p>Lajmin p\u00ebr vdekjen e tij e ka b\u00ebr\u00eb me dije vet\u00eb Trump p\u00ebrmes nj\u00eb postimi\u00a0n\u00eb Truth Social, ku shkroi:\u00a0<em>\u201cCharlie Kirk, i madh dhe i jasht\u00ebzakonsh\u00ebm, nuk jeton m\u00eb. Askush nuk e kuptoi dhe nuk kishte zemr\u00ebn e rinis\u00eb amerikane m\u00eb mir\u00eb se ai. Charlie u desh dhe u admirua nga t\u00eb gjith\u00eb, ve\u00e7an\u00ebrisht nga un\u00eb, dhe tani nuk \u00ebsht\u00eb m\u00eb mes nesh. Un\u00eb dhe Melania shprehim ngush\u00ebllimet tona p\u00ebr bashk\u00ebshorten e tij Erika dhe familjen. Charlie, t\u00eb duam!\u201d,<\/em><\/p>\n<p>Aktivisti u q\u00ebllua me nj\u00eb plumb t\u00eb vet\u00ebm, nd\u00ebrsa nj\u00eb i dyshuar \u00ebsht\u00eb arrestuar. N\u00eb vendngjarje ndodhet dhe FBI-ja, teksa ngjarja ndodhi rreth or\u00ebs 12:25 me or\u00ebn lokale.<\/p>\n<p>N\u00eb nj\u00eb fjalim t\u00eb mbajtur n\u00eb Zyr\u00ebn Ovale, Donald Trump faj\u00ebsoi \u201ct\u00eb majt\u00ebn radikale\u201d p\u00ebr t\u00eb sht\u00ebnat q\u00eb lan\u00eb t\u00eb vdekur aktivistin, Charlie Kirk dhe premtoi nj\u00eb goditje t\u00eb menj\u00ebhershme.<\/p>\n<p>\u201cP\u00ebr vite me radh\u00eb, ata t\u00eb s\u00eb majt\u00ebs radikale i kan\u00eb krahasuar amerikan\u00ebt e mrekulluesh\u00ebm si Charlie me nazist\u00ebt dhe vras\u00ebsit dhe kriminel\u00ebt m\u00eb t\u00eb k\u00ebqij masiv\u00eb n\u00eb bot\u00eb. Ky lloj retorike \u00ebsht\u00eb drejtp\u00ebrdrejt p\u00ebrgjegj\u00ebs p\u00ebr terrorizmin q\u00eb po shohim n\u00eb vendin ton\u00eb sot dhe duhet t\u00eb ndalet menj\u00ebher\u00eb\u201d, tha Trump, shkruan TheGuardian.<\/p>\n<p>\u201cAdministrata ime do t\u00eb gjej\u00eb secilin prej atyre q\u00eb kontribuan n\u00eb k\u00ebt\u00eb mizori dhe n\u00eb dhun\u00ebn tjet\u00ebr politike, duke p\u00ebrfshir\u00eb organizatat q\u00eb e financojn\u00eb dhe e mb\u00ebshtesin at\u00eb, si dhe ata q\u00eb ndjekin gjyqtar\u00ebt tan\u00eb, zyrtar\u00ebt e zbatimit t\u00eb ligjit dhe t\u00eb gjith\u00eb t\u00eb tjer\u00ebt q\u00eb sjellin rend n\u00eb vendin ton\u00eb.\u201d<\/p>\n<p>Kujtojm\u00eb se Charlie Kirk u q\u00ebllua gjat\u00eb nj\u00eb debati publik q\u00eb kishte organizuar n\u00eb kampusin e Universitetit n\u00eb Utah.<\/p>\n<p>\u200b<\/p>\n","protected":false},"excerpt":{"rendered":"<p>Ka nd\u00ebrruar jet\u00eb n\u00eb spital Charles James Kirk, ku edhe pasi iu n\u00ebnshtrua nj\u00eb nd\u00ebrhyrje kirurgjikale, s\u00ebrish nuk ka arritur dot t\u2019i mbijetoj\u00eb plag\u00ebs s\u00eb marr\u00eb. Charles James Kirk, i njohur si Charlie, 31 vje\u00e7, aktivist politik i djatht\u00eb amerikan dhe mik i Donald Trump, u q\u00ebllua nga nj\u00eb snajper n\u00eb qaf\u00eb gjat\u00eb nj\u00eb eventi &hellip;<\/p>\n","protected":false},"author":4,"featured_media":122951,"comment_status":"closed","ping_status":"closed","sticky":false,"template":"","format":"standard","meta":{"footnotes":""},"categories":[38],"tags":[],"class_list":["post-122950","post","type-post","status-publish","format-standard","has-post-thumbnail","","category-bota"],"_links":{"self":[{"href":"https:\/\/rdnews.al\/index.php\/wp-json\/wp\/v2\/posts\/122950","targetHints":{"allow":["GET"]}}],"collection":[{"href":"https:\/\/rdnews.al\/index.php\/wp-json\/wp\/v2\/posts"}],"about":[{"href":"https:\/\/rdnews.al\/index.php\/wp-json\/wp\/v2\/types\/post"}],"author":[{"embeddable":true,"href":"https:\/\/rdnews.al\/index.php\/wp-json\/wp\/v2\/users\/4"}],"replies":[{"embeddable":true,"href":"https:\/\/rdnews.al\/index.php\/wp-json\/wp\/v2\/comments?post=122950"}],"version-history":[{"count":2,"href":"https:\/\/rdnews.al\/index.php\/wp-json\/wp\/v2\/posts\/122950\/revisions"}],"predecessor-version":[{"id":122953,"href":"https:\/\/rdnews.al\/index.php\/wp-json\/wp\/v2\/posts\/122950\/revisions\/122953"}],"wp:featuredmedia":[{"embeddable":true,"href":"https:\/\/rdnews.al\/index.php\/wp-json\/wp\/v2\/media\/122951"}],"wp:attachment":[{"href":"https:\/\/rdnews.al\/index.php\/wp-json\/wp\/v2\/media?parent=122950"}],"wp:term":[{"taxonomy":"category","embeddable":true,"href":"https:\/\/rdnews.al\/index.php\/wp-json\/wp\/v2\/categories?post=122950"},{"taxonomy":"post_tag","embeddable":true,"href":"https:\/\/rdnews.al\/index.php\/wp-json\/wp\/v2\/tags?post=122950"}],"curies":[{"name":"wp","href":"https:\/\/api.w.org\/{rel}","templated":true}]}}