{"id":122957,"date":"2025-09-11T09:04:44","date_gmt":"2025-09-11T09:04:44","guid":{"rendered":"https:\/\/rdnews.al\/?p=122957"},"modified":"2025-09-11T09:04:44","modified_gmt":"2025-09-11T09:04:44","slug":"permbytet-durresi-bllokohen-makinat-tek-nenkalimi-prane-portit","status":"publish","type":"post","link":"https:\/\/rdnews.al\/index.php\/2025\/09\/11\/permbytet-durresi-bllokohen-makinat-tek-nenkalimi-prane-portit\/","title":{"rendered":"P\u00ebrmbytet Durr\u00ebsi, bllokohen makinat tek n\u00ebnkalimi pran\u00eb portit\u00a0\u00a0\u00a0\u00a0"},"content":{"rendered":"<p>Reshjet e dendura t\u00eb shiut kan\u00eb krijuar v\u00ebshtir\u00ebsi n\u00eb qarkullimin e k\u00ebmb\u00ebsor\u00ebve dhe mjeteve q\u00eb n\u00eb or\u00ebt e para t\u00eb m\u00ebngjesit t\u00eb sot\u00ebm n\u00eb Durr\u00ebs.<\/p>\n<p>Shum\u00eb kryq\u00ebzime rrug\u00ebsh jan\u00eb n\u00ebn pushtetin e ujit, nd\u00ebrsa sikurse duket n\u00eb pamje, edhe automjetet kan\u00eb mbetur t\u00eb bllokuara.<\/p>\n<p>Reshjet kan\u00eb krijuar probleme n\u00eb shum\u00eb akse rrugore, p\u00ebrfshir\u00eb dhe n\u00ebnkalimin te Veliera n\u00eb lagjen nr.1 t\u00eb Durr\u00ebsit pran\u00eb portit.<\/p>\n<p>Sipas raportimeve nga qytetar\u00ebt, n\u00ebnkalimi \u00ebsht\u00eb\u00a0bllokuar nga reshjet dhe policia ka ndaluar qarkullimin n\u00eb t\u00eb dy kahet e l\u00ebvizjes.<\/p>\n","protected":false},"excerpt":{"rendered":"<p>Reshjet e dendura t\u00eb shiut kan\u00eb krijuar v\u00ebshtir\u00ebsi n\u00eb qarkullimin e k\u00ebmb\u00ebsor\u00ebve dhe mjeteve q\u00eb n\u00eb or\u00ebt e para t\u00eb m\u00ebngjesit t\u00eb sot\u00ebm n\u00eb Durr\u00ebs. Shum\u00eb kryq\u00ebzime rrug\u00ebsh jan\u00eb n\u00ebn pushtetin e ujit, nd\u00ebrsa sikurse duket n\u00eb pamje, edhe automjetet kan\u00eb mbetur t\u00eb bllokuara. Reshjet kan\u00eb krijuar probleme n\u00eb shum\u00eb akse rrugore, p\u00ebrfshir\u00eb dhe n\u00ebnkalimin &hellip;<\/p>\n","protected":false},"author":4,"featured_media":122958,"comment_status":"closed","ping_status":"closed","sticky":false,"template":"","format":"standard","meta":{"footnotes":""},"categories":[37],"tags":[],"class_list":["post-122957","post","type-post","status-publish","format-standard","has-post-thumbnail","","category-politike"],"_links":{"self":[{"href":"https:\/\/rdnews.al\/index.php\/wp-json\/wp\/v2\/posts\/122957","targetHints":{"allow":["GET"]}}],"collection":[{"href":"https:\/\/rdnews.al\/index.php\/wp-json\/wp\/v2\/posts"}],"about":[{"href":"https:\/\/rdnews.al\/index.php\/wp-json\/wp\/v2\/types\/post"}],"author":[{"embeddable":true,"href":"https:\/\/rdnews.al\/index.php\/wp-json\/wp\/v2\/users\/4"}],"replies":[{"embeddable":true,"href":"https:\/\/rdnews.al\/index.php\/wp-json\/wp\/v2\/comments?post=122957"}],"version-history":[{"count":1,"href":"https:\/\/rdnews.al\/index.php\/wp-json\/wp\/v2\/posts\/122957\/revisions"}],"predecessor-version":[{"id":122959,"href":"https:\/\/rdnews.al\/index.php\/wp-json\/wp\/v2\/posts\/122957\/revisions\/122959"}],"wp:featuredmedia":[{"embeddable":true,"href":"https:\/\/rdnews.al\/index.php\/wp-json\/wp\/v2\/media\/122958"}],"wp:attachment":[{"href":"https:\/\/rdnews.al\/index.php\/wp-json\/wp\/v2\/media?parent=122957"}],"wp:term":[{"taxonomy":"category","embeddable":true,"href":"https:\/\/rdnews.al\/index.php\/wp-json\/wp\/v2\/categories?post=122957"},{"taxonomy":"post_tag","embeddable":true,"href":"https:\/\/rdnews.al\/index.php\/wp-json\/wp\/v2\/tags?post=122957"}],"curies":[{"name":"wp","href":"https:\/\/api.w.org\/{rel}","templated":true}]}}