{"id":122960,"date":"2025-09-11T09:10:06","date_gmt":"2025-09-11T09:10:06","guid":{"rendered":"https:\/\/rdnews.al\/?p=122960"},"modified":"2025-09-11T09:11:17","modified_gmt":"2025-09-11T09:11:17","slug":"kush-eshte-inxhinieri-i-shkelqim-fushes-qe-pritet-te-marre-ne-dore-drejtimin-e-bashkise-vlore","status":"publish","type":"post","link":"https:\/\/rdnews.al\/index.php\/2025\/09\/11\/kush-eshte-inxhinieri-i-shkelqim-fushes-qe-pritet-te-marre-ne-dore-drejtimin-e-bashkise-vlore\/","title":{"rendered":"Kush \u00ebsht\u00eb inxhinieri i Shk\u00eblqim Fush\u00ebs q\u00eb pritet t\u00eb marr\u00eb n\u00eb dor\u00eb drejtimin e Bashkis\u00eb Vlor\u00eb"},"content":{"rendered":"<p>Jan\u00eb zbardhur detaje t\u00eb reja nga \u201cdor\u00ebheqja\u201d nga detyra e kryetarit t\u00eb Bashkis\u00eb s\u00eb Vlor\u00ebs, Ermal Dredha, nj\u00eb dit\u00eb para mbledhjes s\u00eb Asambles\u00eb s\u00eb PS-s\u00eb.<\/p>\n<p>Burime p\u00ebr mediat b\u00ebjn\u00eb me dije se Dredha ka qen\u00eb n\u00eb ambientet e bashkis\u00eb deri n\u00eb or\u00ebn 16:00 t\u00eb s\u00eb m\u00ebrkur\u00ebs, ku \u00ebsht\u00eb prezantuar dhe n\u00ebnkryetari i tret\u00eb\u00a0<strong>Elis Halili.<\/strong><\/p>\n<p>Sipas po t\u00eb nj\u00ebjtave burime, Elis Halili \u00ebsht\u00eb em\u00ebruar n\u00eb postin e n\u00ebnkryetarit nga Erma\u00eb Dredha vet\u00ebm pak or\u00eb p\u00ebrpara se t\u00eb jepte dor\u00ebheqjen nga detyra e kryebashkiakut.<\/p>\n<p>E duket se em\u00ebrimi i fundit nuk \u00ebsht\u00eb pa q\u00ebllim, pasi me dor\u00ebheqjen e Dredh\u00ebs, pritet q\u00eb Elis Halili t\u00eb komandohet n\u00eb krye t\u00eb Bashkis\u00eb s\u00eb Vlor\u00ebs deri n\u00eb zgjedhjen e kryetarit t\u00eb ri.<\/p>\n<p>Elis Halili \u00ebsht\u00eb me profesion inxhinier dhe ka qen\u00eb p\u00ebrgjegj\u00ebs i nj\u00eb firm\u00ebs nd\u00ebrtuese \u201cFusha\u201d sh.pk. n\u00eb pron\u00ebsi t\u00eb biznesmenit Shk\u00eblqim Fusha q\u00eb ka realizuar disa projekte n\u00eb qytetin e Vlor\u00ebs, mjaft t\u00eb kontenstuara dhe me dyshime korruptive.<\/p>\n<p>E duket se em\u00ebrimi i Elis Halili, \u201cde facto\u201d n\u00eb krye t\u00eb Bashkis\u00eb s\u00eb Vlor\u00ebs, vjen n\u00eb t\u00eb nj\u00ebjt\u00ebn dit\u00eb kur Shk\u00eblqim Fusha merret zyrtarisht i pandehur nga Prokuroria e Posa\u00e7me n\u00eb lidhje me dosjen e Erion Veliajt, p\u00ebr kryerjen e vepr\u00ebs penale t\u00eb \u201c<em>Korrupsioni aktiv i personave i funksionar\u00ebve t\u00eb lart\u00eb shtet\u00ebrore ose t\u00eb zgjedhurve vendor\u00eb<\/em>\u201d.\/BoldNews<\/p>\n<p><img loading=\"lazy\" decoding=\"async\" class=\"alignnone size-medium wp-image-1597473\" src=\"https:\/\/boldnews.al\/wp-content\/uploads\/2025\/09\/Screenshot_8-5-640x611.png\" sizes=\"auto, (max-width: 640px) 100vw, 640px\" srcset=\"https:\/\/boldnews.al\/wp-content\/uploads\/2025\/09\/Screenshot_8-5-640x611.png 640w, https:\/\/boldnews.al\/wp-content\/uploads\/2025\/09\/Screenshot_8-5.png 718w\" alt=\"\" width=\"640\" height=\"611\" data-pin-no-hover=\"true\" \/><\/p>\n","protected":false},"excerpt":{"rendered":"<p>Jan\u00eb zbardhur detaje t\u00eb reja nga \u201cdor\u00ebheqja\u201d nga detyra e kryetarit t\u00eb Bashkis\u00eb s\u00eb Vlor\u00ebs, Ermal Dredha, nj\u00eb dit\u00eb para mbledhjes s\u00eb Asambles\u00eb s\u00eb PS-s\u00eb. Burime p\u00ebr mediat b\u00ebjn\u00eb me dije se Dredha ka qen\u00eb n\u00eb ambientet e bashkis\u00eb deri n\u00eb or\u00ebn 16:00 t\u00eb s\u00eb m\u00ebrkur\u00ebs, ku \u00ebsht\u00eb prezantuar dhe n\u00ebnkryetari i tret\u00eb\u00a0Elis Halili. Sipas &hellip;<\/p>\n","protected":false},"author":4,"featured_media":122961,"comment_status":"closed","ping_status":"closed","sticky":false,"template":"","format":"standard","meta":{"footnotes":""},"categories":[37],"tags":[],"class_list":["post-122960","post","type-post","status-publish","format-standard","has-post-thumbnail","","category-politike"],"_links":{"self":[{"href":"https:\/\/rdnews.al\/index.php\/wp-json\/wp\/v2\/posts\/122960","targetHints":{"allow":["GET"]}}],"collection":[{"href":"https:\/\/rdnews.al\/index.php\/wp-json\/wp\/v2\/posts"}],"about":[{"href":"https:\/\/rdnews.al\/index.php\/wp-json\/wp\/v2\/types\/post"}],"author":[{"embeddable":true,"href":"https:\/\/rdnews.al\/index.php\/wp-json\/wp\/v2\/users\/4"}],"replies":[{"embeddable":true,"href":"https:\/\/rdnews.al\/index.php\/wp-json\/wp\/v2\/comments?post=122960"}],"version-history":[{"count":2,"href":"https:\/\/rdnews.al\/index.php\/wp-json\/wp\/v2\/posts\/122960\/revisions"}],"predecessor-version":[{"id":122963,"href":"https:\/\/rdnews.al\/index.php\/wp-json\/wp\/v2\/posts\/122960\/revisions\/122963"}],"wp:featuredmedia":[{"embeddable":true,"href":"https:\/\/rdnews.al\/index.php\/wp-json\/wp\/v2\/media\/122961"}],"wp:attachment":[{"href":"https:\/\/rdnews.al\/index.php\/wp-json\/wp\/v2\/media?parent=122960"}],"wp:term":[{"taxonomy":"category","embeddable":true,"href":"https:\/\/rdnews.al\/index.php\/wp-json\/wp\/v2\/categories?post=122960"},{"taxonomy":"post_tag","embeddable":true,"href":"https:\/\/rdnews.al\/index.php\/wp-json\/wp\/v2\/tags?post=122960"}],"curies":[{"name":"wp","href":"https:\/\/api.w.org\/{rel}","templated":true}]}}