{"id":122987,"date":"2025-09-11T12:04:08","date_gmt":"2025-09-11T12:04:08","guid":{"rendered":"https:\/\/rdnews.al\/?p=122987"},"modified":"2025-09-11T12:04:30","modified_gmt":"2025-09-11T12:04:30","slug":"berisha-pasqyra-kryesore-mediatike-eshte-parlamenti-rama-do-festonte-nese-nuk-do-futeshim","status":"publish","type":"post","link":"https:\/\/rdnews.al\/index.php\/2025\/09\/11\/berisha-pasqyra-kryesore-mediatike-eshte-parlamenti-rama-do-festonte-nese-nuk-do-futeshim\/","title":{"rendered":"Berisha: Pasqyra kryesore mediatike \u00ebsht\u00eb parlamenti, Rama do festonte n\u00ebse nuk do futeshim!"},"content":{"rendered":"<p>Kryetari i PD, Sali Berisha, gjat\u00eb mbledhjes s\u00eb grupit parlamentar p\u00ebrs\u00ebrit edhe nj\u00eb her\u00eb q\u00ebndrimin e opozit\u00ebs p\u00ebr vendimin e hyrjes n\u00eb Kuvend. Berisha tha se, pasqyra kryesore mediatike \u00ebsht\u00eb parlamenti, Rama do festonte n\u00ebse nuk do futeshim!<br \/>\nAi u k\u00ebrkoi demokrat\u00ebve mir\u00ebkuptim dhe theksoi se pjes\u00ebmarrja n\u00eb Kuvend \u00ebsht\u00eb nj\u00eb domosdoshm\u00ebri strategjike n\u00eb betej\u00ebn p\u00ebr t\u00eb \u00e7montuar narko-diktatur\u00ebn dhe p\u00ebr t\u2019u dh\u00ebn\u00eb z\u00eb shqiptar\u00ebve t\u00eb pambrojtur nga makineria propagandistike e qeveris\u00eb.<br \/>\n\u201cPrandaj, dhe ne mir\u00ebkuptojm\u00eb k\u00ebta demokrat\u00eb q\u00eb kan\u00eb instinkte politike shum\u00eb t\u00eb zhvilluara, integritet dhe mendojn\u00eb se ne po b\u00ebjm\u00eb nj\u00eb gabim t\u00eb r\u00ebnd\u00eb q\u00eb po hyjm\u00eb n\u00eb parlament.<br \/>\nTani, un\u00eb i ftoj ata t\u00eb ndalen n\u00eb nj\u00eb moment fondamental.<br \/>\nDhe q\u00eb ne demokrat\u00ebt p\u00ebr fatin m\u00eb t\u00eb keq, n\u00eb t\u00ebr\u00ebsi nuk e kemi parasysh.<br \/>\nEfektin shkat\u00ebrrimtar t\u00eb censur\u00ebs mbi ne.<br \/>\nNe mendojm\u00eb se flasim me nj\u00ebri-tjetrin, dalim edhe n\u00eb nj\u00eb studio diku dhe komunikuam me zgjedh\u00ebsit, n\u00eb nj\u00eb koh\u00eb kur studimi tregon se aksionet tona t\u00eb komunikimit jan\u00eb as nj\u00eb e dhjeta e atyre t\u00eb qeveris\u00eb.<br \/>\nN\u00eb k\u00ebt\u00eb kontekst, un\u00eb n\u00eb em\u00ebr tuaj u them demokrateve dhe demokrat\u00ebve, q\u00eb mbet\u00ebn zem\u00ebrthyer nga vendimi i djesh\u00ebm i kryesis\u00eb, se prania jon\u00eb n\u00eb parlament, duke qen\u00eb z\u00ebri i tyre, \u00ebsht\u00eb absolutisht n\u00eb kushtet e territ t\u00eb narko-diktatur\u00ebs, e nj\u00eb r\u00ebnd\u00ebsie n\u00eb vler\u00ebsimin tim jetik p\u00ebr realizimin e q\u00ebllimeve tona.<br \/>\nDhe u garantoj t\u00eb dashur miq q\u00eb na ndiqni dhe q\u00eb m\u00eb keni d\u00ebrguar mesazhe, se Edi Rama do festonte sonte n\u00eb qoft\u00eb se ne do kishim vendosur t\u00eb mos ishim n\u00eb parlament.<br \/>\nPor nuk injoroj asnj\u00eb nga arsyet dhe shkaqet q\u00eb ju rreshtoni p\u00ebr t\u00eb mos qen\u00eb n\u00eb parlament.<br \/>\nPor gjithmon\u00eb ka n\u00eb shkaqe dhe pasoja nj\u00eb hierarki dhe ti je i detyruar t\u00eb gjykosh mbi baz\u00ebn e hierarkis\u00eb s\u00eb tyre.<br \/>\nUn\u00eb u them k\u00ebtyre miqve tan\u00eb, me shum\u00eb respekt, se duam apo nuk duam ne, pasqyra mediatike kryesore \u00ebsht\u00eb parlamenti.<br \/>\n\u00cbsht\u00eb pasqyr\u00eb, ndaj dhe n\u00eb qoft\u00eb se duam ta mbyllim p\u00ebr opozit\u00ebn k\u00ebt\u00eb pasqyr\u00eb dhe n\u00eb bindjen time m\u00eb t\u00eb thell\u00eb- ndoshta jam gabim sepse nuk jam i pagabuesh\u00ebm- ne do b\u00ebnim nj\u00eb gabim me pasoja shum\u00eb \u00ebt r\u00ebnda p\u00ebr opozit\u00ebn.<br \/>\nPra, \u00ebsht\u00eb nj\u00eb gj\u00eb madhore shum\u00eb.<br \/>\nDemokrate e demokrat\u00eb, nuk duhet t\u00eb harroni kurr\u00eb se diktaturat nuk kan\u00eb arm\u00eb m\u00eb t\u00eb fuqishme se sa censur\u00ebn dhe terrin informativ n\u00eb t\u00eb cilin e zhytin shoq\u00ebrin\u00eb.<br \/>\nMerrni ju lajmet e medieve kryesore, pyesni ata q\u00ebjan\u00eb n\u00eb mosh\u00eb m\u00eb t\u00eb shtyr\u00eb se ju a kan\u00eb nj\u00eb dallim nga televizioni i diktatur\u00ebs k\u00ebto mediat komb\u00ebtare, q\u00eb fillojn\u00eb se erdhi jahti i nj\u00eb filan princi, ngjarje q\u00eb nuk kan\u00eb asnj\u00eb lidhje me qytetar\u00ebt shqiptar\u00eb. As me jet\u00ebn e tyre, as me rrog\u00ebn e tyre, as me pensionin e tyre, me asnj\u00eb gj\u00eb. Kan\u00eb vet\u00ebm me lustr\u00ebn e narkodiktatorit.<br \/>\nNdaj dhe, me gjith\u00eb v\u00ebshtir\u00ebsit\u00eb e atij vendimi, do t\u00eb ishte, p\u00ebr mua, ua them k\u00ebtu, jasht\u00ebzakonisht me pasoja p\u00ebr opozit\u00ebn n\u00eb betej\u00ebn e v\u00ebshtir\u00eb shum\u00eb q\u00eb ka ajo p\u00ebr t\u00eb realizuar q\u00ebllimin e vet\u201d, u shpreh Berisha.<\/p>\n","protected":false},"excerpt":{"rendered":"<p>Kryetari i PD, Sali Berisha, gjat\u00eb mbledhjes s\u00eb grupit parlamentar p\u00ebrs\u00ebrit edhe nj\u00eb her\u00eb q\u00ebndrimin e opozit\u00ebs p\u00ebr vendimin e hyrjes n\u00eb Kuvend. Berisha tha se, pasqyra kryesore mediatike \u00ebsht\u00eb parlamenti, Rama do festonte n\u00ebse nuk do futeshim! Ai u k\u00ebrkoi demokrat\u00ebve mir\u00ebkuptim dhe theksoi se pjes\u00ebmarrja n\u00eb Kuvend \u00ebsht\u00eb nj\u00eb domosdoshm\u00ebri strategjike n\u00eb betej\u00ebn &hellip;<\/p>\n","protected":false},"author":4,"featured_media":122988,"comment_status":"closed","ping_status":"closed","sticky":false,"template":"","format":"standard","meta":{"footnotes":""},"categories":[37],"tags":[],"class_list":["post-122987","post","type-post","status-publish","format-standard","has-post-thumbnail","","category-politike"],"_links":{"self":[{"href":"https:\/\/rdnews.al\/index.php\/wp-json\/wp\/v2\/posts\/122987","targetHints":{"allow":["GET"]}}],"collection":[{"href":"https:\/\/rdnews.al\/index.php\/wp-json\/wp\/v2\/posts"}],"about":[{"href":"https:\/\/rdnews.al\/index.php\/wp-json\/wp\/v2\/types\/post"}],"author":[{"embeddable":true,"href":"https:\/\/rdnews.al\/index.php\/wp-json\/wp\/v2\/users\/4"}],"replies":[{"embeddable":true,"href":"https:\/\/rdnews.al\/index.php\/wp-json\/wp\/v2\/comments?post=122987"}],"version-history":[{"count":1,"href":"https:\/\/rdnews.al\/index.php\/wp-json\/wp\/v2\/posts\/122987\/revisions"}],"predecessor-version":[{"id":122989,"href":"https:\/\/rdnews.al\/index.php\/wp-json\/wp\/v2\/posts\/122987\/revisions\/122989"}],"wp:featuredmedia":[{"embeddable":true,"href":"https:\/\/rdnews.al\/index.php\/wp-json\/wp\/v2\/media\/122988"}],"wp:attachment":[{"href":"https:\/\/rdnews.al\/index.php\/wp-json\/wp\/v2\/media?parent=122987"}],"wp:term":[{"taxonomy":"category","embeddable":true,"href":"https:\/\/rdnews.al\/index.php\/wp-json\/wp\/v2\/categories?post=122987"},{"taxonomy":"post_tag","embeddable":true,"href":"https:\/\/rdnews.al\/index.php\/wp-json\/wp\/v2\/tags?post=122987"}],"curies":[{"name":"wp","href":"https:\/\/api.w.org\/{rel}","templated":true}]}}