{"id":122990,"date":"2025-09-11T12:14:33","date_gmt":"2025-09-11T12:14:33","guid":{"rendered":"https:\/\/rdnews.al\/?p=122990"},"modified":"2025-09-11T12:14:33","modified_gmt":"2025-09-11T12:14:33","slug":"berisha-edi-rama-rrembeu-mandatin-e-katert-misioni-yne-eshte-te-mos-e-gezoje-kete-mandat","status":"publish","type":"post","link":"https:\/\/rdnews.al\/index.php\/2025\/09\/11\/berisha-edi-rama-rrembeu-mandatin-e-katert-misioni-yne-eshte-te-mos-e-gezoje-kete-mandat\/","title":{"rendered":"Berisha: Edi Rama rr\u00ebmbeu mandatin e kat\u00ebrt! Misioni yn\u00eb \u00ebsht\u00eb t\u00eb mos e g\u00ebzoj\u00eb k\u00ebt\u00eb mandat"},"content":{"rendered":"<p>Kryetari i PD, Sali Berisha, gjat\u00eb mbledhjes s\u00eb grupit parlamentar tha se, p\u00ebrgjegj\u00ebsia kryesore e demokrat\u00ebve n\u00eb Kuvend \u00ebsht\u00eb p\u00ebrfaq\u00ebsimi i qytetar\u00ebve dhe mbrojtja e interesave t\u00eb tyre p\u00ebrball\u00eb nj\u00eb \u201cnarkoregjimi\u201d q\u00eb ka kapur t\u00eb gjitha pushtetet.<br \/>\nBerisha tha se, Edi Rama rr\u00ebmbeu mandatin e kat\u00ebrt, misioni yn\u00eb \u00ebsht\u00eb t\u00eb mos e g\u00ebzoj\u00eb k\u00ebt\u00eb mandat!<br \/>\n\u201cPor, t\u00eb dashur miq, e nisa me k\u00ebt\u00eb, mund t\u00eb kisha shum\u00eb problematika, por n\u00eb radh\u00eb t\u00eb par\u00eb jan\u00eb demokrat\u00ebt dhe ata q\u00eb na kan\u00eb prur\u00eb ne k\u00ebtu dhe me ta do e nisja dialogun.<br \/>\nP\u00ebrgjegj\u00ebsia jon\u00eb \u00ebsht\u00eb e jasht\u00ebzakonshme.<br \/>\nQenia jon\u00eb n\u00eb parlament si z\u00ebdh\u00ebn\u00ebs t\u00eb tyre, t\u00eb problematikave t\u00eb tyre, t\u00eb interesave t\u00eb tyre, t\u00eb idealeve dhe parimeve q\u00eb ata mbrojn\u00eb, \u00ebsht\u00eb rruga e vetme p\u00ebr t\u00eb krijuar impaktin pozitiv maksimal dhe p\u00ebr t\u00eb vazhduar k\u00ebt\u00eb betej\u00eb kund\u00ebr k\u00ebtij regjimi q\u00eb sado duket sot i gjith\u00ebpushtetsh\u00ebm, u garanton se Lan\u00ebn, me pun\u00ebn ton\u00eb q\u00eb do b\u00ebjm\u00eb, nuk do ta ket\u00eb t\u00eb larg\u00ebt.<br \/>\nN\u00eb qoft\u00eb se ne hyjm\u00eb n\u00eb mision, q\u00eb si misionar\u00eb t\u00eb b\u00ebjm\u00eb gjith\u00e7ka p\u00ebr t\u00eb shp\u00ebtuar Shqip\u00ebrin\u00eb nga ky narkoregjim, nga kjo diktatur\u00eb autoritare q\u00eb ka uzurpuar t\u00eb gjitha pushtetet, at\u00ebher\u00eb ne do justifikojm\u00eb edhe besimin e atyre q\u00eb na kan\u00eb sjell\u00eb k\u00ebtu, por do u japim me prova dhe fakte d\u00ebshmit\u00eb se futja jon\u00eb n\u00eb parlament, sado e dhimbshme, sado n\u00eb nj\u00eb strofull kriminel\u00ebsh, p\u00ebrfaq\u00ebsuesish t\u00eb Troplin\u00ebve, t\u00eb Hakmarrjes p\u00ebr Drejt\u00ebsis\u00eb, \u00c7opjave, \u00c7el\u00ebve, Bajr\u00ebve, Tuk\u00ebve, Dervish\u00ebve, me radh\u00eb t\u00eb gjith\u00eb. Aty jan\u00eb, ata e kan\u00eb pushtuar parlamentin.<br \/>\nPor ne do do q\u00ebndrojm\u00eb si p\u00ebrfaq\u00ebsues t\u00eb qytetar\u00ebve.<br \/>\nNe do t\u00eb jemi aty p\u00ebr t\u00eb gjith\u00eb interesat dhe problemet e tyre.<br \/>\nPor ne do mund t\u00eb justifikojm\u00eb vendimin q\u00eb kemi marr\u00eb kur t\u00eb jemi n\u00eb \u00e7do koh\u00eb t\u00eb mundshme tek zgjedh\u00ebsit tan\u00eb.<br \/>\nPo nuk njoh\u00ebm problematikat, p\u00ebr ne \u00ebsht\u00eb detyrim madhor q\u00eb secili prej nesh, at\u00eb koh\u00eb q\u00eb ka jasht\u00eb parlamentit, tek zgjedh\u00ebsit tan\u00eb.<br \/>\nN\u00eb k\u00ebt\u00eb m\u00ebnyr\u00eb ne do ngrihemi n\u00eb lart\u00ebsit\u00eb e pritshm\u00ebrive dhe s\u00eb bashku me demokrat\u00ebt q\u00eb jan\u00eb shum\u00eb t\u00eb m\u00ebrzitur, t\u00eb d\u00ebshp\u00ebruar, t\u00eb zhg\u00ebnjyer, ne p\u00ebrmbushim k\u00ebsaj here misionin m\u00eb t\u00eb r\u00ebnd\u00ebsish\u00ebm t\u00eb jet\u00ebs ton\u00eb.<br \/>\nEdi Rama rr\u00ebmbeu mandatin e kat\u00ebrt. Misioni yn\u00eb \u00ebsht\u00eb t\u00eb mos e g\u00ebzoj\u00eb k\u00ebt\u00eb mandat. Ai nuk mund ta g\u00ebzoj\u00eb k\u00ebt\u00eb mandat.<br \/>\nPo shihja sot spote kund\u00ebr korrupsionit t\u00eb qeveris\u00eb komuniste t\u00eb Nepalit. Dhe u kishin nxjerr\u00eb ato ornamentet, syze 500 euro, k\u00ebpuc\u00eb 1 mij\u00eb euro, xhaketat 700 euro, po t\u00eb gjitha ato t\u00eb marra s\u00eb bashku nuk kushtojn\u00eb sa \u00e7antat e Lubis\u00eb apo e Spiropalit. Apo \u00e7anta e Uluzi Manj\u00ebs.<br \/>\nT\u00eb gjitha t\u00eb marra nuk kushtojn\u00eb aq. Se k\u00ebta nuk i fshehin, p\u00ebrkundrazi krenohen me vjedhjet e tyre.<br \/>\nNdaj dhe ne, them se do u faktojm\u00eb mb\u00ebshtet\u00ebsve tan\u00eb se vendimi p\u00ebr t\u00eb hyr\u00eb n\u00eb parlament dhe p\u00ebr t\u00eb mbrojtur interesat e tyre ishte vendimi i tyre.<br \/>\nBeteja do b\u00ebhet n\u00eb t\u00eb gjitha hap\u00ebsirat q\u00eb ne kemi\u201d, u shpreh Berisha.<\/p>\n","protected":false},"excerpt":{"rendered":"<p>Kryetari i PD, Sali Berisha, gjat\u00eb mbledhjes s\u00eb grupit parlamentar tha se, p\u00ebrgjegj\u00ebsia kryesore e demokrat\u00ebve n\u00eb Kuvend \u00ebsht\u00eb p\u00ebrfaq\u00ebsimi i qytetar\u00ebve dhe mbrojtja e interesave t\u00eb tyre p\u00ebrball\u00eb nj\u00eb \u201cnarkoregjimi\u201d q\u00eb ka kapur t\u00eb gjitha pushtetet. Berisha tha se, Edi Rama rr\u00ebmbeu mandatin e kat\u00ebrt, misioni yn\u00eb \u00ebsht\u00eb t\u00eb mos e g\u00ebzoj\u00eb k\u00ebt\u00eb mandat! &hellip;<\/p>\n","protected":false},"author":4,"featured_media":122991,"comment_status":"closed","ping_status":"closed","sticky":false,"template":"","format":"standard","meta":{"footnotes":""},"categories":[37],"tags":[],"class_list":["post-122990","post","type-post","status-publish","format-standard","has-post-thumbnail","","category-politike"],"_links":{"self":[{"href":"https:\/\/rdnews.al\/index.php\/wp-json\/wp\/v2\/posts\/122990","targetHints":{"allow":["GET"]}}],"collection":[{"href":"https:\/\/rdnews.al\/index.php\/wp-json\/wp\/v2\/posts"}],"about":[{"href":"https:\/\/rdnews.al\/index.php\/wp-json\/wp\/v2\/types\/post"}],"author":[{"embeddable":true,"href":"https:\/\/rdnews.al\/index.php\/wp-json\/wp\/v2\/users\/4"}],"replies":[{"embeddable":true,"href":"https:\/\/rdnews.al\/index.php\/wp-json\/wp\/v2\/comments?post=122990"}],"version-history":[{"count":1,"href":"https:\/\/rdnews.al\/index.php\/wp-json\/wp\/v2\/posts\/122990\/revisions"}],"predecessor-version":[{"id":122992,"href":"https:\/\/rdnews.al\/index.php\/wp-json\/wp\/v2\/posts\/122990\/revisions\/122992"}],"wp:featuredmedia":[{"embeddable":true,"href":"https:\/\/rdnews.al\/index.php\/wp-json\/wp\/v2\/media\/122991"}],"wp:attachment":[{"href":"https:\/\/rdnews.al\/index.php\/wp-json\/wp\/v2\/media?parent=122990"}],"wp:term":[{"taxonomy":"category","embeddable":true,"href":"https:\/\/rdnews.al\/index.php\/wp-json\/wp\/v2\/categories?post=122990"},{"taxonomy":"post_tag","embeddable":true,"href":"https:\/\/rdnews.al\/index.php\/wp-json\/wp\/v2\/tags?post=122990"}],"curies":[{"name":"wp","href":"https:\/\/api.w.org\/{rel}","templated":true}]}}