{"id":122993,"date":"2025-09-11T12:20:21","date_gmt":"2025-09-11T12:20:21","guid":{"rendered":"https:\/\/rdnews.al\/?p=122993"},"modified":"2025-09-11T12:20:43","modified_gmt":"2025-09-11T12:20:43","slug":"berisha-rama-ne-rreth-te-kuq-si-maduro-sot-i-vuri-kryqin-nato-s-eshte-ne-hall-si-drejtues-i-karteleve-te-droges","status":"publish","type":"post","link":"https:\/\/rdnews.al\/index.php\/2025\/09\/11\/berisha-rama-ne-rreth-te-kuq-si-maduro-sot-i-vuri-kryqin-nato-s-eshte-ne-hall-si-drejtues-i-karteleve-te-droges\/","title":{"rendered":"Berisha: Rama, n\u00eb rreth t\u00eb kuq si Maduro! Sot i vuri kryqin NATO-s, \u00ebsht\u00eb n\u00eb hall si drejtues i karteleve t\u00eb drog\u00ebs!"},"content":{"rendered":"<p>Kryetari i PD, Sali Berisha tha gjat\u00eb fjal\u00ebs n\u00eb grupin parlamentar se, Rama \u00ebsht\u00eb tashm\u00eb n\u00eb nj\u00eb &#8216;rreth t\u00eb kuq&#8217;, i izoluar nd\u00ebrkomb\u00ebtarisht si Nicol\u00e1s Maduro, p\u00ebr shkak t\u00eb p\u00ebrfshirjes n\u00eb pastrimin e parave t\u00eb drog\u00ebs dhe bashk\u00ebpunimit me figura t\u00eb shpallura non grata nga SHBA. Ai tha se, sot i vuri kryqin NATO-s, \u00ebsht\u00eb n\u00eb hall si drejtues i karteleve t\u00eb drog\u00ebs.<br \/>\n\u201cT\u00eb dashur miq, sot ishte nj\u00eb dit\u00eb zie e v\u00ebrtet\u00eb p\u00ebr shqiptar\u00ebt.<br \/>\nSot, kreu i narkoshtetit, n\u00eb nj\u00eb fjalim q\u00eb tani p\u00ebrve\u00e7 Maduros, nuk e mban kush aq t\u00eb gjat\u00eb, u tha shqiptar\u00ebve mesazhet m\u00eb t\u00eb zeza.<br \/>\nS\u00eb pari, ai p\u00ebrfundimisht n\u00eb fush\u00ebn m\u00eb t\u00eb r\u00ebnd\u00ebsishme t\u00eb \u00e7do vendi, q\u00eb \u00ebsht\u00eb fusha e siguris\u00eb, i vuri kryq NATO-s dhe nuk p\u00ebrmendi nj\u00ebher\u00eb t\u00eb vetme Aleanc\u00ebn e Atlantikut t\u00eb Veriut.<br \/>\nDhe kjo nuk \u00ebsht\u00eb pa q\u00ebllim.<br \/>\nS\u00eb pari, t\u00eb marrim regjistrat. Nuk ka vendosur detyrimin 2 p\u00ebrqind\u00ebsh si\u00e7 e k\u00ebrkon buxheti. Ka mashtruar NATO-n, ka mashtruar SHBA-n\u00eb.<br \/>\nPor ky ka hall tjet\u00ebr. Halli i madh jan\u00eb kartelet e drog\u00ebs.<br \/>\nPresidenti Donald Trump, p\u00ebr her\u00eb t\u00eb par\u00eb n\u00eb histori, shpall grupe terroriste kartelet e drog\u00ebs dhe dje sekretari i mbrojtjes, nga Porto Riko, \u00e7far\u00eb deklaroi? Kjo luft\u00eb, tha, \u00ebsht\u00eb ndryshe nga t\u00eb gjitha luft\u00ebrat tjera q\u00eb kemi b\u00ebr\u00eb. Kjo luft\u00eb nuk \u00ebsht\u00eb p\u00ebr politik\u00eb, kjo luft\u00eb \u00ebsht\u00eb p\u00ebr jet\u00ebn e f\u00ebmij\u00ebve tan\u00eb, p\u00ebr t\u00eb ardhmen e f\u00ebmij\u00ebve tan\u00eb.<br \/>\nU garantoj se kreu i karteleve t\u00eb drog\u00ebs n\u00eb Shqip\u00ebri e ka ndjer\u00eb k\u00ebt\u00eb gjer n\u00eb palc\u00eb. Ky q\u00eb ka pritur n\u00eb zyr\u00eb Luftim Hys\u00ebn, sot i shpallur organizat\u00eb terroriste kryesore n\u00eb bot\u00eb, i Sinaloas. Ky q\u00eb miliarda e miliarda euro, jo vet\u00ebm t\u00eb karteleve shqiptare, por karteleve rajonale, i ka hapur dyert dhe miraton n\u00eb nj\u00eb mbledhje dhjet\u00eb milion\u00eb met\u00ebr katror\u00eb nd\u00ebrtimi p\u00ebr t\u00eb lar\u00eb k\u00ebto kartele drog\u00ebn, ky \u00ebsht\u00eb n\u00eb rrethin e kuq. Ky \u00ebsht\u00eb nj\u00eb me Maduron dhe nuk ka ku shkon.<br \/>\nPrandaj ky thot\u00eb nuk na duhen leksione p\u00ebrtej Atlantikut, n\u00eb fjalimin sot thot\u00eb me BE-n\u00eb p\u00ebrshtat, se mendon se BE nuk do luftoj\u00eb drog\u00ebn dhe korrupsionin. T\u00eb gjitha k\u00ebto i kan\u00eb sjell\u00eb Europoli dhe Eurojust.<br \/>\nPra, \u00ebsht\u00eb n\u00eb dit\u00ebn e tij m\u00eb t\u00eb zez\u00eb dhe dit\u00ebt do i nxihen gjithmon\u00eb e m\u00eb shum\u00eb, si\u00e7 e meriton.<br \/>\nJu e keni konstatuar, nuk ka fjal\u00eb tjet\u00ebr tani vet\u00ebm territori, arkitekti, ky, ai. Droga. Sepse k\u00ebto i b\u00ebjn\u00eb presion, urdh\u00ebro thon\u00eb, ndaj dhe firmosen&#8230; mendoni ju se nuk e di BE q\u00eb ky i dha Troplinit 5 kulla. 38 mij\u00eb met\u00ebr katror\u00eb dhe 10-12 nd\u00ebrtesa t\u00eb tjera te stadiumi n\u00eb Durr\u00ebs.<br \/>\nSe ky dha n\u00eb Tiran\u00eb edhe 40 kulla t\u00eb tjera, edhe qindra vila.<br \/>\nSe ky kudo sheh vet\u00ebm si t\u00eb investojn\u00eb parat\u00eb kartelet e drog\u00ebs.<br \/>\nP\u00ebr t\u00eb gjitha k\u00ebto, ai do jet\u00eb p\u00ebrgjegj\u00ebs. U them un\u00eb.<br \/>\nNdaj tani ky mendon se me k\u00ebt\u00eb petkun e ri mund t\u00eb kap\u00ebrcej\u00eb ngarkesat e drog\u00ebs dhe ngarkesat e tjera\u201d, u shpreh Berisha.<\/p>\n","protected":false},"excerpt":{"rendered":"<p>Kryetari i PD, Sali Berisha tha gjat\u00eb fjal\u00ebs n\u00eb grupin parlamentar se, Rama \u00ebsht\u00eb tashm\u00eb n\u00eb nj\u00eb &#8216;rreth t\u00eb kuq&#8217;, i izoluar nd\u00ebrkomb\u00ebtarisht si Nicol\u00e1s Maduro, p\u00ebr shkak t\u00eb p\u00ebrfshirjes n\u00eb pastrimin e parave t\u00eb drog\u00ebs dhe bashk\u00ebpunimit me figura t\u00eb shpallura non grata nga SHBA. Ai tha se, sot i vuri kryqin NATO-s, \u00ebsht\u00eb &hellip;<\/p>\n","protected":false},"author":4,"featured_media":122994,"comment_status":"closed","ping_status":"closed","sticky":false,"template":"","format":"standard","meta":{"footnotes":""},"categories":[37],"tags":[],"class_list":["post-122993","post","type-post","status-publish","format-standard","has-post-thumbnail","","category-politike"],"_links":{"self":[{"href":"https:\/\/rdnews.al\/index.php\/wp-json\/wp\/v2\/posts\/122993","targetHints":{"allow":["GET"]}}],"collection":[{"href":"https:\/\/rdnews.al\/index.php\/wp-json\/wp\/v2\/posts"}],"about":[{"href":"https:\/\/rdnews.al\/index.php\/wp-json\/wp\/v2\/types\/post"}],"author":[{"embeddable":true,"href":"https:\/\/rdnews.al\/index.php\/wp-json\/wp\/v2\/users\/4"}],"replies":[{"embeddable":true,"href":"https:\/\/rdnews.al\/index.php\/wp-json\/wp\/v2\/comments?post=122993"}],"version-history":[{"count":2,"href":"https:\/\/rdnews.al\/index.php\/wp-json\/wp\/v2\/posts\/122993\/revisions"}],"predecessor-version":[{"id":122996,"href":"https:\/\/rdnews.al\/index.php\/wp-json\/wp\/v2\/posts\/122993\/revisions\/122996"}],"wp:featuredmedia":[{"embeddable":true,"href":"https:\/\/rdnews.al\/index.php\/wp-json\/wp\/v2\/media\/122994"}],"wp:attachment":[{"href":"https:\/\/rdnews.al\/index.php\/wp-json\/wp\/v2\/media?parent=122993"}],"wp:term":[{"taxonomy":"category","embeddable":true,"href":"https:\/\/rdnews.al\/index.php\/wp-json\/wp\/v2\/categories?post=122993"},{"taxonomy":"post_tag","embeddable":true,"href":"https:\/\/rdnews.al\/index.php\/wp-json\/wp\/v2\/tags?post=122993"}],"curies":[{"name":"wp","href":"https:\/\/api.w.org\/{rel}","templated":true}]}}