{"id":122997,"date":"2025-09-11T12:25:46","date_gmt":"2025-09-11T12:25:46","guid":{"rendered":"https:\/\/rdnews.al\/?p=122997"},"modified":"2025-09-11T12:30:40","modified_gmt":"2025-09-11T12:30:40","slug":"berisha-rama-i-coi-tiranes-korben-e-korrupsionit-ajo-duhej-denuar-me-burgim-te-perjetshem-per-ate-qe-beri-gjate-pandemise","status":"publish","type":"post","link":"https:\/\/rdnews.al\/index.php\/2025\/09\/11\/berisha-rama-i-coi-tiranes-korben-e-korrupsionit-ajo-duhej-denuar-me-burgim-te-perjetshem-per-ate-qe-beri-gjate-pandemise\/","title":{"rendered":"Berisha: Rama i \u00e7oi Tiran\u00ebs korb\u00ebn e korrupsionit, ajo duhej d\u00ebnuar me burgim t\u00eb p\u00ebrjetsh\u00ebm p\u00ebr at\u00eb q\u00eb b\u00ebri gjat\u00eb pandemis\u00eb"},"content":{"rendered":"<p>Kryetari i PD, Sali Berisha, n\u00eb fjal\u00ebn e tij n\u00eb mbledhjen e grupit parlamentar tha se, Rama i \u00e7oi Tiran\u00ebs korb\u00ebn e korrupsionit, e cila duhej d\u00ebnuar me burgim t\u00eb p\u00ebrjetsh\u00ebm p\u00ebr at\u00eb q\u00eb b\u00ebri gjat\u00eb pandemis\u00eb.<br \/>\nBerisha akuzoi qeverin\u00eb p\u00ebr manipulime dhe abuzime gjat\u00eb pandemis\u00eb, ku vet\u00ebm nga fondet e Covid-it jan\u00eb zhdukur 500 milion\u00eb euro dhe jan\u00eb fshehur 22 mij\u00eb viktima, nd\u00ebrkoh\u00eb q\u00eb Veliajt i besohet p\u00ebrs\u00ebri drejtimi i Tiran\u00ebs.<br \/>\n\u201cNj\u00eb personazh, q\u00eb nuk po ia them emrin, para 40 vitesh, u thoshte t\u00eb tjer\u00ebve q\u00eb un\u00eb dhe Enveri k\u00ebt\u00eb nuk e dim\u00eb.<br \/>\nEdhe ky i thoshte deleve q\u00eb ndodh kjo e kjo, shprehte dhembshuri p\u00ebr Erion Veliajn.<br \/>\nNj\u00ebher\u00eb n\u00eb radh\u00eb t\u00eb par\u00eb duhet ta p\u00ebrg\u00ebzoj deg\u00ebn e Tiran\u00ebs dhe Belind K\u00eblli\u00e7in q\u00eb p\u00ebr 46 jav\u00eb nuk iu ndan\u00eb atij hajduti, nd\u00ebr m\u00eb t\u00eb poshtrit q\u00eb ka Shqip\u00ebria dhe q\u00eb e ka emrin Erion Veliaj.<br \/>\nKurse, asnj\u00eb diskutim q\u00eb Rama at\u00eb nuk e donte kurr\u00eb dhe t\u00eb gjitha ato q\u00eb i b\u00ebhen atij n\u00eb burg, dhe q\u00eb jan\u00eb \u00e7njer\u00ebzore, ua them un\u00eb k\u00ebtu, ne jemi parti e t\u00eb drejtave t\u00eb njeriut, se thon\u00eb po e\u00a0 mbron, un\u00eb nuk e mbroj fare, un\u00eb mbroj at\u00eb q\u00eb besoj dhe un\u00eb besoj tek t\u00eb drejtat e njeriut. Pra, t\u00eb gjith\u00eb ato dhunime dhe posht\u00ebrime q\u00eb i b\u00ebhen, i b\u00ebhen nga Edi Rama dhe Ulsi Manja, sepse donte ky faqezi donte t\u00eb zgjidhej edhe nj\u00ebher\u00eb dhe e p\u00ebrdorte Altin Troplinin si karrem. Nuk b\u00ebhen kurr\u00eb ndaj t\u00eb burgosurit ato.<br \/>\nPra, ju e pat\u00eb teatrin q\u00eb b\u00ebhej aty, se jo f\u00ebmija, jo ky, jo ai.<br \/>\nDhe ky q\u00eb i kishte b\u00ebr\u00eb t\u00eb gjitha vet\u00eb. Me urdh\u00ebr.<br \/>\nDhe k\u00eb i \u00e7oi Tiran\u00ebs? I \u00e7oi korb\u00ebn e korrupsionit.<br \/>\nI \u00e7oi njeriun q\u00eb me q\u00ebndrimet q\u00eb mbajti ndaj Covid-it, meriton n\u00eb m\u00ebnyr\u00eb absolute, minimumi d\u00ebnim t\u00eb p\u00ebrjetsh\u00ebm.<br \/>\nJan\u00eb 22 mij\u00eb vdekje q\u00eb ajo i fshihte.<br \/>\nPlus gj\u00ebrat e tjera. Jan\u00eb 500 milion\u00eb euro, t\u00eb avulluara, t\u00eb dh\u00ebna p\u00ebr Covid-in.<br \/>\nDhe ky e \u00e7on at\u00eb p\u00ebr qytetar\u00ebt e Tiran\u00ebs sikur ta ket\u00eb Tiran\u00ebn kopshtin e PS\u201d, tha Berisha.<\/p>\n","protected":false},"excerpt":{"rendered":"<p>Kryetari i PD, Sali Berisha, n\u00eb fjal\u00ebn e tij n\u00eb mbledhjen e grupit parlamentar tha se, Rama i \u00e7oi Tiran\u00ebs korb\u00ebn e korrupsionit, e cila duhej d\u00ebnuar me burgim t\u00eb p\u00ebrjetsh\u00ebm p\u00ebr at\u00eb q\u00eb b\u00ebri gjat\u00eb pandemis\u00eb. Berisha akuzoi qeverin\u00eb p\u00ebr manipulime dhe abuzime gjat\u00eb pandemis\u00eb, ku vet\u00ebm nga fondet e Covid-it jan\u00eb zhdukur 500 &hellip;<\/p>\n","protected":false},"author":4,"featured_media":122999,"comment_status":"closed","ping_status":"closed","sticky":false,"template":"","format":"standard","meta":{"footnotes":""},"categories":[37],"tags":[],"class_list":["post-122997","post","type-post","status-publish","format-standard","has-post-thumbnail","","category-politike"],"_links":{"self":[{"href":"https:\/\/rdnews.al\/index.php\/wp-json\/wp\/v2\/posts\/122997","targetHints":{"allow":["GET"]}}],"collection":[{"href":"https:\/\/rdnews.al\/index.php\/wp-json\/wp\/v2\/posts"}],"about":[{"href":"https:\/\/rdnews.al\/index.php\/wp-json\/wp\/v2\/types\/post"}],"author":[{"embeddable":true,"href":"https:\/\/rdnews.al\/index.php\/wp-json\/wp\/v2\/users\/4"}],"replies":[{"embeddable":true,"href":"https:\/\/rdnews.al\/index.php\/wp-json\/wp\/v2\/comments?post=122997"}],"version-history":[{"count":1,"href":"https:\/\/rdnews.al\/index.php\/wp-json\/wp\/v2\/posts\/122997\/revisions"}],"predecessor-version":[{"id":122998,"href":"https:\/\/rdnews.al\/index.php\/wp-json\/wp\/v2\/posts\/122997\/revisions\/122998"}],"wp:featuredmedia":[{"embeddable":true,"href":"https:\/\/rdnews.al\/index.php\/wp-json\/wp\/v2\/media\/122999"}],"wp:attachment":[{"href":"https:\/\/rdnews.al\/index.php\/wp-json\/wp\/v2\/media?parent=122997"}],"wp:term":[{"taxonomy":"category","embeddable":true,"href":"https:\/\/rdnews.al\/index.php\/wp-json\/wp\/v2\/categories?post=122997"},{"taxonomy":"post_tag","embeddable":true,"href":"https:\/\/rdnews.al\/index.php\/wp-json\/wp\/v2\/tags?post=122997"}],"curies":[{"name":"wp","href":"https:\/\/api.w.org\/{rel}","templated":true}]}}