{"id":123009,"date":"2025-09-11T16:19:33","date_gmt":"2025-09-11T16:19:33","guid":{"rendered":"https:\/\/rdnews.al\/?p=123009"},"modified":"2025-09-11T16:26:20","modified_gmt":"2025-09-11T16:26:20","slug":"gazment-bardhi-kryetar-i-grupit-parlamentar-kellici-dhe-alizoti-nenkryetare-agron-gjekmarkaj-nenkryetar-i-kuvendit","status":"publish","type":"post","link":"https:\/\/rdnews.al\/index.php\/2025\/09\/11\/gazment-bardhi-kryetar-i-grupit-parlamentar-kellici-dhe-alizoti-nenkryetare-agron-gjekmarkaj-nenkryetar-i-kuvendit\/","title":{"rendered":"Bardhi kryetar i grupit parlamentar, K\u00eblli\u00e7i dhe Alizoti n\u00ebnkryetar\u00eb! Gjekmarkaj n\u00ebnkryetar i Kuvendit"},"content":{"rendered":"<p>Partia Demokatike rikonfirmoi Gazment Bardhin kryetar t\u00eb grupit parlamentar.<\/p>\n<p>Belind K\u00eblli\u00e7i dhe Tomor Alizoti em\u00ebrohen zv\/kryetar t\u00eb grupit parlamentar demokrat.<\/p>\n<p>Sekretare e grupit do t\u00eb jet\u00eb Elda Hoti.<\/p>\n<p>Z\u00ebdh\u00ebn\u00ebse t\u00eb grupit parlamentar, Berisha em\u00ebroi Lediana Aliollin.<\/p>\n<p>Nd\u00ebrsa n\u00ebnkryetari i\u00a0Kuvendit mbetet Agron Gjekmarkaj.<\/p>\n<p>\u201cT\u00eb nderuar deputete dhe deputet\u00eb.<\/p>\n<p>Ne sot konstituojm\u00eb kryesin\u00eb e grupit parlamentar.<\/p>\n<p>N\u00eb konstituimin e kryesis\u00eb s\u00eb grupit parlamentar, \u00ebsht\u00eb menduar dhe n\u00eb t\u00ebr\u00ebsi \u00ebsht\u00eb k\u00ebrkuar q\u00eb t\u00eb mos ket\u00eb dublikime funksionesh dhe t\u00eb k\u00ebtij parimi duhet t\u00eb mbahemi sepse \u00ebsht\u00eb i drejt\u00eb.<\/p>\n<p>Ndaj dhe mendoj se kryetar i Grupit Parlamentar, Gazment Bardhi.<\/p>\n<p>Gazment Bardhi, n\u00eb kushte jo t\u00eb lehta, por jam i bindur se e p\u00ebrfaq\u00ebsoi dhe udh\u00ebhoqi grupin me nj\u00eb vendosm\u00ebri t\u00eb madhe, n\u00eb kushte t\u00eb v\u00ebshtira.<\/p>\n<p>Kam bindjen se ky grup me mb\u00ebshtetjen q\u00eb do i b\u00ebj\u00eb Gazment Bardhit, do t\u00eb njoh\u00eb nj\u00eb perfomanc\u00eb t\u00eb re gjat\u00eb koh\u00ebrave q\u00eb vijn\u00eb.<\/p>\n<p>P\u00ebr n\u00ebnkryetar\u00eb t\u00eb grupit parlamentar, Belind K\u00eblli\u00e7i dhe Tomorr Alizoti, dy t\u00eb rinj me formimin e tyre politik, me kontributet e tyre.<\/p>\n<p>Sekretare Elda Hoti, detyr\u00eb q\u00eb e ka kryer me p\u00ebrgjegj\u00ebsi t\u00eb madhe edhe si deputete edhe si sekretare dhe z\u00ebdh\u00ebn\u00ebse, Ledina Aliolli.<\/p>\n<p>Sot, thash\u00eb t\u00eb konsituojm\u00eb grupin. Nes\u00ebr ose pasnes\u00ebr, do t\u00eb miratojm\u00eb bashk\u00eb p\u00ebrfaq\u00ebsuesit tan\u00eb n\u00eb komisionet parlamentare.<\/p>\n<p>N\u00ebnkryetar Kuvendi, Agron Gjekmarkaj.<\/p>\n<p>At\u00ebher\u00eb, t\u2019i urojm\u00eb suksese kryesis\u00eb s\u00eb re t\u00eb grupit parlamentar. Kryesia nuk do ken\u00eb funksione n\u00eb Komisione dhe ne do b\u00ebjm\u00eb s\u00eb bashku, do t\u00eb caktojm\u00eb p\u00ebrfaq\u00ebsuesit tan\u00eb n\u00eb komisione\u201d, tha Berisha.<\/p>\n","protected":false},"excerpt":{"rendered":"<p>Partia Demokatike rikonfirmoi Gazment Bardhin kryetar t\u00eb grupit parlamentar. Belind K\u00eblli\u00e7i dhe Tomor Alizoti em\u00ebrohen zv\/kryetar t\u00eb grupit parlamentar demokrat. Sekretare e grupit do t\u00eb jet\u00eb Elda Hoti. Z\u00ebdh\u00ebn\u00ebse t\u00eb grupit parlamentar, Berisha em\u00ebroi Lediana Aliollin. Nd\u00ebrsa n\u00ebnkryetari i\u00a0Kuvendit mbetet Agron Gjekmarkaj. \u201cT\u00eb nderuar deputete dhe deputet\u00eb. Ne sot konstituojm\u00eb kryesin\u00eb e grupit parlamentar. N\u00eb &hellip;<\/p>\n","protected":false},"author":4,"featured_media":123010,"comment_status":"closed","ping_status":"closed","sticky":false,"template":"","format":"standard","meta":{"footnotes":""},"categories":[37],"tags":[],"class_list":["post-123009","post","type-post","status-publish","format-standard","has-post-thumbnail","","category-politike"],"_links":{"self":[{"href":"https:\/\/rdnews.al\/index.php\/wp-json\/wp\/v2\/posts\/123009","targetHints":{"allow":["GET"]}}],"collection":[{"href":"https:\/\/rdnews.al\/index.php\/wp-json\/wp\/v2\/posts"}],"about":[{"href":"https:\/\/rdnews.al\/index.php\/wp-json\/wp\/v2\/types\/post"}],"author":[{"embeddable":true,"href":"https:\/\/rdnews.al\/index.php\/wp-json\/wp\/v2\/users\/4"}],"replies":[{"embeddable":true,"href":"https:\/\/rdnews.al\/index.php\/wp-json\/wp\/v2\/comments?post=123009"}],"version-history":[{"count":2,"href":"https:\/\/rdnews.al\/index.php\/wp-json\/wp\/v2\/posts\/123009\/revisions"}],"predecessor-version":[{"id":123012,"href":"https:\/\/rdnews.al\/index.php\/wp-json\/wp\/v2\/posts\/123009\/revisions\/123012"}],"wp:featuredmedia":[{"embeddable":true,"href":"https:\/\/rdnews.al\/index.php\/wp-json\/wp\/v2\/media\/123010"}],"wp:attachment":[{"href":"https:\/\/rdnews.al\/index.php\/wp-json\/wp\/v2\/media?parent=123009"}],"wp:term":[{"taxonomy":"category","embeddable":true,"href":"https:\/\/rdnews.al\/index.php\/wp-json\/wp\/v2\/categories?post=123009"},{"taxonomy":"post_tag","embeddable":true,"href":"https:\/\/rdnews.al\/index.php\/wp-json\/wp\/v2\/tags?post=123009"}],"curies":[{"name":"wp","href":"https:\/\/api.w.org\/{rel}","templated":true}]}}