{"id":123027,"date":"2025-09-12T08:09:15","date_gmt":"2025-09-12T08:09:15","guid":{"rendered":"https:\/\/rdnews.al\/?p=123027"},"modified":"2025-09-12T08:13:28","modified_gmt":"2025-09-12T08:13:28","slug":"perkujtohet-azem-hajdari-berisha-sot-pluralizmi-per-te-cilin-luftuan-studentet-liberator-eshte-i-shtypur","status":"publish","type":"post","link":"https:\/\/rdnews.al\/index.php\/2025\/09\/12\/perkujtohet-azem-hajdari-berisha-sot-pluralizmi-per-te-cilin-luftuan-studentet-liberator-eshte-i-shtypur\/","title":{"rendered":"P\u00ebrkujtohet Azem Hajdari\/ Berisha: Sot pluralizmi p\u00ebr t\u00eb cilin luftuan student\u00ebt liberator \u00ebsht\u00eb i shtypur!"},"content":{"rendered":"<p>Partia Demokratike ka organizuar sot nj\u00eb ceremoni p\u00ebrkujtimore p\u00ebr Azem Hajdarin n\u00eb p\u00ebrvjetorin e vrasjes s\u00eb pages\u00eb n\u00eb oborrin e selis\u00eb s\u00eb PD. I pranish\u00ebm n\u00eb k\u00ebt\u00eb ceremoni bashk\u00eb me familjar\u00ebt e ish liderit t\u00eb dhjetorit dhe drjetus\u00ebve t\u00eb opozit\u00ebs, ishte edhe Kryetari i PD, Prof. Dr. Sali Berisha.<\/p>\n<p>Berisha tha gjat\u00eb fjal\u00ebs s\u00eb tij se, sot pluralizmi p\u00ebr t\u00eb cilin luftuan student\u00ebt liberator, \u00ebsht\u00eb i shtypur, do luftojn\u00eb p\u00ebr kthimin e vot\u00ebs s\u00eb lir\u00eb<\/p>\n<p>\u201cN\u00eb k\u00ebt\u00eb p\u00ebrvjetor t\u00eb r\u00ebnies s\u00eb tij p\u00ebr t\u00eb mbetur i pavdeksh\u00ebm. Azem Hajdari s\u00eb bashku me siv\u00ebllain e tij Besim \u00c7erja jan\u00eb m\u00eb t\u00eb gjall\u00eb se kurr\u00eb ne idealet e Shqiptar\u00ebve q\u00eb aspirojn\u00eb lirin\u00eb dhe dinjitetin njer\u00ebzor,<\/p>\n<p>Idealet e Azem Hajdarit sot jan\u00eb m\u00eb kushtruese me ftuese se kurr\u00eb q\u00eb nga viti 90 e gjer n\u00eb k\u00ebt\u00eb moment. Mbasi Shqip\u00ebria \u00ebsht\u00eb zhytur sot n\u00eb form\u00ebn m\u00eb t\u00eb sh\u00ebmtuar t\u00eb diktaturave q\u00eb \u00ebsht\u00eb diktatura e drog\u00ebs, krimit dhe vjedhjes s\u00eb shqiptar\u00ebve. Sot pluralizmi p\u00ebr t\u00eb cilin Azem Hajdari dhe student\u00ebt liberator\u00eb ec\u00ebn drejt sakrificave sublime p\u00ebr rivendosjen n\u00eb Shqip\u00ebri t\u00eb pluralizmit, de facto \u00ebsht\u00eb i shtypur, i dhunuar. Sot vota e lir\u00eb nuk ekziston. Fjala e lir\u00eb \u00ebsht\u00eb n\u00eb satrin e xhelat\u00ebve t\u00eb pushtetit, n\u00eb starin e Edi Ram\u00ebs si\u00e7 ishte ajo ne diktatur\u00ebn tjet\u00ebr ku i ati i tij xhelat firmoste varjen e poet\u00ebve, ekzekutimin e qytetar\u00ebve p\u00ebr fjal\u00ebn e lir\u00eb, e mendimin e lir\u00eb.<\/p>\n<p>Sot \u00ebsht\u00eb nj\u00eb dit\u00eb betimi, do t\u00eb thosha p\u00ebr \u00e7do demokrat shqiptar p\u00ebr \u00e7do deputete t\u00eb PD p\u00ebr \u00e7do drejtues t\u00eb k\u00ebsaj partie dhe mb\u00ebshtet\u00ebsit e saj q\u00eb t\u00eb ngrihemi p\u00ebr t\u00eb shp\u00ebtuar Shqip\u00ebrin\u00eb p\u00ebr t\u00eb shp\u00ebtuar vot\u00ebn e lir\u00eb, p\u00ebr t\u00eb shp\u00ebtuar fjal\u00ebn e lir\u00eb. Edhe nj\u00eb here t\u00eb gatsh\u00ebm p\u00ebr \u00e7do \u00e7mim dhe sakrific\u00eb. Pasi liria dhe dinjiteti k\u00ebrkojn\u00eb sakrifica. Un\u00eb kam bindjen se demokrat\u00ebt shqiptar\u00eb, pavar\u00ebsisht nga dit\u00ebt e v\u00ebshtira do ti tregojn\u00eb, Shqip\u00ebris\u00eb dhe bot\u00ebs se ata jan\u00eb n\u00eb armiq\u00ebsi me armiqt\u00eb e liris\u00eb, me armiqt\u00eb e fjal\u00ebs s\u00eb lire dhe se do t\u00eb kthejn\u00eb n\u00eb k\u00ebt\u00eb vend dinjitetin njer\u00ebzor dhe do te kthejn\u00eb p\u00ebrs\u00ebri n\u00eb k\u00ebt\u00eb vend vot\u00ebn e lir\u00eb, fjal\u00ebn e lir\u00eb\u201d, tha Berisha.<\/p>\n<div class=\"fotogaleri\">\n<div class=\"bx-wrapper\">\n<div class=\"bx-viewport\">\n<ul class=\"read-slider\">\n<li><a href=\"https:\/\/www.syri.net\/fotogaleria\/820104\/perkujtohet-azem-hajdari-berisha-sot-pluralizmi-per-te-cilin-luftuan-studentet-liberator-eshte-i-shtypur-do-luftojne-per-kthimin-e-votes-se-lire\/\" target=\"_blank\" rel=\"noopener\"><img decoding=\"async\" src=\"https:\/\/www.syri.net\/uploads\/syri.net\/images\/2025\/September\/12\/auto_38f9e78a-c68e-4cfd-83bb-11150e41a1641757664038.jfif\" \/><\/a><\/li>\n<\/ul>\n<\/div>\n<\/div>\n<\/div>\n<div class=\"fotogaleri\">\n<div class=\"bx-wrapper\">\n<div class=\"bx-viewport\">\n<ul class=\"read-slider\">\n<li><a href=\"https:\/\/www.syri.net\/fotogaleria\/820104\/perkujtohet-azem-hajdari-berisha-sot-pluralizmi-per-te-cilin-luftuan-studentet-liberator-eshte-i-shtypur-do-luftojne-per-kthimin-e-votes-se-lire\/\" target=\"_blank\" rel=\"noopener\"><img decoding=\"async\" src=\"https:\/\/www.syri.net\/uploads\/syri.net\/images\/2025\/September\/12\/auto_94239d5a-2e4b-4d56-9d3c-76c47e77ed311757664039.jfif\" \/><\/a><\/li>\n<\/ul>\n<\/div>\n<\/div>\n<\/div>\n","protected":false},"excerpt":{"rendered":"<p>Partia Demokratike ka organizuar sot nj\u00eb ceremoni p\u00ebrkujtimore p\u00ebr Azem Hajdarin n\u00eb p\u00ebrvjetorin e vrasjes s\u00eb pages\u00eb n\u00eb oborrin e selis\u00eb s\u00eb PD. I pranish\u00ebm n\u00eb k\u00ebt\u00eb ceremoni bashk\u00eb me familjar\u00ebt e ish liderit t\u00eb dhjetorit dhe drjetus\u00ebve t\u00eb opozit\u00ebs, ishte edhe Kryetari i PD, Prof. Dr. Sali Berisha. Berisha tha gjat\u00eb fjal\u00ebs s\u00eb tij &hellip;<\/p>\n","protected":false},"author":4,"featured_media":123028,"comment_status":"closed","ping_status":"closed","sticky":false,"template":"","format":"standard","meta":{"footnotes":""},"categories":[37],"tags":[],"class_list":["post-123027","post","type-post","status-publish","format-standard","has-post-thumbnail","","category-politike"],"_links":{"self":[{"href":"https:\/\/rdnews.al\/index.php\/wp-json\/wp\/v2\/posts\/123027","targetHints":{"allow":["GET"]}}],"collection":[{"href":"https:\/\/rdnews.al\/index.php\/wp-json\/wp\/v2\/posts"}],"about":[{"href":"https:\/\/rdnews.al\/index.php\/wp-json\/wp\/v2\/types\/post"}],"author":[{"embeddable":true,"href":"https:\/\/rdnews.al\/index.php\/wp-json\/wp\/v2\/users\/4"}],"replies":[{"embeddable":true,"href":"https:\/\/rdnews.al\/index.php\/wp-json\/wp\/v2\/comments?post=123027"}],"version-history":[{"count":2,"href":"https:\/\/rdnews.al\/index.php\/wp-json\/wp\/v2\/posts\/123027\/revisions"}],"predecessor-version":[{"id":123030,"href":"https:\/\/rdnews.al\/index.php\/wp-json\/wp\/v2\/posts\/123027\/revisions\/123030"}],"wp:featuredmedia":[{"embeddable":true,"href":"https:\/\/rdnews.al\/index.php\/wp-json\/wp\/v2\/media\/123028"}],"wp:attachment":[{"href":"https:\/\/rdnews.al\/index.php\/wp-json\/wp\/v2\/media?parent=123027"}],"wp:term":[{"taxonomy":"category","embeddable":true,"href":"https:\/\/rdnews.al\/index.php\/wp-json\/wp\/v2\/categories?post=123027"},{"taxonomy":"post_tag","embeddable":true,"href":"https:\/\/rdnews.al\/index.php\/wp-json\/wp\/v2\/tags?post=123027"}],"curies":[{"name":"wp","href":"https:\/\/api.w.org\/{rel}","templated":true}]}}