{"id":123034,"date":"2025-09-12T08:23:38","date_gmt":"2025-09-12T08:23:38","guid":{"rendered":"https:\/\/rdnews.al\/?p=123034"},"modified":"2025-09-12T08:32:21","modified_gmt":"2025-09-12T08:32:21","slug":"berisha-peleshi-bandit-me-post-kryetar-parlamenti-nuk-e-votojme","status":"publish","type":"post","link":"https:\/\/rdnews.al\/index.php\/2025\/09\/12\/berisha-peleshi-bandit-me-post-kryetar-parlamenti-nuk-e-votojme\/","title":{"rendered":"Berisha: T\u00eb votosh Niko Peleshin si kryetar parlamenti \u00ebsht\u00eb si t\u00eb votosh Kapuranin dhe band\u00ebn e tij n\u00eb Kor\u00e7\u00eb!"},"content":{"rendered":"<p>Kryetari i PD, Sali Berisha deklaroi se, Partia Demokratike nuk do t\u00eb votoj\u00eb Niko Peleshin p\u00ebr postin e kryetarit t\u00eb Kuvendit.<\/p>\n<p>Berisha tha se, t\u00eb votosh Niko Peleshin si kryetar parlamenti, \u00ebsht\u00eb si t\u00eb votosh Kapuranin dhe band\u00ebn e tij n\u00eb Kor\u00e7\u00eb!<\/p>\n<p>\u201cT\u00eb votosh Niko Peleshin si kryetar parlamenti, \u00ebsht\u00eb si t\u00eb votosh Kapuranin dhe band\u00ebn e tij n\u00eb Kor\u00e7\u00eb<\/p>\n<p>Absolutisht jo. T\u00eb votosh Niko Peleshin aty, \u00ebsht\u00eb dhjet\u00eb her\u00eb m\u00eb mir\u00eb se t\u00eb votosh Kapuranin, apo band\u00ebn e tij n\u00eb Kor\u00e7\u00eb. Kategorikisht jo.<\/p>\n<p>M\u00eb mir\u00eb t\u00eb vinte ai se, ai t\u00eb pakt\u00ebn \u00ebsht\u00eb i sinqert\u00eb, jeton si bandit.<\/p>\n<p>Kurse ky \u00ebsht\u00eb bandit me post kryetar parlamenti. N\u00eb asnj\u00eb m\u00ebnyr\u00eb\u201d, tha Berisha.<\/p>\n","protected":false},"excerpt":{"rendered":"<p>Kryetari i PD, Sali Berisha deklaroi se, Partia Demokratike nuk do t\u00eb votoj\u00eb Niko Peleshin p\u00ebr postin e kryetarit t\u00eb Kuvendit. Berisha tha se, t\u00eb votosh Niko Peleshin si kryetar parlamenti, \u00ebsht\u00eb si t\u00eb votosh Kapuranin dhe band\u00ebn e tij n\u00eb Kor\u00e7\u00eb! \u201cT\u00eb votosh Niko Peleshin si kryetar parlamenti, \u00ebsht\u00eb si t\u00eb votosh Kapuranin dhe &hellip;<\/p>\n","protected":false},"author":4,"featured_media":123035,"comment_status":"closed","ping_status":"closed","sticky":false,"template":"","format":"standard","meta":{"footnotes":""},"categories":[37],"tags":[],"class_list":["post-123034","post","type-post","status-publish","format-standard","has-post-thumbnail","","category-politike"],"_links":{"self":[{"href":"https:\/\/rdnews.al\/index.php\/wp-json\/wp\/v2\/posts\/123034","targetHints":{"allow":["GET"]}}],"collection":[{"href":"https:\/\/rdnews.al\/index.php\/wp-json\/wp\/v2\/posts"}],"about":[{"href":"https:\/\/rdnews.al\/index.php\/wp-json\/wp\/v2\/types\/post"}],"author":[{"embeddable":true,"href":"https:\/\/rdnews.al\/index.php\/wp-json\/wp\/v2\/users\/4"}],"replies":[{"embeddable":true,"href":"https:\/\/rdnews.al\/index.php\/wp-json\/wp\/v2\/comments?post=123034"}],"version-history":[{"count":3,"href":"https:\/\/rdnews.al\/index.php\/wp-json\/wp\/v2\/posts\/123034\/revisions"}],"predecessor-version":[{"id":123041,"href":"https:\/\/rdnews.al\/index.php\/wp-json\/wp\/v2\/posts\/123034\/revisions\/123041"}],"wp:featuredmedia":[{"embeddable":true,"href":"https:\/\/rdnews.al\/index.php\/wp-json\/wp\/v2\/media\/123035"}],"wp:attachment":[{"href":"https:\/\/rdnews.al\/index.php\/wp-json\/wp\/v2\/media?parent=123034"}],"wp:term":[{"taxonomy":"category","embeddable":true,"href":"https:\/\/rdnews.al\/index.php\/wp-json\/wp\/v2\/categories?post=123034"},{"taxonomy":"post_tag","embeddable":true,"href":"https:\/\/rdnews.al\/index.php\/wp-json\/wp\/v2\/tags?post=123034"}],"curies":[{"name":"wp","href":"https:\/\/api.w.org\/{rel}","templated":true}]}}