{"id":123037,"date":"2025-09-12T08:27:44","date_gmt":"2025-09-12T08:27:44","guid":{"rendered":"https:\/\/rdnews.al\/?p=123037"},"modified":"2025-09-12T08:27:44","modified_gmt":"2025-09-12T08:27:44","slug":"njeriu-qe-mori-miliarda-nga-fatkeqesia-e-covid-19-hap-legjislaturen-e-xi-te-kuvendit","status":"publish","type":"post","link":"https:\/\/rdnews.al\/index.php\/2025\/09\/12\/njeriu-qe-mori-miliarda-nga-fatkeqesia-e-covid-19-hap-legjislaturen-e-xi-te-kuvendit\/","title":{"rendered":"Njeriu q\u00eb mori miliarda nga fatkeq\u00ebsia e Covid-19 hap legjislatur\u00ebn e XI t\u00eb Kuvendit!"},"content":{"rendered":"<p>Ashtu si\u00e7 ishte planifikuar, n\u00eb or\u00ebn 10:00, ka nisur seanca e par\u00eb e legjislatur\u00ebs s\u00eb XI-t\u00eb t\u00eb Kuvendit t\u00eb Shqip\u00ebris\u00eb, e dal\u00eb nga zgjedhjet parlamentare t\u00eb 11 majit.<\/p>\n<p>N\u00eb sall\u00eb jan\u00eb ulur 140 deputet\u00eb, mes tyre 72 q\u00eb hyjn\u00eb p\u00ebr her\u00eb t\u00eb par\u00eb. N\u00eb zgjedhjet e 11 Majit, PS arriti t\u00eb merrte 83 mandate, PD dhe aleat\u00ebt 50 mandate, nd\u00ebrsa 7 mandate u takojn\u00eb forca t\u00eb reja, m\u00eb konkretisht, 3 deputet\u00ebt PSD e Tom Doshit, 2 deputet\u00eb Partia Mundlsia e Agron Shehajt, dhe nga nj\u00eb deputet \u201cNisma Shqip\u00ebria B\u00ebhet\u201d e Adriatik Lapajt dhe L\u00ebvizja Bashk\u00eb e Arlind Qorit.<\/p>\n<p>Seanca \u00ebsht\u00eb hapur nga deputeti i PS-s\u00eb Vasil Llajo. Sipas legjilsacionit, seanca e par\u00eb duhej t\u00eb hapej nga deputeti m\u00eb i vjet\u00ebr i Kuvendit, por Sali Berisha s\u00eb bashku me Tritan Shehun e refuzuan.<\/p>\n<p>Vasil Llajo \u00e7eli seanc\u00ebn konstituuese dhe njoftoi ngritjen e komisionit t\u00eb verifikimit t\u00eb mandateve, e cila p\u00ebrb\u00ebhet nga tre deputetet m\u00eb t\u00eb reja t\u00eb Kuvendit, Marjana Ko\u00e7eku, Zegjine \u00c7aushi dhe Klodiana \u00c7apja.<\/p>\n<p>Gjat\u00eb shqyrtimit t\u00eb dosjeve t\u00eb deputet\u00ebve t\u00eb sjella nga Komisioni Qendror i Zgjedhjeve, proces ky me natyr\u00eb burokratike, deputet\u00ebt e rinj do t\u00eb largohen dhe do t\u00eb rikthehen pasdite.<\/p>\n<p>N\u00eb pjes\u00ebn e dyt\u00eb t\u00eb seanc\u00ebs plenare, drejtuesi Llajo do t\u00eb th\u00ebrras\u00eb nj\u00eb nga nj\u00eb emrat e 140 deputet\u00ebve p\u00ebr t\u2019u betuar. M\u00eb pas, mazhoranca socialiste do t\u00eb propozoj\u00eb emrin p\u00ebr kryetar Kuvendi, i cili u m\u00ebsua nj\u00eb dit\u00eb m\u00eb par\u00eb (11 Shtator) dhe \u00ebsht\u00eb Niko Peleshi, pasi kryesocialisti Edi Rama e shpalli n\u00eb mbledhjen e partis\u00eb. Kuvendi do t\u00eb organizoj\u00eb nj\u00eb votim t\u00eb fsheht\u00eb me flet\u00eb votimi letre dhe kuti, ku votat do t\u00eb num\u00ebrohen nj\u00eb nga nj\u00eb.<\/p>\n<h4><strong>Vasil Llajo, njeriu q\u00eb fitoi miliarda nga fatkeq\u00ebsia e Covid<\/strong><\/h4>\n<p>Vasil Llajo \u00ebsht\u00eb pronari i laborator\u00ebve \u201cIntermedica\u201d, njeriu q\u00eb \u00ebsht\u00eb akuzuar m\u00eb s\u00eb shumti publikisht se ka abuzuar n\u00eb qindra mij\u00ebra euro me \u00e7mimet e testeve t\u00eb Covid-it dhe q\u00eb n\u00eb zgjedhjet e 11 Majit mori votat e qytetar\u00ebve, si pjes\u00eb e list\u00ebs s\u00eb hapur t\u00eb kandidat\u00ebve p\u00ebr deputet\u00eb t\u00eb kryeministrit Edi Rama, n\u00eb Sarand\u00eb.<\/p>\n<p>N\u00eb mesin e vitit 2020, kur pandemia e Covid-19 arriti kulmin e saj. Strukturat spitalore publike u p\u00ebrfshin\u00eb n\u00eb kolaps. Qeveria e Edi Ram\u00ebs nd\u00ebrmori nism\u00ebn p\u00ebr \u201cliberalizimin\u201d e kryerjes s\u00eb testeve (tampon\u00ebve) q\u00eb konstatonin ekzistenc\u00ebn ose jo t\u00eb virusit Sars-Cov-2. N\u00ebn pushtetin e panikut nga s\u00ebmundja, si edhe nga nevoja p\u00ebr t\u00eb l\u00ebvizur n\u00eb kushtet e kufizimit, qindra mij\u00ebra qytetar\u00eb ishin t\u00eb detyruar t\u00eb kryenin testet e Covid.<\/p>\n<p>\u201cLiberalizimi\u201d ishte krijimi i nj\u00eb lloj monopoli nga ana e qeveris\u00eb, duke i dor\u00ebzuar licens\u00ebn p\u00ebrkat\u00ebse vet\u00ebm dy laborator\u00ebve, n\u00eb gusht 2020. Nj\u00ebri prej tyre ishte \u201cIntermedica\u201d e Vasil Llajos. Tjetri ishte \u201cAlnet\u201d i Klodjan Allajbeut. Dy laborator\u00ebt, n\u00eb kushtet \u201cmonopolistike\u201d, aplikuan \u00e7mime shum\u00eb t\u00eb fryra p\u00ebr shqiptar\u00ebt e varf\u00ebr-12 mij\u00eb lek\u00eb t\u00eb reja p\u00ebr tampon (95 euro).<\/p>\n<figure id=\"attachment_1598003\" class=\"wp-caption alignnone\" aria-describedby=\"caption-attachment-1598003\"><img loading=\"lazy\" decoding=\"async\" class=\"size-full wp-image-1598003\" src=\"https:\/\/boldnews.al\/wp-content\/uploads\/2025\/09\/WhatsApp-Image-2025-05-07-at-1.43.05-PM-640x516-1.jpeg\" alt=\"\" width=\"640\" height=\"516\" data-pin-no-hover=\"true\" \/><figcaption id=\"caption-attachment-1598003\" class=\"wp-caption-text\"><strong><em>N\u00eb foto: Nj\u00eb nga laborator\u00ebt e \u201cIntermedica\u201d t\u00eb Vasil Llajos<\/em><\/strong><\/figcaption><\/figure>\n<p>Ky \u00e7mim, n\u00eb dukje shum\u00eb abuziv, krahasuar me vendet e tjera, u aplikua p\u00ebr nj\u00eb periudh\u00eb 4-mujore, nga gushti deri n\u00eb n\u00ebntor 2020.<\/p>\n<p>Vet\u00ebm pas nj\u00eb reagimi t\u00eb fuqish\u00ebm publik, dy laborator\u00ebt, n\u00eb n\u00ebntor t\u00eb atij viti, u detyruan t\u00eb ulnin \u00e7mimin p\u00ebr tampon n\u00eb 65 euro (8500 lek\u00eb t\u00eb reja), s\u00ebrish shum\u00eb m\u00eb i lart\u00eb se vendet e rajonit, por edhe shtete t\u00eb tjera t\u00eb fuqishme europiane.<\/p>\n<p>\u201c<strong>Boldnews.al<\/strong>\u201d ka\u00a0<a href=\"https:\/\/boldnews.al\/2020\/11\/13\/tamponi-per-covid-si-po-i-rrjepin-shqiptaret-spitali-amerikan-dhe-intermedica\/\" target=\"_blank\" rel=\"noopener\">raportuar<\/a>\u00a0n\u00eb at\u00eb koh\u00eb p\u00ebr \u00e7mimet abuzive t\u00eb Vasil Llajos dhe Klodjan Allajbeut.<\/p>\n<p>N\u00eb nj\u00eb hulumtim t\u00eb kryer nga redaksia, si edhe bazuar n\u00eb informacione publike, rezultonte se shtete, p\u00ebrfshir\u00eb edhe ato t\u00eb zhvilluara, \u00e7mimi p\u00ebr nj\u00eb test PCR \u00ebsht\u00eb shum\u00eb m\u00eb i ul\u00ebt n\u00eb Shqip\u00ebri, madje, n\u00eb vende si Franca edhe 3 her\u00eb m\u00eb pak.<\/p>\n<p>M\u00eb konkretisht, n\u00eb Serbi, vlera e nj\u00eb testi PCR n\u00eb laborator\u00eb privat\u00eb \u00ebsht\u00eb 6 mij\u00eb dinar\u00eb, rreth 50 euro.<\/p>\n<p>N\u00eb Kosov\u00eb ishin licensuar dy laborator\u00eb privat\u00eb p\u00ebr kryerjen e testeve PCR dhe \u00e7mimi varionte nga 40-50 euro.<\/p>\n<p>N\u00eb Bosnje-Hercegovin\u00eb, \u00e7mimi i nj\u00eb testi PCR (tamponi p\u00ebr Covid-19) \u00ebsht\u00eb rreth 70 euro.<\/p>\n<p>Nd\u00ebrkoh\u00eb, n\u00eb Itali, n\u00eb rajonin e Sardenjas, nj\u00eb prej m\u00eb t\u00eb pasurve n\u00eb fqinjin ton\u00eb p\u00ebrtej Adriatikut, kryerja e nj\u00eb tamponi PCR kushton 70 euro.<\/p>\n<p>Referuar gjithnj\u00eb asaj kohe, mjeku Ermal Dobi, n\u00eb nj\u00eb lidhje nga Franca p\u00ebr nj\u00eb emision n\u00eb Tiran\u00eb, deklaroi p\u00ebr nj\u00eb emision n\u00eb Tiran\u00eb se \u00e7mimi p\u00ebr nj\u00eb tampon n\u00eb laborator\u00ebt privat\u00eb t\u00eb atij vendi p\u00ebrllogaritet n\u00eb rreth 23 euro.<\/p>\n<p>Mjeku Fadil Cani nga Shkupi, po n\u00eb t\u00eb nj\u00ebjtin emision, deklaroi se kryerja e tamponit p\u00ebr Covid-19 n\u00eb Maqedoni kushton nga 40-60 euro.<\/p>\n<p><strong>Milionat e fituara nga \u201cpaniku\u201d i njer\u00ebzve<\/strong><\/p>\n<p>P\u00ebr t\u00eb kuptuar m\u00eb qart\u00ebsisht se sa ka p\u00ebrfituar \u201cIntermedica\u201d e Vasil Llajos dhe \u201cAlnet\u201d i Allabeut nga historia e tampon\u00ebve t\u00eb Covid-it, \u201c<strong>Boldnews.al<\/strong>\u201d iu rikthyer arkivit t\u00eb saj, tek nj\u00eb\u00a0<a href=\"https:\/\/boldnews.al\/2020\/11\/18\/shfrytezuan-friken-e-shqiptareve-laboratoret-private-fituan-qindra-milione-nga-testet-e-covid-it\/\" target=\"_blank\" rel=\"noopener\">raportim<\/a>\u00a0i dat\u00ebs 18 n\u00ebntor 2020.<\/p>\n<p>N\u00eb at\u00eb koh\u00eb, redaksia b\u00ebri disa llogari t\u00eb thjeshta, referuar deklaratave publike t\u00eb p\u00ebrfaq\u00ebsuesve t\u00eb t\u00eb dy laborator\u00ebve.<\/p>\n<p>Drejtuesja \u201cALNET\u201d t\u00eb Spitalit Amerikan n\u00eb at\u00eb koh\u00eb, Albana Daka, n\u00eb emisionin \u201cOpinion\u201d t\u00eb Blendi Fevziut deklaroi, nd\u00ebr t\u00eb tjera se laboratori q\u00eb ajo drejton, ka kryer 350 deri n\u00eb 600 tampon\u00eb n\u00eb dit\u00eb.<\/p>\n<p>Referuar k\u00ebtyre shifrave dhe duke mbajtur n\u00eb konsiderat\u00eb se \u00e7mim p\u00ebr tampon ishte 95 euro (12 mij\u00eb lek\u00eb t\u00eb reja), at\u00ebher\u00eb \u201cALNET\u201d i Spitalit Amerikan, gjat\u00eb periudh\u00ebs Korrik-17 N\u00ebntor 2020, ka ark\u00ebtuar n\u00eb dit\u00eb nga 4.1 milion\u00eb lek\u00eb t\u00eb reja deri n\u00eb 7 milion\u00eb lek\u00eb t\u00eb reja.<\/p>\n<p><em>M\u00eb konkretisht;<\/em><\/p>\n<p><em>\u2013 P\u00ebr sasin\u00eb 350 tampone\/n\u00eb dit\u00eb, ark\u00ebtimi i \u201cALNET\u201d \u00ebsht\u00eb 33.250 euro (ose 4.1 milion\u00eb lek\u00eb t\u00eb reja<\/em><\/p>\n<p><em>\u2013 P\u00ebr sasin\u00eb 600 tampone\/n\u00eb dit\u00eb, ark\u00ebtimi i \u201cALNET\u201d \u00ebsht\u00eb 57.000 euro (ose 7 milion\u00eb lek\u00eb t\u00eb reja<\/em><\/p>\n<p>Laboratori \u201cAlnet\u201d ka ark\u00ebtuar p\u00ebr rreth 4 muaj (120 dit\u00eb), koh\u00eb q\u00eb ka aplikuar \u00e7mimin 95 euro p\u00ebr tampon, nga 400 mij\u00eb euro deri n\u00eb 685 mij\u00eb euro. E shprehur n\u00eb lek\u00eb shqiptare, nga 50 milion\u00eb lek\u00eb t\u00eb reja deri n\u00eb 85 milion\u00eb lek\u00eb t\u00eb reja.<\/p>\n<p>N\u00eb nj\u00eb situat\u00eb t\u00eb ngjashme fitimi duket se \u00ebsht\u00eb edhe laboratori tjet\u00ebr i licensuar, \u201cIntermedica\u201d.<\/p>\n<p>N\u00eb emisionin e Fevziut, p\u00ebrfaq\u00ebsuesi i \u201cIntermedica-s\u201d, Vasil Llajo, deklaroi se laboratori kryen 500-600 tampon\u00eb n\u00eb dit\u00eb.<\/p>\n<p>Duke ndjekur t\u00eb nj\u00ebjt\u00ebn logjik\u00eb shifrash, \u201cIntermedica\u201d ka ark\u00ebtuar nj\u00eb vler\u00eb q\u00eb varion nga 47.500 euro (5.8 milion\u00eb lek\u00eb t\u00eb reja) deri n\u00eb 57 mij\u00eb euro (7 milion\u00eb lek\u00eb t\u00eb reja) n\u00eb dit\u00eb.<\/p>\n<p>P\u00ebr rreth 4 muaj, laboratori \u201cIntermedica\u201d, vet\u00ebm p\u00ebr tamponin p\u00ebr Covid-19, ka ark\u00ebtuar nj\u00eb shif\u00ebr nga 68 milion\u00eb lek\u00eb t\u00eb reja deri n\u00eb 85 milion\u00eb lek\u00eb t\u00eb reja.\/BoldNews<\/p>\n","protected":false},"excerpt":{"rendered":"<p>Ashtu si\u00e7 ishte planifikuar, n\u00eb or\u00ebn 10:00, ka nisur seanca e par\u00eb e legjislatur\u00ebs s\u00eb XI-t\u00eb t\u00eb Kuvendit t\u00eb Shqip\u00ebris\u00eb, e dal\u00eb nga zgjedhjet parlamentare t\u00eb 11 majit. N\u00eb sall\u00eb jan\u00eb ulur 140 deputet\u00eb, mes tyre 72 q\u00eb hyjn\u00eb p\u00ebr her\u00eb t\u00eb par\u00eb. N\u00eb zgjedhjet e 11 Majit, PS arriti t\u00eb merrte 83 mandate, PD &hellip;<\/p>\n","protected":false},"author":4,"featured_media":123038,"comment_status":"closed","ping_status":"closed","sticky":false,"template":"","format":"standard","meta":{"footnotes":""},"categories":[37],"tags":[],"class_list":["post-123037","post","type-post","status-publish","format-standard","has-post-thumbnail","","category-politike"],"_links":{"self":[{"href":"https:\/\/rdnews.al\/index.php\/wp-json\/wp\/v2\/posts\/123037","targetHints":{"allow":["GET"]}}],"collection":[{"href":"https:\/\/rdnews.al\/index.php\/wp-json\/wp\/v2\/posts"}],"about":[{"href":"https:\/\/rdnews.al\/index.php\/wp-json\/wp\/v2\/types\/post"}],"author":[{"embeddable":true,"href":"https:\/\/rdnews.al\/index.php\/wp-json\/wp\/v2\/users\/4"}],"replies":[{"embeddable":true,"href":"https:\/\/rdnews.al\/index.php\/wp-json\/wp\/v2\/comments?post=123037"}],"version-history":[{"count":1,"href":"https:\/\/rdnews.al\/index.php\/wp-json\/wp\/v2\/posts\/123037\/revisions"}],"predecessor-version":[{"id":123039,"href":"https:\/\/rdnews.al\/index.php\/wp-json\/wp\/v2\/posts\/123037\/revisions\/123039"}],"wp:featuredmedia":[{"embeddable":true,"href":"https:\/\/rdnews.al\/index.php\/wp-json\/wp\/v2\/media\/123038"}],"wp:attachment":[{"href":"https:\/\/rdnews.al\/index.php\/wp-json\/wp\/v2\/media?parent=123037"}],"wp:term":[{"taxonomy":"category","embeddable":true,"href":"https:\/\/rdnews.al\/index.php\/wp-json\/wp\/v2\/categories?post=123037"},{"taxonomy":"post_tag","embeddable":true,"href":"https:\/\/rdnews.al\/index.php\/wp-json\/wp\/v2\/tags?post=123037"}],"curies":[{"name":"wp","href":"https:\/\/api.w.org\/{rel}","templated":true}]}}