{"id":123042,"date":"2025-09-12T08:38:05","date_gmt":"2025-09-12T08:38:05","guid":{"rendered":"https:\/\/rdnews.al\/?p=123042"},"modified":"2025-09-12T08:38:05","modified_gmt":"2025-09-12T08:38:05","slug":"berisha-kryesuesi-i-seances-nuk-lexoi-emrat-e-bajrit-dhe-gjokes-taulant-balla-urdheron-ti-nderpritet-fjala","status":"publish","type":"post","link":"https:\/\/rdnews.al\/index.php\/2025\/09\/12\/berisha-kryesuesi-i-seances-nuk-lexoi-emrat-e-bajrit-dhe-gjokes-taulant-balla-urdheron-ti-nderpritet-fjala\/","title":{"rendered":"Berisha: Kryesuesi i seanc\u00ebs nuk lexoi emrat e Bajrit dhe Gjok\u00ebs! Taulant Balla urdh\u00ebron t\u2019i nd\u00ebrpritet fjala"},"content":{"rendered":"<p>Kryetari i opozit\u00ebs, Sali Berisha, k\u00ebrkoi fjal\u00ebn n\u00eb seanc\u00ebn e par\u00eb t\u00eb Kuvendit, por n\u00eb m\u00ebnyr\u00eb t\u00eb paligjshme dhe brutale, fjala e tij u nd\u00ebrpre.<\/p>\n<p>\u201cKryesuesi i seanc\u00ebs nuk lexoi emrat e Bahri Bajrit, P\u00ebllumb Gjok\u00ebs. Nuk lexoi pra emrat e deputet\u00ebve t\u00eb v\u00ebrtet\u00eb t\u00eb partis\u00eb s\u00eb krimit, PS-s\u00eb, por vet\u00ebm prestanomet.<\/p>\n<p>Lexoi Lubi Ballukun, mbi t\u00eb cil\u00ebn&#8230;,\u201d tha Berisha.<\/p>\n<p>Por fjala e tij u nd\u00ebrpre pasi Taulant Balla urdh\u00ebroi drejtuesin e seanc\u00ebs, Vasil Llajo q\u00eb t\u2019i nd\u00ebrpriste fjal\u00ebn.<\/p>\n<p>N\u00eb k\u00ebt\u00eb m\u00ebnyr\u00eb, Kuvendi i ri e nis pun\u00ebn si i vjetri, duke diskriminuar opozit\u00ebn dhe duke i hequr asaj t\u00eb drejt\u00ebn m\u00eb t\u00eb r\u00ebnd\u00ebsishme, at\u00eb t\u00eb fjal\u00ebs.<\/p>\n","protected":false},"excerpt":{"rendered":"<p>Kryetari i opozit\u00ebs, Sali Berisha, k\u00ebrkoi fjal\u00ebn n\u00eb seanc\u00ebn e par\u00eb t\u00eb Kuvendit, por n\u00eb m\u00ebnyr\u00eb t\u00eb paligjshme dhe brutale, fjala e tij u nd\u00ebrpre. \u201cKryesuesi i seanc\u00ebs nuk lexoi emrat e Bahri Bajrit, P\u00ebllumb Gjok\u00ebs. Nuk lexoi pra emrat e deputet\u00ebve t\u00eb v\u00ebrtet\u00eb t\u00eb partis\u00eb s\u00eb krimit, PS-s\u00eb, por vet\u00ebm prestanomet. Lexoi Lubi Ballukun, &hellip;<\/p>\n","protected":false},"author":4,"featured_media":115288,"comment_status":"closed","ping_status":"closed","sticky":false,"template":"","format":"standard","meta":{"footnotes":""},"categories":[37],"tags":[],"class_list":["post-123042","post","type-post","status-publish","format-standard","has-post-thumbnail","","category-politike"],"_links":{"self":[{"href":"https:\/\/rdnews.al\/index.php\/wp-json\/wp\/v2\/posts\/123042","targetHints":{"allow":["GET"]}}],"collection":[{"href":"https:\/\/rdnews.al\/index.php\/wp-json\/wp\/v2\/posts"}],"about":[{"href":"https:\/\/rdnews.al\/index.php\/wp-json\/wp\/v2\/types\/post"}],"author":[{"embeddable":true,"href":"https:\/\/rdnews.al\/index.php\/wp-json\/wp\/v2\/users\/4"}],"replies":[{"embeddable":true,"href":"https:\/\/rdnews.al\/index.php\/wp-json\/wp\/v2\/comments?post=123042"}],"version-history":[{"count":1,"href":"https:\/\/rdnews.al\/index.php\/wp-json\/wp\/v2\/posts\/123042\/revisions"}],"predecessor-version":[{"id":123043,"href":"https:\/\/rdnews.al\/index.php\/wp-json\/wp\/v2\/posts\/123042\/revisions\/123043"}],"wp:featuredmedia":[{"embeddable":true,"href":"https:\/\/rdnews.al\/index.php\/wp-json\/wp\/v2\/media\/115288"}],"wp:attachment":[{"href":"https:\/\/rdnews.al\/index.php\/wp-json\/wp\/v2\/media?parent=123042"}],"wp:term":[{"taxonomy":"category","embeddable":true,"href":"https:\/\/rdnews.al\/index.php\/wp-json\/wp\/v2\/categories?post=123042"},{"taxonomy":"post_tag","embeddable":true,"href":"https:\/\/rdnews.al\/index.php\/wp-json\/wp\/v2\/tags?post=123042"}],"curies":[{"name":"wp","href":"https:\/\/api.w.org\/{rel}","templated":true}]}}